{"id":12719,"date":"2017-03-17T15:24:01","date_gmt":"2017-03-17T14:24:01","guid":{"rendered":"http:\/\/www.ades-grenoble.org\/wordpress\/?p=12719"},"modified":"2017-03-17T15:38:59","modified_gmt":"2017-03-17T14:38:59","slug":"chomage-dans-les-quartiers-politique-de-la-ville-qpv-de-la-metro","status":"publish","type":"post","link":"https:\/\/www.ades-grenoble.org\/wordpress\/2017\/03\/17\/chomage-dans-les-quartiers-politique-de-la-ville-qpv-de-la-metro\/","title":{"rendered":"Ch\u00f4mage dans les quartiers politique de la ville (QPV) de la M\u00e9tro"},"content":{"rendered":"<p style=\"text-align: justify;\"><img loading=\"lazy\" decoding=\"async\" class=\"size-medium wp-image-12478 alignleft\" src=\"http:\/\/www.ades-grenoble.org\/wordpress\/wp-content\/uploads\/2017\/01\/INSEE-300x96.jpg\" alt=\"\" width=\"300\" height=\"96\" srcset=\"https:\/\/www.ades-grenoble.org\/wordpress\/wp-content\/uploads\/2017\/01\/INSEE-300x96.jpg 300w, https:\/\/www.ades-grenoble.org\/wordpress\/wp-content\/uploads\/2017\/01\/INSEE-150x48.jpg 150w, https:\/\/www.ades-grenoble.org\/wordpress\/wp-content\/uploads\/2017\/01\/INSEE.jpg 400w\" sizes=\"auto, (max-width: 300px) 100vw, 300px\" \/>L\u2019INSEE a rendu public le nombre de demandeurs d\u2019emploi au 3<sup>\u00e8me<\/sup> trimestre 2016 dans l\u2019ensemble des quartiers prioritaires de la politique de la ville (QPV), des communes et des intercommunalit\u00e9s.<\/p>\n<p style=\"text-align: justify;\">Comme il fallait s\u2019y attendre, les QPV sont beaucoup plus touch\u00e9s par le ch\u00f4mage que les communes et les intercommunalit\u00e9s.<\/p>\n<p style=\"text-align: justify;\">Les QPV sont des territoires d\u00e9finis uniquement par un revenu m\u00e9dian (par unit\u00e9 de consommation) inf\u00e9rieur \u00e0 60 % du revenu m\u00e9dian de r\u00e9f\u00e9rence.<\/p>\n<p style=\"text-align: justify;\">Encore une fois les in\u00e9galit\u00e9s se cumulent lourdement\u00a0: tr\u00e8s faibles revenus et tr\u00e8s fort taux de ch\u00f4mage.<\/p>\n<p style=\"text-align: justify;\">Le taux d\u2019actifs \u00e0 Grenoble et dans la M\u00e9tro est de 48 % de la population. La moiti\u00e9 de la population peut pr\u00e9tendre \u00e0 un emploi.<\/p>\n<p style=\"text-align: justify;\"><!--more--><\/p>\n<table border=\"2\" width=\"80%\" align=\"center\" bgcolor=\"lightyellow\">\n<tbody>\n<tr>\n<td width=\"51\"><\/td>\n<td width=\"70\">Population 2013<\/td>\n<td width=\"70\">Population<\/p>\n<p>15-64 ans<\/td>\n<td width=\"51\">Actifs<\/td>\n<td width=\"51\">Actifs ayant un emploi<\/td>\n<td width=\"51\">Ch\u00f4meur<\/td>\n<td width=\"51\">Inactifs<\/td>\n<\/tr>\n<tr>\n<td width=\"51\">Grenoble<\/td>\n<td width=\"70\">\u00a0\u00a0\u00a0\u00a0\u00a0\u00a0 160 779<\/td>\n<td width=\"70\">\u00a0\u00a0\u00a0\u00a0\u00a0\u00a0 110 825<\/td>\n<td width=\"51\">70,1%<\/td>\n<td width=\"51\">59,4%<\/td>\n<td width=\"51\">10,6%<\/td>\n<td width=\"51\">29,9%<\/td>\n<\/tr>\n<tr>\n<td width=\"51\">M\u00e9tro<\/td>\n<td width=\"70\">\u00a0\u00a0\u00a0\u00a0\u00a0\u00a0 444 078<\/td>\n<td width=\"70\">\u00a0\u00a0\u00a0\u00a0\u00a0\u00a0 293 422<\/td>\n<td width=\"51\">71,9%<\/td>\n<td width=\"51\">63,0%<\/td>\n<td width=\"51\">8,9%<\/td>\n<td width=\"51\">29,1%<\/td>\n<\/tr>\n<\/tbody>\n<\/table>\n<p style=\"text-align: justify;\">Dans la m\u00e9tropole grenobloise il y a 10 QPV, 4 \u00e0 Grenoble, 3 \u00e0 Echirolles, un \u00e0 Fontaine, Pont de Claix et Saint Martin d\u2019H\u00e8res.<\/p>\n<p style=\"text-align: justify;\">Ces quartiers n\u2019ont pas les limites de quartiers IRIS de l\u2019INSEE et on n\u2019a pas toujours toutes les donn\u00e9es des recensements pour le QPV. Par exemple on n\u2019a pas acc\u00e8s \u00e0 la population active, mais seulement la population de chaque quartier (recensement de 2013). On a donc calcul\u00e9 les taux des demandeurs d\u2019emplois par rapport non pas \u00e0 la population active mais \u00e0 l\u2019ensemble de la population ce qui r\u00e9duit d\u2019un facteur deux environ les pourcentages qui auraient \u00e9t\u00e9 pris par rapport \u00e0 la population active.<\/p>\n<p style=\"text-align: justify;\">Pour les d\u00e9finitions des diff\u00e9rentes cat\u00e9gories de demandeurs d\u2019emploi, voir plus bas.<\/p>\n<p style=\"text-align: justify;\">Alors que le taux de demandeurs d\u2019emploi (par rapport \u00e0 la population) est de 9,2% et de 10,9% pour la M\u00e9tro et Grenoble, dans les QPV ce taux est de 16,1%. Les deux QPV o\u00f9 ce taux est le plus \u00e9lev\u00e9 (plus de 17 %) sont \u00e0 Echirolles Village-Sud et \u00e0 Grenoble le QPV Villeneuve- Village Olympique.<\/p>\n<p style=\"text-align: justify;\">Environ 90% des demandeurs d\u2019emploi sont dans les cat\u00e9gories A, B et C et 60 % sont dans la cat\u00e9gorie A, il y en a donc 30 % environ dans les cat\u00e9gories B et C<\/p>\n<p style=\"text-align: justify;\">Le taux de demandeurs d\u2019emploi de cat\u00e9gorie A par rapport au total des demandeurs d\u2019emploi est stable suivant les territoires environ de 60 \u00e0 65 %.<\/p>\n<p style=\"text-align: justify;\">Les demandeurs d\u2019emploi jeunes (moins de 26 ans) sont d\u2019environ 16 % de la totalit\u00e9 des demandeurs d\u2019emplois \u00e0 Grenoble, la M\u00e9tro et dans les QPV avec des taux variables selon les QPV. Donc le nombre de demandeurs jeunes est beaucoup plus important dans les QPV que dans les autres territoires puisque le nombre de demandeurs d\u2019emploi y est beaucoup plus important.<\/p>\n<p style=\"text-align: justify;\">L\u2019\u00e9volution sur un an du nombre de demandeurs d\u2019emplois (du 3<sup>\u00e9me<\/sup> trimestre 2015 au 3<sup>\u00e8me<\/sup> trimestre 2016) est plus importante dans les QPV (avec quelques exceptions) avec 4% alors qu\u2019\u00e0 Grenoble c\u2019est 3% et sur l\u2019ensemble de la M\u00e9tro de 2,3%.<\/p>\n<table border=\"2\" width=\"80%\" align=\"center\" bgcolor=\"lightyellow\">\n<tbody>\n<tr>\n<td width=\"92\">Communes<\/td>\n<td width=\"156\">Quartiers prioritaires<\/td>\n<td width=\"55\">% demandeurs d&#8217;emploi \/ population<\/td>\n<td width=\"55\">Taux de demandeurs d&#8217;emploi de cat\u00e9gorie A, B ou C<\/td>\n<td width=\"55\">Taux de demandeurs d&#8217;emploi de cat\u00e9gorie A<\/td>\n<td width=\"55\">Taux de demandeurs d&#8217;emploi de cat\u00e9gorie A, B ou C, <strong>ayant moins de 26 ans<\/strong><\/td>\n<td width=\"55\">\u00c9volution du nombre de demandeurs d\u2019emplois de 2015 \u00e0 2016<\/td>\n<\/tr>\n<tr>\n<td width=\"92\">\u00c9chirolles<\/td>\n<td width=\"156\">La Luire &#8211; Viscose<\/td>\n<td width=\"55\">16,7%<\/td>\n<td width=\"55\">92,5%<\/td>\n<td width=\"55\">65,2%<\/td>\n<td width=\"55\">17,2%<\/td>\n<td width=\"55\">12,0%<\/td>\n<\/tr>\n<tr>\n<td width=\"92\">\u00c9chirolles<\/td>\n<td width=\"156\">Essarts &#8211; Surieux<\/td>\n<td width=\"55\">16,0%<\/td>\n<td width=\"55\">92,5%<\/td>\n<td width=\"55\">65,6%<\/td>\n<td width=\"55\">15,4%<\/td>\n<td width=\"55\">6,7%<\/td>\n<\/tr>\n<tr>\n<td width=\"92\">\u00c9chirolles<\/td>\n<td width=\"156\">Village Sud<\/td>\n<td width=\"55\">17,8%<\/td>\n<td width=\"55\">91,7%<\/td>\n<td width=\"55\">67,7%<\/td>\n<td width=\"55\">11,2%<\/td>\n<td width=\"55\">7,8%<\/td>\n<\/tr>\n<tr>\n<td width=\"92\">Fontaine<\/td>\n<td width=\"156\">Alpes Mail Cachin<\/td>\n<td width=\"55\">13,1%<\/td>\n<td width=\"55\">91,0%<\/td>\n<td width=\"55\">60,9%<\/td>\n<td width=\"55\">15,4%<\/td>\n<td width=\"55\">0,8%<\/td>\n<\/tr>\n<tr>\n<td width=\"92\">Grenoble<\/td>\n<td width=\"156\">Mistral Lys Rouge Camine<\/td>\n<td width=\"55\">14,6%<\/td>\n<td width=\"55\">93,9%<\/td>\n<td width=\"55\">66,9%<\/td>\n<td width=\"55\">18,2%<\/td>\n<td width=\"55\">1,9%<\/td>\n<\/tr>\n<tr>\n<td width=\"92\">Grenoble<\/td>\n<td width=\"156\">Villeneuve &#8211; Village Olympique<\/td>\n<td width=\"55\">17,5%<\/td>\n<td width=\"55\">91,6%<\/td>\n<td width=\"55\">66,1%<\/td>\n<td width=\"55\">16,8%<\/td>\n<td width=\"55\">5,2%<\/td>\n<\/tr>\n<tr>\n<td width=\"92\">Grenoble<\/td>\n<td width=\"156\">Teisseire Abbaye Jouhaux Ch\u00e2telet<\/td>\n<td width=\"55\">15,2%<\/td>\n<td width=\"55\">92,3%<\/td>\n<td width=\"55\">64,9%<\/td>\n<td width=\"55\">16,1%<\/td>\n<td width=\"55\">-0,8%<\/td>\n<\/tr>\n<tr>\n<td width=\"92\">Grenoble<\/td>\n<td width=\"156\">Alma &#8211; Tr\u00e8s Clo\u00eetres &#8211; Chenoise<\/td>\n<td width=\"55\">16,2%<\/td>\n<td width=\"55\">88,5%<\/td>\n<td width=\"55\">62,3%<\/td>\n<td width=\"55\">9,4%<\/td>\n<td width=\"55\">0,8%<\/td>\n<\/tr>\n<tr>\n<td width=\"92\">Le Pont-de-Claix<\/td>\n<td width=\"156\">Iles De Mars Olympiades<\/td>\n<td width=\"55\">17,7%<\/td>\n<td width=\"55\">90,8%<\/td>\n<td width=\"55\">61,8%<\/td>\n<td width=\"55\">13,2%<\/td>\n<td width=\"55\">6,2%<\/td>\n<\/tr>\n<tr>\n<td width=\"92\">Saint-Martin-d&rsquo;H\u00e8res<\/td>\n<td width=\"156\">Renaudie &#8211; Champberton &#8211; La Plaine<\/td>\n<td width=\"55\">12,8%<\/td>\n<td width=\"55\">90,2%<\/td>\n<td width=\"55\">54,6%<\/td>\n<td width=\"55\">15,1%<\/td>\n<td width=\"55\">-4,5%<\/td>\n<\/tr>\n<tr>\n<td width=\"92\"><\/td>\n<td width=\"156\"><strong>Total QPV<\/strong><\/td>\n<td width=\"55\"><strong>16,1%<\/strong><\/td>\n<td width=\"55\"><strong>91,8%<\/strong><\/td>\n<td width=\"55\"><strong>64,8%<\/strong><\/td>\n<td width=\"55\"><strong>15,7%<\/strong><\/td>\n<td width=\"55\"><strong>4,0%<\/strong><\/td>\n<\/tr>\n<tr>\n<td width=\"92\"><\/td>\n<td width=\"156\"><strong>Grenoble<\/strong><\/td>\n<td width=\"55\"><strong>10,9%<\/strong><\/td>\n<td width=\"55\"><strong>89,4%<\/strong><\/td>\n<td width=\"55\"><strong>60,4%<\/strong><\/td>\n<td width=\"55\"><strong>15,5%<\/strong><\/td>\n<td width=\"55\"><strong>3,0%<\/strong><\/td>\n<\/tr>\n<tr>\n<td width=\"92\"><\/td>\n<td width=\"156\"><strong>M\u00e9tro<\/strong><\/td>\n<td width=\"55\"><strong>9,2%<\/strong><\/td>\n<td width=\"55\"><strong>89,1%<\/strong><\/td>\n<td width=\"55\"><strong>57,8%<\/strong><\/td>\n<td width=\"55\"><strong>16,3%<\/strong><\/td>\n<td width=\"55\"><strong>2,3%<\/strong><\/td>\n<\/tr>\n<\/tbody>\n<\/table>\n<p style=\"text-align: justify;\">\n<p style=\"text-align: justify;\">\n<p style=\"text-align: justify;\">Voil\u00e0 les d\u00e9finitions de l\u2019INSEE sur les diff\u00e9rentes cat\u00e9gories de demandeurs d\u2019emploi (au sens du recensement de la population)<\/p>\n<p style=\"text-align: justify;\"><em><u>La population active occup\u00e9e<\/u> (ou population active ayant un emploi) comprend, au sens du recensement de la population, les personnes qui d\u00e9clarent \u00eatre dans l&rsquo;une des situations suivantes :<\/em><\/p>\n<ul style=\"text-align: justify;\">\n<li><em>exercer une profession (salari\u00e9e ou non), m\u00eame \u00e0 temps partiel ;<\/em><\/li>\n<li><em>aider une personne dans son travail (m\u00eame sans r\u00e9mun\u00e9ration) ;<\/em><\/li>\n<li><em>\u00eatre apprenti, stagiaire r\u00e9mun\u00e9r\u00e9 ;<\/em><\/li>\n<li><em>\u00eatre ch\u00f4meur tout en exer\u00e7ant une activit\u00e9 r\u00e9duite ;<\/em><\/li>\n<li><em>\u00eatre \u00e9tudiant ou retrait\u00e9 mais occupant un emploi.<\/em><\/li>\n<\/ul>\n<p style=\"text-align: justify;\"><em><u>La population active<\/u> regroupe la population active occup\u00e9e et les ch\u00f4meurs.<\/em><\/p>\n<p style=\"text-align: justify;\"><em><u>Les demandeurs d&#8217;emploi<\/u> sont les personnes qui s&rsquo;inscrivent \u00e0 P\u00f4le Emploi. Ces demandeurs sont enregistr\u00e9s \u00e0 P\u00f4le Emploi dans diff\u00e9rentes cat\u00e9gories de demandes d&#8217;emploi en fonction de leur disponibilit\u00e9, du type de contrat recherch\u00e9 et de la quotit\u00e9 de temps de travail souhait\u00e9.<\/em><\/p>\n<ul>\n<li style=\"text-align: justify;\"><em>cat\u00e9gorie A : demandeurs d&#8217;emploi tenus de faire des actes positifs de recherche d&#8217;emploi, sans emploi ;<\/em><\/li>\n<li style=\"text-align: justify;\"><em>cat\u00e9gorie B : demandeurs d&#8217;emploi tenus de faire des actes positifs de recherche d&#8217;emploi, ayant exerc\u00e9 une activit\u00e9 r\u00e9duite courte (i.e. de 78 heures ou moins au cours du mois) ;<\/em><\/li>\n<li style=\"text-align: justify;\"><em>cat\u00e9gorie C : demandeurs d&#8217;emploi tenus de faire des actes positifs de\u00a0recherche d&#8217;emploi, ayant exerc\u00e9 une activit\u00e9 r\u00e9duite longue (i.e. plus de 78 heures au cours du mois) ;<\/em><\/li>\n<li style=\"text-align: justify;\"><em>cat\u00e9gorie D : demandeurs d&#8217;emploi non tenus de faire des actes positifs de recherche d&#8217;emploi (en raison d&rsquo;un stage, d&rsquo;une formation, d&rsquo;une maladie\u2026), y compris les demandeurs d&#8217;emploi en convention de reclassement personnalis\u00e9 (CRP), en contrat de transition professionnelle (CTP), sans emploi et en contrat de s\u00e9curisation professionnelle ;<\/em><\/li>\n<li style=\"text-align: justify;\"><em>cat\u00e9gorie E : demandeurs d&#8217;emploi non tenus de faire de actes positifs de recherche d&#8217;emploi, en emploi (par exemple : b\u00e9n\u00e9ficiaires de contrats aid\u00e9s).<\/em><\/li>\n<\/ul>\n<p>&nbsp;<\/p>\n","protected":false},"excerpt":{"rendered":"<p>L\u2019INSEE a rendu public le nombre de demandeurs d\u2019emploi au 3\u00e8me trimestre 2016 dans l\u2019ensemble des quartiers prioritaires de la politique de la ville (QPV), des communes et des intercommunalit\u00e9s. Comme il fallait s\u2019y attendre, les QPV sont beaucoup plus touch\u00e9s par le ch\u00f4mage que les communes et les intercommunalit\u00e9s. Les QPV sont des territoires [&hellip;]<\/p>\n","protected":false},"author":1,"featured_media":0,"comment_status":"closed","ping_status":"open","sticky":false,"template":"","format":"standard","meta":{"twitterCardType":"","cardImageID":0,"cardImage":"","cardTitle":"","cardDesc":"","cardImageAlt":"","cardPlayer":"","cardPlayerWidth":0,"cardPlayerHeight":0,"cardPlayerStream":"","cardPlayerCodec":"","footnotes":""},"categories":[62,11],"tags":[197,215,285],"class_list":["post-12719","post","type-post","status-publish","format-standard","hentry","category-le-rouge-le-vert-hebdo","category-politique-locale","tag-emploi","tag-grenoble","tag-insee"],"_links":{"self":[{"href":"https:\/\/www.ades-grenoble.org\/wordpress\/wp-json\/wp\/v2\/posts\/12719","targetHints":{"allow":["GET"]}}],"collection":[{"href":"https:\/\/www.ades-grenoble.org\/wordpress\/wp-json\/wp\/v2\/posts"}],"about":[{"href":"https:\/\/www.ades-grenoble.org\/wordpress\/wp-json\/wp\/v2\/types\/post"}],"author":[{"embeddable":true,"href":"https:\/\/www.ades-grenoble.org\/wordpress\/wp-json\/wp\/v2\/users\/1"}],"replies":[{"embeddable":true,"href":"https:\/\/www.ades-grenoble.org\/wordpress\/wp-json\/wp\/v2\/comments?post=12719"}],"version-history":[{"count":1,"href":"https:\/\/www.ades-grenoble.org\/wordpress\/wp-json\/wp\/v2\/posts\/12719\/revisions"}],"predecessor-version":[{"id":12720,"href":"https:\/\/www.ades-grenoble.org\/wordpress\/wp-json\/wp\/v2\/posts\/12719\/revisions\/12720"}],"wp:attachment":[{"href":"https:\/\/www.ades-grenoble.org\/wordpress\/wp-json\/wp\/v2\/media?parent=12719"}],"wp:term":[{"taxonomy":"category","embeddable":true,"href":"https:\/\/www.ades-grenoble.org\/wordpress\/wp-json\/wp\/v2\/categories?post=12719"},{"taxonomy":"post_tag","embeddable":true,"href":"https:\/\/www.ades-grenoble.org\/wordpress\/wp-json\/wp\/v2\/tags?post=12719"}],"curies":[{"name":"wp","href":"https:\/\/api.w.org\/{rel}","templated":true}]}}