{"id":12721,"date":"2017-03-17T15:27:42","date_gmt":"2017-03-17T14:27:42","guid":{"rendered":"http:\/\/www.ades-grenoble.org\/wordpress\/?p=12721"},"modified":"2017-03-17T15:39:06","modified_gmt":"2017-03-17T14:39:06","slug":"budgets-participatifs-pour-2018-cest-parti","status":"publish","type":"post","link":"https:\/\/www.ades-grenoble.org\/wordpress\/2017\/03\/17\/budgets-participatifs-pour-2018-cest-parti\/","title":{"rendered":"Budgets participatifs pour 2018, c\u2019est parti\u2026"},"content":{"rendered":"<p style=\"text-align: justify;\"><img loading=\"lazy\" decoding=\"async\" class=\"size-full wp-image-10384 alignleft\" src=\"http:\/\/www.ades-grenoble.org\/wordpress\/wp-content\/uploads\/2015\/06\/BudgetParticipatif.jpg\" alt=\"\" width=\"300\" height=\"300\" srcset=\"https:\/\/www.ades-grenoble.org\/wordpress\/wp-content\/uploads\/2015\/06\/BudgetParticipatif.jpg 300w, https:\/\/www.ades-grenoble.org\/wordpress\/wp-content\/uploads\/2015\/06\/BudgetParticipatif-150x150.jpg 150w, https:\/\/www.ades-grenoble.org\/wordpress\/wp-content\/uploads\/2015\/06\/BudgetParticipatif-144x144.jpg 144w\" sizes=\"auto, (max-width: 300px) 100vw, 300px\" \/>La troisi\u00e8me \u00e9dition des budgets participatifs est lanc\u00e9e. Vous avez jusqu\u2019au 17 avril 2017 pour proposer un projet d\u2019investissement qui vous semble int\u00e9ressant pour votre quartier ou pour la ville. Les Grenoblois de plus de 16 ans, quelle que soit leur nationalit\u00e9 peuvent proposer une id\u00e9e de r\u00e9alisation, qui r\u00e9ponde aux crit\u00e8res suivants\u00a0:<\/p>\n<ul>\n<li style=\"text-align: justify;\">\u00eatre d&rsquo;int\u00e9r\u00eat g\u00e9n\u00e9ral et \u00e0 vis\u00e9e collective<\/li>\n<li style=\"text-align: justify;\">concerner des d\u00e9penses d&rsquo;investissement<\/li>\n<li style=\"text-align: justify;\">avoir un co\u00fbt de r\u00e9alisation estim\u00e9 inf\u00e9rieur \u00e0 400 000 \u20ac au total pour le plus cher.<\/li>\n<\/ul>\n<p style=\"text-align: justify;\">Au total le co\u00fbt des projets ne devra pas d\u00e9passer les 800\u00a0000 \u20ac, car la ville ne peut pas aller au-del\u00e0 \u00e0 cause de l\u2019aust\u00e9rit\u00e9 gouvernementale qui lui est impos\u00e9e.<\/p>\n<p style=\"text-align: justify;\">Pour d\u00e9poser son id\u00e9e <a href=\"https:\/\/www.grenoble.fr\/666-depot-de-projet.htm\">voir ici en ligne<\/a> ou dans une Maison des Habitants. Il faut lire avec attention le r\u00e8glement pour ne pas r\u00e9pondre \u00e0 c\u00f4t\u00e9 des crit\u00e8res impos\u00e9s.<\/p>\n<p style=\"text-align: justify;\"><!--more--><\/p>\n<p style=\"text-align: justify;\">Voici le calendrier de cette nouvelle op\u00e9ration\u00a0tel qu\u2019indiqu\u00e9 sur le site de la ville<\/p>\n<p style=\"text-align: justify;\"><u>D\u00e9p\u00f4t des projets<\/u> \u2013 jusqu\u2019au 17 avril 2017<\/p>\n<p style=\"text-align: justify;\"><u>La Ruche : pr\u00e9-s\u00e9lection des projets<\/u> \u2013 le 13 mai 2017<br \/>\nLes porteurs de projet pr\u00e9sentent leurs id\u00e9es aux Grenoblois. 30 projets sont\u00a0pr\u00e9-s\u00e9lectionn\u00e9s.<\/p>\n<p style=\"text-align: justify;\"><u>Instruction des projets<\/u> \u2013 de mi-mai \u00e0 mi-ao\u00fbt 2017<br \/>\nLes projets pr\u00e9s\u00e9lectionn\u00e9s sont \u00e9tudi\u00e9s par les services de la Ville et de la M\u00e9tropole pour d\u00e9finir s&rsquo;ils sont techniquement, juridiquement et \u00e9conomiquement r\u00e9alisables. Une estimation du co\u00fbt est \u00e9galement r\u00e9alis\u00e9e pour d\u00e9finir s&rsquo;il s&rsquo;agit d&rsquo;un gros projet (sup\u00e9rieur \u00e0 200 000 \u20ac) ou d&rsquo;un petit projet (inf\u00e9rieur ou \u00e9gal \u00e0 200 000\u20ac).<\/p>\n<p style=\"text-align: justify;\">\n<strong><u>Une semaine pour voter<\/u> \u2013 du 10 au 14 octobre 2017<br \/>\n<\/strong>Les Grenoblois votent pour leurs projets pr\u00e9f\u00e9r\u00e9s dans les bureaux de vote ouverts dans la ville. Les laur\u00e9ats sont alors un gros projet et plusieurs petits projets. Ces derniers sont class\u00e9s en fonction du nombre de voix obtenues et du budget restant une fois d\u00e9duit le co\u00fbt du gros projet.<\/p>\n<p style=\"text-align: justify;\">\n<u>La r\u00e9alisation \u2013 2018<br \/>\n<\/u>La Ville met en \u0153uvre les projets vot\u00e9s, en collaboration avec les porteurs et les habitants des quartiers concern\u00e9s. Ils sortiront de terre courant 2018-2019.<\/p>\n","protected":false},"excerpt":{"rendered":"<p>La troisi\u00e8me \u00e9dition des budgets participatifs est lanc\u00e9e. Vous avez jusqu\u2019au 17 avril 2017 pour proposer un projet d\u2019investissement qui vous semble int\u00e9ressant pour votre quartier ou pour la ville. Les Grenoblois de plus de 16 ans, quelle que soit leur nationalit\u00e9 peuvent proposer une id\u00e9e de r\u00e9alisation, qui r\u00e9ponde aux crit\u00e8res suivants\u00a0: \u00eatre d&rsquo;int\u00e9r\u00eat [&hellip;]<\/p>\n","protected":false},"author":1,"featured_media":0,"comment_status":"closed","ping_status":"open","sticky":false,"template":"","format":"standard","meta":{"twitterCardType":"","cardImageID":0,"cardImage":"","cardTitle":"","cardDesc":"","cardImageAlt":"","cardPlayer":"","cardPlayerWidth":0,"cardPlayerHeight":0,"cardPlayerStream":"","cardPlayerCodec":"","footnotes":""},"categories":[62,11],"tags":[270,35,217],"class_list":["post-12721","post","type-post","status-publish","format-standard","hentry","category-le-rouge-le-vert-hebdo","category-politique-locale","tag-budget","tag-democratie-locale","tag-investissements"],"_links":{"self":[{"href":"https:\/\/www.ades-grenoble.org\/wordpress\/wp-json\/wp\/v2\/posts\/12721","targetHints":{"allow":["GET"]}}],"collection":[{"href":"https:\/\/www.ades-grenoble.org\/wordpress\/wp-json\/wp\/v2\/posts"}],"about":[{"href":"https:\/\/www.ades-grenoble.org\/wordpress\/wp-json\/wp\/v2\/types\/post"}],"author":[{"embeddable":true,"href":"https:\/\/www.ades-grenoble.org\/wordpress\/wp-json\/wp\/v2\/users\/1"}],"replies":[{"embeddable":true,"href":"https:\/\/www.ades-grenoble.org\/wordpress\/wp-json\/wp\/v2\/comments?post=12721"}],"version-history":[{"count":1,"href":"https:\/\/www.ades-grenoble.org\/wordpress\/wp-json\/wp\/v2\/posts\/12721\/revisions"}],"predecessor-version":[{"id":12722,"href":"https:\/\/www.ades-grenoble.org\/wordpress\/wp-json\/wp\/v2\/posts\/12721\/revisions\/12722"}],"wp:attachment":[{"href":"https:\/\/www.ades-grenoble.org\/wordpress\/wp-json\/wp\/v2\/media?parent=12721"}],"wp:term":[{"taxonomy":"category","embeddable":true,"href":"https:\/\/www.ades-grenoble.org\/wordpress\/wp-json\/wp\/v2\/categories?post=12721"},{"taxonomy":"post_tag","embeddable":true,"href":"https:\/\/www.ades-grenoble.org\/wordpress\/wp-json\/wp\/v2\/tags?post=12721"}],"curies":[{"name":"wp","href":"https:\/\/api.w.org\/{rel}","templated":true}]}}