{"id":12815,"date":"2017-04-07T14:57:45","date_gmt":"2017-04-07T12:57:45","guid":{"rendered":"http:\/\/www.ades-grenoble.org\/wordpress\/?p=12815"},"modified":"2017-04-07T15:01:25","modified_gmt":"2017-04-07T13:01:25","slug":"agenda-44","status":"publish","type":"post","link":"https:\/\/www.ades-grenoble.org\/wordpress\/2017\/04\/07\/agenda-44\/","title":{"rendered":"Agenda"},"content":{"rendered":"<p style=\"text-align: justify;\"><strong><img loading=\"lazy\" decoding=\"async\" class=\"size-medium wp-image-11126 alignleft\" src=\"http:\/\/www.ades-grenoble.org\/wordpress\/wp-content\/uploads\/2016\/01\/Conseil-Municipal-300x200.jpg\" alt=\"\" width=\"300\" height=\"200\" srcset=\"https:\/\/www.ades-grenoble.org\/wordpress\/wp-content\/uploads\/2016\/01\/Conseil-Municipal-300x200.jpg 300w, https:\/\/www.ades-grenoble.org\/wordpress\/wp-content\/uploads\/2016\/01\/Conseil-Municipal-150x100.jpg 150w, https:\/\/www.ades-grenoble.org\/wordpress\/wp-content\/uploads\/2016\/01\/Conseil-Municipal.jpg 400w\" sizes=\"auto, (max-width: 300px) 100vw, 300px\" \/>Lundi 10 avril \u00e0 18 h conseil municipal. <\/strong>Au menu, <a href=\"http:\/\/www.grenoble.fr\/agenda\/3648\/38-conseil-municipal-10-avril-2017.htm?periode=82968\" target=\"_blank\">63 d\u00e9lib\u00e9rations<\/a> en d\u00e9marrant par la politique de la ville \u00ab\u00a0<em>Contrat Ville 2017 : Programmation et soutien financier de la Ville de Grenoble\u00a0\u00bb <\/em>et se terminant par une d\u00e9lib\u00e9ration sur le domaine public \u00ab\u00a0<em>Palais des sports Pierre Mendes France : conventions d&rsquo;occupation du domaine public avec divers organisateurs de spectacles<\/em>\u00a0\u00bb.<\/p>\n<hr \/>\n<p style=\"text-align: justify;\"><strong>Du 8 avril au 1<sup>er<\/sup> mai, la <\/strong><strong>Foire des rameaux est de retour \u00e0 l\u2019<\/strong><strong>Esplanade.<\/strong> Ouverture tous les jours \u00e0 partir de 14h. Rappelons que c\u2019est gr\u00e2ce \u00e0 la nouvelle majorit\u00e9 municipale que la foire est maintenue \u00e0 Grenoble\u00a0: en effet le PLU modifi\u00e9 en d\u00e9cembre 2014 interdit les constructions sur la grande Esplanade, contrairement \u00e0 ce que pr\u00e9voyait l\u2019\u00e9quipe Destot-Safar.<\/p>\n<p style=\"text-align: justify;\"><strong>\u00a0<\/strong><\/p>\n","protected":false},"excerpt":{"rendered":"<p>Lundi 10 avril \u00e0 18 h conseil municipal. Au menu, 63 d\u00e9lib\u00e9rations en d\u00e9marrant par la politique de la ville \u00ab\u00a0Contrat Ville 2017 : Programmation et soutien financier de la Ville de Grenoble\u00a0\u00bb et se terminant par une d\u00e9lib\u00e9ration sur le domaine public \u00ab\u00a0Palais des sports Pierre Mendes France : conventions d&rsquo;occupation du domaine public [&hellip;]<\/p>\n","protected":false},"author":1,"featured_media":0,"comment_status":"closed","ping_status":"open","sticky":false,"template":"","format":"standard","meta":{"twitterCardType":"","cardImageID":0,"cardImage":"","cardTitle":"","cardDesc":"","cardImageAlt":"","cardPlayer":"","cardPlayerWidth":0,"cardPlayerHeight":0,"cardPlayerStream":"","cardPlayerCodec":"","footnotes":""},"categories":[62,11],"tags":[125],"class_list":["post-12815","post","type-post","status-publish","format-standard","hentry","category-le-rouge-le-vert-hebdo","category-politique-locale","tag-agenda"],"_links":{"self":[{"href":"https:\/\/www.ades-grenoble.org\/wordpress\/wp-json\/wp\/v2\/posts\/12815","targetHints":{"allow":["GET"]}}],"collection":[{"href":"https:\/\/www.ades-grenoble.org\/wordpress\/wp-json\/wp\/v2\/posts"}],"about":[{"href":"https:\/\/www.ades-grenoble.org\/wordpress\/wp-json\/wp\/v2\/types\/post"}],"author":[{"embeddable":true,"href":"https:\/\/www.ades-grenoble.org\/wordpress\/wp-json\/wp\/v2\/users\/1"}],"replies":[{"embeddable":true,"href":"https:\/\/www.ades-grenoble.org\/wordpress\/wp-json\/wp\/v2\/comments?post=12815"}],"version-history":[{"count":2,"href":"https:\/\/www.ades-grenoble.org\/wordpress\/wp-json\/wp\/v2\/posts\/12815\/revisions"}],"predecessor-version":[{"id":12817,"href":"https:\/\/www.ades-grenoble.org\/wordpress\/wp-json\/wp\/v2\/posts\/12815\/revisions\/12817"}],"wp:attachment":[{"href":"https:\/\/www.ades-grenoble.org\/wordpress\/wp-json\/wp\/v2\/media?parent=12815"}],"wp:term":[{"taxonomy":"category","embeddable":true,"href":"https:\/\/www.ades-grenoble.org\/wordpress\/wp-json\/wp\/v2\/categories?post=12815"},{"taxonomy":"post_tag","embeddable":true,"href":"https:\/\/www.ades-grenoble.org\/wordpress\/wp-json\/wp\/v2\/tags?post=12815"}],"curies":[{"name":"wp","href":"https:\/\/api.w.org\/{rel}","templated":true}]}}