{"id":12838,"date":"2017-04-14T17:19:28","date_gmt":"2017-04-14T15:19:28","guid":{"rendered":"http:\/\/www.ades-grenoble.org\/wordpress\/?p=12838"},"modified":"2017-04-14T18:12:17","modified_gmt":"2017-04-14T16:12:17","slug":"disparition-de-jean-paul-roux","status":"publish","type":"post","link":"https:\/\/www.ades-grenoble.org\/wordpress\/2017\/04\/14\/disparition-de-jean-paul-roux\/","title":{"rendered":"Disparition de Jean-Paul Roux"},"content":{"rendered":"<p style=\"text-align: justify;\"><img loading=\"lazy\" decoding=\"async\" class=\"size-medium wp-image-12839 alignleft\" src=\"http:\/\/www.ades-grenoble.org\/wordpress\/wp-content\/uploads\/2017\/04\/Jean-Paul-Roux-300x282.jpg\" alt=\"\" width=\"300\" height=\"282\" srcset=\"https:\/\/www.ades-grenoble.org\/wordpress\/wp-content\/uploads\/2017\/04\/Jean-Paul-Roux.jpg 300w, https:\/\/www.ades-grenoble.org\/wordpress\/wp-content\/uploads\/2017\/04\/Jean-Paul-Roux-150x141.jpg 150w\" sizes=\"auto, (max-width: 300px) 100vw, 300px\" \/>Entre 1995 et 2008, Jean-Paul Roux a \u00e9t\u00e9 un adjoint au maire de Grenoble repr\u00e9sentant le courant \u00ab\u00a0<em>chev\u00e8nementiste\u00a0<\/em>\u00bb militant au \u00ab\u00a0<em>Mouvement des Citoyens\u00a0<\/em>\u00bb qui se transformera plus tard en \u00ab\u00a0<em>Mouvement R\u00e9publicain et Citoyen\u00a0<\/em>\u00bb. Sous ces \u00e9tiquettes politiques, il sera candidat \u00e0 diff\u00e9rentes \u00e9lections \u00e0 Grenoble. Pour les \u00e9lections municipales, son mouvement fera toujours alliance avec le PS d\u00e8s le 1<sup>er<\/sup> tour.<\/p>\n<p style=\"text-align: justify;\">Entre 1995 et 2001 il a \u00e9t\u00e9 adjoint en charge du personnel et de l\u2019administration territoriale et entre 2001 et 2008 il est devenu adjoint en charge de la politique sociale et \u00e0 ce titre, vice-pr\u00e9sident du CCAS.<\/p>\n<p style=\"text-align: justify;\"><!--more--><\/p>\n<p style=\"text-align: justify;\">S\u2019il ne partageait pas nos valeurs \u00e9cologistes, par contre c\u2019\u00e9tait un alli\u00e9 fid\u00e8le avec de profondes convictions la\u00efques et r\u00e9publicaines. Il aura permis un renouvellement important des \u00e9quipements du CCAS et des centres sociaux et la cr\u00e9ation du centre d\u2019accueil intercommunal. Apr\u00e8s deux mandats municipaux il a d\u00e9cid\u00e9 qu\u2019il \u00e9tait normal de prendre du champ. Il repr\u00e9sentait la ville de Grenoble au sein du conseil de l\u2019ordre de la Lib\u00e9ration.<\/p>\n<p style=\"text-align: justify;\">L\u2019ADES pr\u00e9sente \u00e0 ses proches ses sinc\u00e8res condol\u00e9ances.<\/p>\n","protected":false},"excerpt":{"rendered":"<p>Entre 1995 et 2008, Jean-Paul Roux a \u00e9t\u00e9 un adjoint au maire de Grenoble repr\u00e9sentant le courant \u00ab\u00a0chev\u00e8nementiste\u00a0\u00bb militant au \u00ab\u00a0Mouvement des Citoyens\u00a0\u00bb qui se transformera plus tard en \u00ab\u00a0Mouvement R\u00e9publicain et Citoyen\u00a0\u00bb. Sous ces \u00e9tiquettes politiques, il sera candidat \u00e0 diff\u00e9rentes \u00e9lections \u00e0 Grenoble. Pour les \u00e9lections municipales, son mouvement fera toujours alliance avec [&hellip;]<\/p>\n","protected":false},"author":1,"featured_media":0,"comment_status":"closed","ping_status":"open","sticky":false,"template":"","format":"standard","meta":{"twitterCardType":"","cardImageID":0,"cardImage":"","cardTitle":"","cardDesc":"","cardImageAlt":"","cardPlayer":"","cardPlayerWidth":0,"cardPlayerHeight":0,"cardPlayerStream":"","cardPlayerCodec":"","footnotes":""},"categories":[62,11],"tags":[147],"class_list":["post-12838","post","type-post","status-publish","format-standard","hentry","category-le-rouge-le-vert-hebdo","category-politique-locale","tag-hommage"],"_links":{"self":[{"href":"https:\/\/www.ades-grenoble.org\/wordpress\/wp-json\/wp\/v2\/posts\/12838","targetHints":{"allow":["GET"]}}],"collection":[{"href":"https:\/\/www.ades-grenoble.org\/wordpress\/wp-json\/wp\/v2\/posts"}],"about":[{"href":"https:\/\/www.ades-grenoble.org\/wordpress\/wp-json\/wp\/v2\/types\/post"}],"author":[{"embeddable":true,"href":"https:\/\/www.ades-grenoble.org\/wordpress\/wp-json\/wp\/v2\/users\/1"}],"replies":[{"embeddable":true,"href":"https:\/\/www.ades-grenoble.org\/wordpress\/wp-json\/wp\/v2\/comments?post=12838"}],"version-history":[{"count":1,"href":"https:\/\/www.ades-grenoble.org\/wordpress\/wp-json\/wp\/v2\/posts\/12838\/revisions"}],"predecessor-version":[{"id":12840,"href":"https:\/\/www.ades-grenoble.org\/wordpress\/wp-json\/wp\/v2\/posts\/12838\/revisions\/12840"}],"wp:attachment":[{"href":"https:\/\/www.ades-grenoble.org\/wordpress\/wp-json\/wp\/v2\/media?parent=12838"}],"wp:term":[{"taxonomy":"category","embeddable":true,"href":"https:\/\/www.ades-grenoble.org\/wordpress\/wp-json\/wp\/v2\/categories?post=12838"},{"taxonomy":"post_tag","embeddable":true,"href":"https:\/\/www.ades-grenoble.org\/wordpress\/wp-json\/wp\/v2\/tags?post=12838"}],"curies":[{"name":"wp","href":"https:\/\/api.w.org\/{rel}","templated":true}]}}