{"id":12884,"date":"2017-04-21T16:49:24","date_gmt":"2017-04-21T14:49:24","guid":{"rendered":"http:\/\/www.ades-grenoble.org\/wordpress\/?p=12884"},"modified":"2017-04-21T17:06:20","modified_gmt":"2017-04-21T15:06:20","slug":"comment-apprecier-les-resultats-du-1er-tour-de-lelection-presidentielle-a-grenoble","status":"publish","type":"post","link":"https:\/\/www.ades-grenoble.org\/wordpress\/2017\/04\/21\/comment-apprecier-les-resultats-du-1er-tour-de-lelection-presidentielle-a-grenoble\/","title":{"rendered":"Comment appr\u00e9cier les r\u00e9sultats du 1er tour de l\u2019\u00e9lection pr\u00e9sidentielle \u00e0 Grenoble ?"},"content":{"rendered":"<p style=\"text-align: justify;\"><img loading=\"lazy\" decoding=\"async\" class=\"size-medium wp-image-12889 alignleft\" src=\"http:\/\/www.ades-grenoble.org\/wordpress\/wp-content\/uploads\/2017\/04\/vote-300x176.jpg\" alt=\"\" width=\"300\" height=\"176\" srcset=\"https:\/\/www.ades-grenoble.org\/wordpress\/wp-content\/uploads\/2017\/04\/vote-300x176.jpg 300w, https:\/\/www.ades-grenoble.org\/wordpress\/wp-content\/uploads\/2017\/04\/vote-150x88.jpg 150w, https:\/\/www.ades-grenoble.org\/wordpress\/wp-content\/uploads\/2017\/04\/vote.jpg 400w\" sizes=\"auto, (max-width: 300px) 100vw, 300px\" \/>\u00c0 l\u2019ADES nous avons pris l\u2019habitude d\u2019examiner les r\u00e9sultats des \u00e9lections en fonction de l\u2019\u00e9volution d\u2019\u00e9lectorats bien d\u00e9finis politiquement\u00a0: extr\u00eame droite, droite, (parfois centre droit), gauche PS, gauche PC ou Front de gauche, \u00e9cologistes, extr\u00eame gauche. Bon an, mal an, \u00e0 toutes les \u00e9lections locales ou nationales nous pouvions ranger les candidats dans ces cat\u00e9gories et regarder les \u00e9volutions, ainsi que l\u2019\u00e9volution de l\u2019abstention et des votes nuls (et blancs). Pour cette pr\u00e9sidentielle, il est quasiment impossible de ranger tous les candidats dans ces cat\u00e9gories habituelles, c\u2019est ce qui en fait son int\u00e9r\u00eat mais interroge sur les significations profondes du changement dans les votes.<\/p>\n<p style=\"text-align: justify;\">Pour que nos lecteurs puissent faire des comparaisons avec les \u00e9lections pr\u00e9sidentielles pr\u00e9c\u00e9dentes \u00e0 Grenoble nous en rappelons les r\u00e9sultats.<\/p>\n<p style=\"text-align: justify;\"><!--more-->En ce qui concerne la participation, Grenoble votait traditionnellement un peu plus que la moyenne nationale (environ 1 point de plus), mais en 2012 on observait une baisse relative (- 0,4 point) soit 79,1 % de participation.<\/p>\n<p style=\"text-align: justify;\">La participation varie beaucoup d\u2019un bureau de vote \u00e0 un autre et d\u00e9pend de la sociologie du bureau de vote. En 2012 le bureau qui avait la plus faible participation \u00e9tait celui de Mistral (62,3%) et celui de la plus forte participation, Berthe de Boissieux 4 (86,24 %). Les bureaux o\u00f9 cela votait moins \u00e9taient plus \u00e0 gauche que la moyenne grenobloise. Les r\u00e9sultats par bureaux de vote se trouvent sur le site de la ville <a href=\"http:\/\/www.grenoble.fr\/224-consultation-des-resultats-electoraux.htm\" target=\"_blank\" rel=\"noopener noreferrer\">ici<\/a>.<\/p>\n<p style=\"text-align: justify;\">Mais attention, il y a eu des red\u00e9coupages des bureaux de vote depuis quelques ann\u00e9es.<\/p>\n<p style=\"text-align: justify;\">Voici en pourcentages les r\u00e9sultats \u00e0 Grenoble et nationalement pour 2012<\/p>\n<table border=\"2\" width=\"100%\" align=\"center\" bgcolor=\"lightyellow\">\n<tbody>\n<tr>\n<td width=\"49\"><\/td>\n<td width=\"28\">Joly<\/td>\n<td width=\"33\">Le Pen<\/td>\n<td width=\"45\">Sarkozy<\/td>\n<td width=\"58\">M\u00e9lenchon<\/td>\n<td width=\"40\">Poutou<\/td>\n<td width=\"45\">Arthaud<\/td>\n<td width=\"59\">Cheminade<\/td>\n<td width=\"41\">Bayrou<\/td>\n<td width=\"42\">Dupont<br \/>\nAignan<\/td>\n<td width=\"49\">Hollande<\/td>\n<\/tr>\n<tr>\n<td width=\"49\"><strong>Grenoble<\/strong><\/td>\n<td width=\"28\">4,97<\/td>\n<td width=\"33\">10,83<\/td>\n<td width=\"45\">21,33<\/td>\n<td width=\"58\">15,41<\/td>\n<td width=\"40\">0,88<\/td>\n<td width=\"45\">0,47<\/td>\n<td width=\"59\">0,25<\/td>\n<td width=\"41\">8,29<\/td>\n<td width=\"42\">1,25<\/td>\n<td width=\"49\">36,31<\/td>\n<\/tr>\n<tr>\n<td width=\"49\"><strong>France<\/strong><\/td>\n<td width=\"28\">2,31<\/td>\n<td width=\"33\">17,9<\/td>\n<td width=\"45\">27,18<\/td>\n<td width=\"58\">11,11<\/td>\n<td width=\"40\">1,15<\/td>\n<td width=\"45\">0,56<\/td>\n<td width=\"59\">0,25<\/td>\n<td width=\"41\">9,13<\/td>\n<td width=\"42\">1,79<\/td>\n<td width=\"49\">28,63<\/td>\n<\/tr>\n<\/tbody>\n<\/table>\n<p style=\"text-align: justify;\">Le Front National faisait beaucoup moins qu\u2019au plan national. De m\u00eame Sarkozy avait un score faible \u00e0 Grenoble, contrairement \u00e0 M\u00e9lenchon et Hollande. Bayrou faisait un peu moins que nationalement. En 2007 Bayrou faisait 19,7 % \u00e0 Grenoble soit un point de plus qu\u2019au niveau national.<\/p>\n<p style=\"text-align: justify;\">En 2012 Hollande faisait exactement le m\u00eame pourcentage \u00e0 Grenoble que S. Royal en 2007 (36,31%), alors que nationalement il faisait presque 3 points de plus. C\u2019\u00e9tait une petite indication que le PS amor\u00e7ait d\u00e9j\u00e0 un recul sur Grenoble.<\/p>\n<p style=\"text-align: justify;\">Il faut donc s\u2019attendre \u00e0 ce que le FN progresse \u00e0 Grenoble mais avec un niveau nettement plus faible que nationalement. Fillon devrait faire un score faible (la droite dure n\u2019est pas aim\u00e9e ici), par contre M\u00e9lenchon devrait faire un score important. Les inconnues \u00e9tant les scores de Macron et de Hamon et \u00e9videmment le niveau de la participation.<\/p>\n<p style=\"text-align: justify;\">Qui fera le meilleur score \u00e0 Grenoble, Macron, M\u00e9lenchon\u00a0?<\/p>\n","protected":false},"excerpt":{"rendered":"<p>\u00c0 l\u2019ADES nous avons pris l\u2019habitude d\u2019examiner les r\u00e9sultats des \u00e9lections en fonction de l\u2019\u00e9volution d\u2019\u00e9lectorats bien d\u00e9finis politiquement\u00a0: extr\u00eame droite, droite, (parfois centre droit), gauche PS, gauche PC ou Front de gauche, \u00e9cologistes, extr\u00eame gauche. Bon an, mal an, \u00e0 toutes les \u00e9lections locales ou nationales nous pouvions ranger les candidats dans ces cat\u00e9gories [&hellip;]<\/p>\n","protected":false},"author":1,"featured_media":0,"comment_status":"closed","ping_status":"open","sticky":false,"template":"","format":"standard","meta":{"twitterCardType":"","cardImageID":0,"cardImage":"","cardTitle":"","cardDesc":"","cardImageAlt":"","cardPlayer":"","cardPlayerWidth":0,"cardPlayerHeight":0,"cardPlayerStream":"","cardPlayerCodec":"","footnotes":""},"categories":[62,11],"tags":[143,68],"class_list":["post-12884","post","type-post","status-publish","format-standard","hentry","category-le-rouge-le-vert-hebdo","category-politique-locale","tag-ades","tag-analyses-electorales"],"_links":{"self":[{"href":"https:\/\/www.ades-grenoble.org\/wordpress\/wp-json\/wp\/v2\/posts\/12884","targetHints":{"allow":["GET"]}}],"collection":[{"href":"https:\/\/www.ades-grenoble.org\/wordpress\/wp-json\/wp\/v2\/posts"}],"about":[{"href":"https:\/\/www.ades-grenoble.org\/wordpress\/wp-json\/wp\/v2\/types\/post"}],"author":[{"embeddable":true,"href":"https:\/\/www.ades-grenoble.org\/wordpress\/wp-json\/wp\/v2\/users\/1"}],"replies":[{"embeddable":true,"href":"https:\/\/www.ades-grenoble.org\/wordpress\/wp-json\/wp\/v2\/comments?post=12884"}],"version-history":[{"count":3,"href":"https:\/\/www.ades-grenoble.org\/wordpress\/wp-json\/wp\/v2\/posts\/12884\/revisions"}],"predecessor-version":[{"id":12890,"href":"https:\/\/www.ades-grenoble.org\/wordpress\/wp-json\/wp\/v2\/posts\/12884\/revisions\/12890"}],"wp:attachment":[{"href":"https:\/\/www.ades-grenoble.org\/wordpress\/wp-json\/wp\/v2\/media?parent=12884"}],"wp:term":[{"taxonomy":"category","embeddable":true,"href":"https:\/\/www.ades-grenoble.org\/wordpress\/wp-json\/wp\/v2\/categories?post=12884"},{"taxonomy":"post_tag","embeddable":true,"href":"https:\/\/www.ades-grenoble.org\/wordpress\/wp-json\/wp\/v2\/tags?post=12884"}],"curies":[{"name":"wp","href":"https:\/\/api.w.org\/{rel}","templated":true}]}}