{"id":12920,"date":"2017-05-05T19:19:51","date_gmt":"2017-05-05T17:19:51","guid":{"rendered":"http:\/\/www.ades-grenoble.org\/wordpress\/?p=12920"},"modified":"2017-05-05T20:31:38","modified_gmt":"2017-05-05T18:31:38","slug":"faciliter-lacces-au-logement-social-dans-lagglomeration-grace-au-ppgd","status":"publish","type":"post","link":"https:\/\/www.ades-grenoble.org\/wordpress\/2017\/05\/05\/faciliter-lacces-au-logement-social-dans-lagglomeration-grace-au-ppgd\/","title":{"rendered":"Faciliter l\u2019acc\u00e8s au logement social dans l\u2019agglom\u00e9ration gr\u00e2ce au PPGD"},"content":{"rendered":"<p style=\"text-align: justify;\"><img loading=\"lazy\" decoding=\"async\" class=\"size-medium wp-image-8502 alignleft\" src=\"http:\/\/www.ades-grenoble.org\/wordpress\/wp-content\/uploads\/2014\/05\/logoMetro-300x277.png\" alt=\"\" width=\"300\" height=\"277\" \/>La M\u00e9tropole et les bailleurs sociaux viennent d\u2019adopter un plan partenarial de gestion de la demande de logement social et d\u2019information des demandeurs (PPGD), qui vise \u00e0 faciliter l\u2019acc\u00e8s au logement social. Il met en place d\u2019un service d\u2019accueil et d\u2019information \u00e9tendu \u00e0 l\u2019ensemble des 49 communes de la M\u00e9tropole, et la possibilit\u00e9 donn\u00e9e \u00e0 partir de juillet 2017 aux demandeurs, de candidater par internet sur les logements sociaux de leur choix (location dite \u00ab\u00a0<em>active\u00a0<\/em>\u00bb ou \u00ab\u00a0<em>voulue\u00a0<\/em>\u00bb). Un des <em>enjeux c\u2019est de donner de la visibilit\u00e9 aux offres de logements et de raccourcir les d\u00e9lais d\u2019instruction\u00a0<\/em>\u00bb\u00a0; cela devrait limiter les refus (actuellement une offre sur trois est refus\u00e9e par le demandeur).<\/p>\n<p style=\"text-align: justify;\">Pour connaitre les lieux d\u2019accueil (mairies, CCAS, p\u00f4le habitat social des bailleurs), consulter les annonces, voir sur le site de la M\u00e9tro <a href=\"http:\/\/www.lametro.fr\/126-logement-social-grenoble.htm\" target=\"_blank\" rel=\"noopener noreferrer\">ici<\/a>.<\/p>\n<p style=\"text-align: justify;\"><!--more--><\/p>\n<p style=\"text-align: justify;\"><em>\u00ab\u00a0D\u00e9sormais, pour enregistrer une demande de logement social, un dossier unique suffit<\/em><em>\u00a0aupr\u00e8s d\u2019un seul guichet. Ce dossier permet ensuite d&rsquo;acc\u00e9der \u00e0 un logement dans l\u2019ensemble des communes de la M\u00e9tropole et chez l\u2019ensemble des bailleurs sociaux. Que cela soit dans la commune de r\u00e9sidence du demandeur, celle o\u00f9 il travaille ou bien celle o\u00f9 il souhaite habiter.<\/em><\/p>\n<p style=\"text-align: justify;\"><em>Et sur le territoire m\u00e9tropolitain, 13% des demandes se font d\u00e9j\u00e0 en ligne\u00a0<\/em><em>via le site\u00a0<a href=\"http:\/\/www.demande-logement-social.gouv.fr\/\">www.demande-logement-social.gouv.fr<\/a>. Le suivi du dossier pourra donc \u00e9galement se faire en ligne \u00e0 partir du 15 mai. Et le demandeur peut d\u2019ores et d\u00e9j\u00e0 scanner lui-m\u00eame des pi\u00e8ces n\u00e9cessaires \u00e0 l\u2019attribution, et les d\u00e9poser dans son espace personnel.\u00a0\u00bb<\/em><\/p>\n","protected":false},"excerpt":{"rendered":"<p>La M\u00e9tropole et les bailleurs sociaux viennent d\u2019adopter un plan partenarial de gestion de la demande de logement social et d\u2019information des demandeurs (PPGD), qui vise \u00e0 faciliter l\u2019acc\u00e8s au logement social. Il met en place d\u2019un service d\u2019accueil et d\u2019information \u00e9tendu \u00e0 l\u2019ensemble des 49 communes de la M\u00e9tropole, et la possibilit\u00e9 donn\u00e9e \u00e0 [&hellip;]<\/p>\n","protected":false},"author":1,"featured_media":0,"comment_status":"closed","ping_status":"open","sticky":false,"template":"","format":"standard","meta":{"twitterCardType":"","cardImageID":0,"cardImage":"","cardTitle":"","cardDesc":"","cardImageAlt":"","cardPlayer":"","cardPlayerWidth":0,"cardPlayerHeight":0,"cardPlayerStream":"","cardPlayerCodec":"","footnotes":""},"categories":[62,11],"tags":[66,32,33],"class_list":["post-12920","post","type-post","status-publish","format-standard","hentry","category-le-rouge-le-vert-hebdo","category-politique-locale","tag-logement","tag-metro","tag-social"],"_links":{"self":[{"href":"https:\/\/www.ades-grenoble.org\/wordpress\/wp-json\/wp\/v2\/posts\/12920","targetHints":{"allow":["GET"]}}],"collection":[{"href":"https:\/\/www.ades-grenoble.org\/wordpress\/wp-json\/wp\/v2\/posts"}],"about":[{"href":"https:\/\/www.ades-grenoble.org\/wordpress\/wp-json\/wp\/v2\/types\/post"}],"author":[{"embeddable":true,"href":"https:\/\/www.ades-grenoble.org\/wordpress\/wp-json\/wp\/v2\/users\/1"}],"replies":[{"embeddable":true,"href":"https:\/\/www.ades-grenoble.org\/wordpress\/wp-json\/wp\/v2\/comments?post=12920"}],"version-history":[{"count":1,"href":"https:\/\/www.ades-grenoble.org\/wordpress\/wp-json\/wp\/v2\/posts\/12920\/revisions"}],"predecessor-version":[{"id":12921,"href":"https:\/\/www.ades-grenoble.org\/wordpress\/wp-json\/wp\/v2\/posts\/12920\/revisions\/12921"}],"wp:attachment":[{"href":"https:\/\/www.ades-grenoble.org\/wordpress\/wp-json\/wp\/v2\/media?parent=12920"}],"wp:term":[{"taxonomy":"category","embeddable":true,"href":"https:\/\/www.ades-grenoble.org\/wordpress\/wp-json\/wp\/v2\/categories?post=12920"},{"taxonomy":"post_tag","embeddable":true,"href":"https:\/\/www.ades-grenoble.org\/wordpress\/wp-json\/wp\/v2\/tags?post=12920"}],"curies":[{"name":"wp","href":"https:\/\/api.w.org\/{rel}","templated":true}]}}