{"id":12986,"date":"2017-05-19T15:50:59","date_gmt":"2017-05-19T13:50:59","guid":{"rendered":"http:\/\/www.ades-grenoble.org\/wordpress\/?p=12986"},"modified":"2017-05-19T16:56:16","modified_gmt":"2017-05-19T14:56:16","slug":"la-clause-moliere-illegale-suivant-le-gouvernement","status":"publish","type":"post","link":"https:\/\/www.ades-grenoble.org\/wordpress\/2017\/05\/19\/la-clause-moliere-illegale-suivant-le-gouvernement\/","title":{"rendered":"La \u00ab clause Moli\u00e8re \u00bb, ill\u00e9gale suivant le gouvernement"},"content":{"rendered":"<p style=\"text-align: justify;\"><img loading=\"lazy\" decoding=\"async\" class=\"size-medium wp-image-12987 alignleft\" src=\"http:\/\/www.ades-grenoble.org\/wordpress\/wp-content\/uploads\/2017\/05\/AURA-300x59.jpg\" alt=\"\" width=\"300\" height=\"59\" srcset=\"https:\/\/www.ades-grenoble.org\/wordpress\/wp-content\/uploads\/2017\/05\/AURA-300x59.jpg 300w, https:\/\/www.ades-grenoble.org\/wordpress\/wp-content\/uploads\/2017\/05\/AURA-150x29.jpg 150w, https:\/\/www.ades-grenoble.org\/wordpress\/wp-content\/uploads\/2017\/05\/AURA.jpg 400w\" sizes=\"auto, (max-width: 300px) 100vw, 300px\" \/>Une circulaire interminist\u00e9rielle du 27 avril aux pr\u00e9fets vient en renfort de nombreux \u00e9lus et citoyens qui protestaient contre des d\u00e9cisions prises par certaines collectivit\u00e9s (dont la R\u00e9gion Auvergne Rh\u00f4ne Alpes) pour imposer la clause dite \u00ab\u00a0Moli\u00e8re\u00a0\u00bb dans les concessions ou les march\u00e9s publics. Cette clause cherche \u00e0 imposer l&rsquo;obligation de parler ou de comprendre le fran\u00e7ais \u00e0 l&rsquo;\u00e9gard des ressortissants de l&rsquo;Union europ\u00e9enne, des \u00e9trangers qui ne s&rsquo;installent pas durablement en France, ainsi que des salari\u00e9s d\u00e9tach\u00e9s. Ce type de cause est discriminatoire et contraire au code du travail.<\/p>\n<p style=\"text-align: justify;\">A noter qu\u2019un d\u00e9cret vient de para\u00eetre qui renforce<strong> la lutte contre le travail d\u00e9tach\u00e9 ill\u00e9gal<\/strong> en modifiant le code du travail et dont l\u2019application entre en vigueur le 1<sup>er<\/sup> juillet 2017. Le maitre d\u2019ouvrage ou le donneur d\u2019ordre devra notamment, avant le d\u00e9but de chaque d\u00e9tachement sur le territoire national, demander au sous-traitant ou \u00e0 l\u2019entreprise de travail temporaire \u00e9tablis \u00e0 l\u2019\u00e9tranger, une copie de la d\u00e9claration de d\u00e9tachement. Le d\u00e9cret renforce les pouvoirs de sanction du pr\u00e9fet.<\/p>\n<p style=\"text-align: justify;\"><!--more-->La circulaire rappelle \u00e0 propos de la clause Moli\u00e8re\u00a0:<\/p>\n<p style=\"text-align: justify;\"><em>\u00ab\u00a0L&rsquo;article L. 5221-3 du code du travail dispose: \u00ab L&rsquo;\u00e9tranger qui souhaite entrer en France en vue d&rsquo;y exercer une profession salari\u00e9e et qui manifeste la volont\u00e9 de s&rsquo;y installer durablement atteste d&rsquo;une connaissance suffisante de la langue fran\u00e7aise sanctionn\u00e9e par une validation des acquis de l&rsquo;exp\u00e9rience ou s&rsquo;engage \u00e0 l&rsquo;acqu\u00e9rir apr\u00e8s son installation en France \u00bb, A ce titre, l&rsquo;article L. 5221-1 du m\u00eame code pr\u00e9cise que ces dispositions sont applicables, sous r\u00e9serve de celles des trait\u00e9s, conventions ou accords r\u00e9guli\u00e8rement ratifi\u00e9s ou approuv\u00e9s et publi\u00e9s, et notamment des trait\u00e9s instituant les communaut\u00e9s europ\u00e9ennes ainsi que de celles des actes des autorit\u00e9s de ces communaut\u00e9s pris pour l&rsquo;application de ces trait\u00e9s.<\/em><\/p>\n<p style=\"text-align: justify;\"><em>Il ressort de ces dispositions que le code du travail n&rsquo;impose pas l&rsquo;obligation de parler ou de comprendre le fran\u00e7ais \u00e0 l&rsquo;\u00e9gard des ressortissants de l&rsquo;Union europ\u00e9enne, des \u00e9trangers qui ne s&rsquo;installent pas durablement en France, ainsi que des salari\u00e9s d\u00e9tach\u00e9s\u2026<\/em><\/p>\n<p style=\"text-align: justify;\"><em>L&rsquo;article L. 1262-4-5 du code du travail pr\u00e9voit au contraire que sur les grands chantiers du b\u00e2timent (ceux qui sont assujettis \u00e0 l&rsquo;obligation de mettre en place un coll\u00e8ge inter-entreprise de sant\u00e9 et de s\u00e9curit\u00e9 au travail), le ma\u00eetre d&rsquo;ouvrage porte \u00e0 la connaissance des salari\u00e9s d\u00e9tach\u00e9s, par voie d&rsquo;affichage sur les lieux de travail, les informations sur la r\u00e9glementation qui leur est applicable. Ces informations doivent \u00eatre facilement accessibles et traduites dans l&rsquo;une des langues officielles parl\u00e9es dans chacun des Etats d&rsquo;appartenance des salari\u00e9s d\u00e9tach\u00e9s. <\/em><\/p>\n<p style=\"text-align: justify;\"><em>Les collectivit\u00e9s qui adoptent de telles d\u00e9lib\u00e9rations vont par cons\u00e9quent au-del\u00e0 de ce que le l\u00e9gislateur a pr\u00e9vu. En tout \u00e9tat de cause, les dispositions du code du travail s&rsquo;imposent aux entreprises, sans qu&rsquo;il appartienne aux stipulations du march\u00e9 public ou du contrat de concession de les confirmer<\/em><\/p>\n<p style=\"text-align: justify;\"><em>Au regard des r\u00e8gles applicables \u00e0 la commande publique, imposer de fa\u00e7on syst\u00e9matique la ma\u00eetrise de la langue fran\u00e7aise pour l&rsquo;ex\u00e9cution d&rsquo;un march\u00e9 public ou d&rsquo;un contrat de concession constitue une violation du principe de non-discrimination qui gouverne la passation desdits contrats, qu&rsquo;une telle obligation figure dans une d\u00e9lib\u00e9ration ou dans les clauses contractuelles. Les actes obligeant les entreprises \u00e0 respecter de telles conditions pr\u00e9sentent un caract\u00e8re discriminatoire et portent une atteinte non justifi\u00e9e au principe d&rsquo;\u00e9gal acc\u00e8s \u00e0 la commande publique. Par ailleurs, de telles d\u00e9lib\u00e9rations pourraient caract\u00e9riser un d\u00e9tournement de pouvoir si le but av\u00e9r\u00e9 de ces actes \u00e9tait d&rsquo;accorder la priorit\u00e9 aux entreprises locales ou d&rsquo;exclure des travailleurs \u00e9trangers et non la bonne ex\u00e9cution du march\u00e9 public ou du contrat de concession\u2026\u00a0\u00bb\u00a0<\/em><\/p>\n<p style=\"text-align: justify;\">La circulaire conclut\u00a0: <em>\u00ab\u00a0Au total, les \u00ab clauses \u00bb pr\u00e9c\u00e9demment d\u00e9crites sont ill\u00e9gales et vous les traiterez comme telles, qu&rsquo;il s&rsquo;agisse de d\u00e9lib\u00e9rations pr\u00e9voyant de tels dispositifs ou de march\u00e9s publics ou contrats de concession contenant ces clauses.\u00a0\u00bb<\/em><\/p>\n<p style=\"text-align: justify;\">Pour lire la circulaire, cliquez <a href=\"http:\/\/circulaires.legifrance.gouv.fr\/pdf\/2017\/05\/cir_42125.pdf\" target=\"_blank\" rel=\"noopener noreferrer\">ici<\/a>.<em><br \/>\n<\/em><\/p>\n<hr \/>\n<p style=\"text-align: justify;\">D\u00e9cret n\u00b0 2017-825 du 5 mai 2017 relatif au renforcement des r\u00e8gles visant \u00e0 lutter contre les prestations de services internationales ill\u00e9gales.<\/p>\n<p style=\"text-align: justify;\"><em>\u00ab\u00a0Le d\u00e9cret renforce les obligations des ma\u00eetres d&rsquo;ouvrages et des donneurs d&rsquo;ordre lorsque ceux-ci ont recours \u00e0 une prestation de services internationale. Il d\u00e9termine les conditions dans lesquelles s&rsquo;exerce la responsabilit\u00e9 du ma\u00eetre d&rsquo;ouvrage sur toute sa cha\u00eene de sous-traitance en mati\u00e8re de respect de l&rsquo;obligation de d\u00e9claration pr\u00e9alable du d\u00e9tachement par son sous-traitant \u00e9tabli \u00e0 l&rsquo;\u00e9tranger. Il pr\u00e9cise les modalit\u00e9s de la d\u00e9claration par le ma\u00eetre d&rsquo;ouvrage d&rsquo;un accident du travail d&rsquo;un salari\u00e9 d\u00e9tach\u00e9, ainsi que les modalit\u00e9s de l&rsquo;obligation d&rsquo;affichage sur les chantiers mise \u00e0 la charge du ma\u00eetre d&rsquo;ouvrage. Il d\u00e9termine les modalit\u00e9s selon lesquelles l&rsquo;entreprise utilisatrice \u00e9tablie \u00e0 l&rsquo;\u00e9tranger d\u00e9clare avoir inform\u00e9 l&rsquo;entreprise de travail temporaire \u00e9galement \u00e9tablie \u00e0 l&rsquo;\u00e9tranger du d\u00e9tachement en France d&rsquo;un ou plusieurs salari\u00e9s de cette derni\u00e8re.<br \/>\nLe d\u00e9cret d\u00e9taille \u00e9galement les conditions selon lesquelles est mise en \u0153uvre la suspension de la prestation de services en cas de non-d\u00e9claration de d\u00e9tachement. Il pr\u00e9cise les modalit\u00e9s d&rsquo;application de la sanction de cessation d&rsquo;activit\u00e9 d&rsquo;une entreprise sur un chantier autre que celui sur lequel l&rsquo;infraction a \u00e9t\u00e9 commise.<br \/>\nIl d\u00e9termine les caract\u00e9ristiques du document d&rsquo;information devant \u00eatre remis au salari\u00e9 d\u00e9tach\u00e9 en m\u00eame temps que sa carte d&rsquo;identification professionnelle dans le BTP, ainsi que les informations devant figurer sur les d\u00e9clarations pr\u00e9alables de d\u00e9tachement.<br \/>\nEnfin, dans le secteur des transports, le d\u00e9cret apporte plusieurs pr\u00e9cisions et adaptations quant aux formalit\u00e9s et obligations applicables dans le cadre du d\u00e9tachement de salari\u00e9s.\u00a0\u00bb<\/em><\/p>\n<p style=\"text-align: justify;\">Pour lire le d\u00e9cret, cliquez <a href=\"https:\/\/www.legifrance.gouv.fr\/eli\/decret\/2017\/5\/5\/ETST1634085D\/jo\/texte\" target=\"_blank\" rel=\"noopener noreferrer\">ici<\/a>.<\/p>\n","protected":false},"excerpt":{"rendered":"<p>Une circulaire interminist\u00e9rielle du 27 avril aux pr\u00e9fets vient en renfort de nombreux \u00e9lus et citoyens qui protestaient contre des d\u00e9cisions prises par certaines collectivit\u00e9s (dont la R\u00e9gion Auvergne Rh\u00f4ne Alpes) pour imposer la clause dite \u00ab\u00a0Moli\u00e8re\u00a0\u00bb dans les concessions ou les march\u00e9s publics. Cette clause cherche \u00e0 imposer l&rsquo;obligation de parler ou de comprendre [&hellip;]<\/p>\n","protected":false},"author":1,"featured_media":0,"comment_status":"closed","ping_status":"open","sticky":false,"template":"","format":"standard","meta":{"twitterCardType":"","cardImageID":0,"cardImage":"","cardTitle":"","cardDesc":"","cardImageAlt":"","cardPlayer":"","cardPlayerWidth":0,"cardPlayerHeight":0,"cardPlayerStream":"","cardPlayerCodec":"","footnotes":""},"categories":[62,11],"tags":[79,180,206,197],"class_list":["post-12986","post","type-post","status-publish","format-standard","hentry","category-le-rouge-le-vert-hebdo","category-politique-locale","tag-conseil-regional","tag-discriminations","tag-droit","tag-emploi"],"_links":{"self":[{"href":"https:\/\/www.ades-grenoble.org\/wordpress\/wp-json\/wp\/v2\/posts\/12986","targetHints":{"allow":["GET"]}}],"collection":[{"href":"https:\/\/www.ades-grenoble.org\/wordpress\/wp-json\/wp\/v2\/posts"}],"about":[{"href":"https:\/\/www.ades-grenoble.org\/wordpress\/wp-json\/wp\/v2\/types\/post"}],"author":[{"embeddable":true,"href":"https:\/\/www.ades-grenoble.org\/wordpress\/wp-json\/wp\/v2\/users\/1"}],"replies":[{"embeddable":true,"href":"https:\/\/www.ades-grenoble.org\/wordpress\/wp-json\/wp\/v2\/comments?post=12986"}],"version-history":[{"count":2,"href":"https:\/\/www.ades-grenoble.org\/wordpress\/wp-json\/wp\/v2\/posts\/12986\/revisions"}],"predecessor-version":[{"id":12989,"href":"https:\/\/www.ades-grenoble.org\/wordpress\/wp-json\/wp\/v2\/posts\/12986\/revisions\/12989"}],"wp:attachment":[{"href":"https:\/\/www.ades-grenoble.org\/wordpress\/wp-json\/wp\/v2\/media?parent=12986"}],"wp:term":[{"taxonomy":"category","embeddable":true,"href":"https:\/\/www.ades-grenoble.org\/wordpress\/wp-json\/wp\/v2\/categories?post=12986"},{"taxonomy":"post_tag","embeddable":true,"href":"https:\/\/www.ades-grenoble.org\/wordpress\/wp-json\/wp\/v2\/tags?post=12986"}],"curies":[{"name":"wp","href":"https:\/\/api.w.org\/{rel}","templated":true}]}}