{"id":12995,"date":"2017-05-19T16:11:31","date_gmt":"2017-05-19T14:11:31","guid":{"rendered":"http:\/\/www.ades-grenoble.org\/wordpress\/?p=12995"},"modified":"2017-05-19T16:56:55","modified_gmt":"2017-05-19T14:56:55","slug":"hebergements-touristiques-a-grenoble-et-dans-la-metropole","status":"publish","type":"post","link":"https:\/\/www.ades-grenoble.org\/wordpress\/2017\/05\/19\/hebergements-touristiques-a-grenoble-et-dans-la-metropole\/","title":{"rendered":"H\u00e9bergements touristiques \u00e0 Grenoble et dans la m\u00e9tropole"},"content":{"rendered":"<p style=\"text-align: justify;\"><img loading=\"lazy\" decoding=\"async\" class=\"size-medium wp-image-12478 alignleft\" src=\"http:\/\/www.ades-grenoble.org\/wordpress\/wp-content\/uploads\/2017\/01\/INSEE-300x96.jpg\" alt=\"\" width=\"300\" height=\"96\" srcset=\"https:\/\/www.ades-grenoble.org\/wordpress\/wp-content\/uploads\/2017\/01\/INSEE-300x96.jpg 300w, https:\/\/www.ades-grenoble.org\/wordpress\/wp-content\/uploads\/2017\/01\/INSEE-150x48.jpg 150w, https:\/\/www.ades-grenoble.org\/wordpress\/wp-content\/uploads\/2017\/01\/INSEE.jpg 400w\" sizes=\"auto, (max-width: 300px) 100vw, 300px\" \/>L\u2019INSEE a publi\u00e9 les h\u00e9bergements touristiques \u00e0 Grenoble dans la m\u00e9tropole au 1<sup>er<\/sup> janvier 2017. Il s\u2019agit du nombre des h\u00f4tels et de leur capacit\u00e9 en fonction de leurs cat\u00e9gories, du nombre et les capacit\u00e9s des campings et des r\u00e9sidences de tourisme, des villages vacances et des auberges de jeunesses\u2026<\/p>\n<p style=\"text-align: justify;\">Comme cela avait \u00e9t\u00e9 not\u00e9 lors de la candidature \u00e0 la candidature aux Jeux Olympiques d\u2019hiver 2018, il y a un manque de capacit\u00e9s h\u00f4teli\u00e8res \u00e0 Grenoble et dans l\u2019agglom\u00e9ration, ce qui est un handicap pour certaines manifestations de grande ampleur.<\/p>\n<p style=\"text-align: justify;\"><strong>Nombre et capacit\u00e9 des h\u00f4tels <\/strong>au 1er janvier 2017<!--more--><\/p>\n<table border=\"2\" width=\"50%\" align=\"center\" bgcolor=\"lightyellow\">\n<tbody>\n<tr>\n<td width=\"60\"><\/td>\n<td colspan=\"2\" width=\"60\">M\u00e9tro<\/td>\n<td colspan=\"2\" width=\"60\">Grenoble<\/td>\n<\/tr>\n<tr>\n<td width=\"60\"><\/td>\n<td width=\"60\">H\u00f4tels<\/td>\n<td width=\"60\">Chambres<\/td>\n<td width=\"60\">H\u00f4tels<\/td>\n<td width=\"60\">Chambres<\/td>\n<\/tr>\n<tr>\n<td width=\"60\">Ensemble<\/td>\n<td width=\"60\">68<\/td>\n<td width=\"60\">3346<\/td>\n<td width=\"60\">32<\/td>\n<td width=\"60\">1912<\/td>\n<\/tr>\n<tr>\n<td width=\"60\">1 \u00e9toile<\/td>\n<td width=\"60\">4<\/td>\n<td width=\"60\">261<\/td>\n<td width=\"60\">1<\/td>\n<td width=\"60\">40<\/td>\n<\/tr>\n<tr>\n<td width=\"60\">2 \u00e9toiles<\/td>\n<td width=\"60\">16<\/td>\n<td width=\"60\">861<\/td>\n<td width=\"60\">10<\/td>\n<td width=\"60\">553<\/td>\n<\/tr>\n<tr>\n<td width=\"60\">3 \u00e9toiles<\/td>\n<td width=\"60\">26<\/td>\n<td width=\"60\">1269<\/td>\n<td width=\"60\">12<\/td>\n<td width=\"60\">628<\/td>\n<\/tr>\n<tr>\n<td width=\"60\">4 \u00e9toiles<\/td>\n<td width=\"60\">10<\/td>\n<td width=\"60\">772<\/td>\n<td width=\"60\">7<\/td>\n<td width=\"60\">637<\/td>\n<\/tr>\n<tr>\n<td width=\"60\">5 \u00e9toiles<\/td>\n<td width=\"60\">0<\/td>\n<td width=\"60\">0<\/td>\n<td width=\"60\">0<\/td>\n<td width=\"60\">0<\/td>\n<\/tr>\n<tr>\n<td width=\"60\">Non class\u00e9<\/td>\n<td width=\"60\">12<\/td>\n<td width=\"60\">183<\/td>\n<td width=\"60\">2<\/td>\n<td width=\"60\">54<\/td>\n<\/tr>\n<\/tbody>\n<\/table>\n<p style=\"text-align: justify;\"><strong>Nombre et capacit\u00e9s des campings <\/strong>au 1<sup>er<\/sup> janvier 2017. Il n\u2019y en pas \u00e0 Grenoble<\/p>\n<table border=\"2\" width=\"50%\" align=\"center\" bgcolor=\"lightyellow\">\n<tbody>\n<tr>\n<td width=\"143\">Campings<\/td>\n<td colspan=\"2\" width=\"60\">M\u00e9tro<\/td>\n<\/tr>\n<tr>\n<td width=\"143\"><\/td>\n<td width=\"60\">Terrains<\/td>\n<td width=\"60\">Emplacements<\/td>\n<\/tr>\n<tr>\n<td width=\"143\">Ensemble<\/td>\n<td width=\"60\">6<\/td>\n<td width=\"60\">373<\/td>\n<\/tr>\n<tr>\n<td width=\"143\">1 \u00e9toile<\/td>\n<td width=\"60\">0<\/td>\n<td width=\"60\">0<\/td>\n<\/tr>\n<tr>\n<td width=\"143\">2 \u00e9toiles<\/td>\n<td width=\"60\">1<\/td>\n<td width=\"60\">64<\/td>\n<\/tr>\n<tr>\n<td width=\"143\">3 \u00e9toiles<\/td>\n<td width=\"60\">2<\/td>\n<td width=\"60\">211<\/td>\n<\/tr>\n<tr>\n<td width=\"143\">4 \u00e9toiles<\/td>\n<td width=\"60\">0<\/td>\n<td width=\"60\">0<\/td>\n<\/tr>\n<tr>\n<td width=\"143\">5 \u00e9toiles<\/td>\n<td width=\"60\">0<\/td>\n<td width=\"60\">0<\/td>\n<\/tr>\n<tr>\n<td width=\"143\">Non class\u00e9<\/td>\n<td width=\"60\">3<\/td>\n<td width=\"60\">98<\/td>\n<\/tr>\n<\/tbody>\n<\/table>\n<p style=\"text-align: justify;\"><strong>Nombre d&rsquo;autres h\u00e9bergements collectifs<\/strong> au 1er janvier 2017\u00a0:<\/p>\n<table border=\"2\" width=\"50%\" align=\"center\" bgcolor=\"lightyellow\">\n<tbody>\n<tr>\n<td width=\"143\"><\/td>\n<td colspan=\"2\" width=\"60\">M\u00e9tro<\/td>\n<td colspan=\"2\" width=\"60\">Grenoble<\/td>\n<\/tr>\n<tr>\n<td width=\"143\"><\/td>\n<td width=\"60\">H\u00e9bergement<\/td>\n<td width=\"60\">Nombre de places lit (1)<\/td>\n<td width=\"60\">H\u00e9bergement<\/td>\n<td width=\"60\">Nombre de places lit (1)<\/td>\n<\/tr>\n<tr>\n<td width=\"143\">Ensemble<\/td>\n<td width=\"60\">13<\/td>\n<td width=\"60\">2623<\/td>\n<td width=\"60\">9<\/td>\n<td width=\"60\">2037<\/td>\n<\/tr>\n<tr>\n<td width=\"143\">R\u00e9sidence de tourisme et h\u00e9bergements assimil\u00e9s<\/td>\n<td width=\"60\">11<\/td>\n<td width=\"60\">2395<\/td>\n<td width=\"60\">9<\/td>\n<td width=\"60\">2037<\/td>\n<\/tr>\n<tr>\n<td width=\"143\">Village vacances &#8211; Maison familiale<\/td>\n<td width=\"60\">1<\/td>\n<td width=\"60\">102<\/td>\n<td width=\"60\">0<\/td>\n<td width=\"60\">0<\/td>\n<\/tr>\n<tr>\n<td width=\"143\">Auberge de jeunesse &#8211; Centre sportif<\/td>\n<td width=\"60\">1<\/td>\n<td width=\"60\">126<\/td>\n<td width=\"60\">0<\/td>\n<td width=\"60\">0<\/td>\n<\/tr>\n<\/tbody>\n<\/table>\n<p style=\"text-align: center;\"><strong>\u00a0<\/strong>(1) chambres, appartements, dortoirs&#8230;<\/p>\n<p style=\"text-align: justify;\"><strong>Pour lire l&rsquo;\u00e9tude de l&rsquo;INSEE, cliquez <a href=\"https:\/\/www.insee.fr\/fr\/statistiques\/zones\/2659704?geo=EPCI-200040715+COM-38185&amp;debut=0&amp;q=tourisme\" target=\"_blank\" rel=\"noopener noreferrer\">ici<\/a>.<\/strong><\/p>\n","protected":false},"excerpt":{"rendered":"<p>L\u2019INSEE a publi\u00e9 les h\u00e9bergements touristiques \u00e0 Grenoble dans la m\u00e9tropole au 1er janvier 2017. Il s\u2019agit du nombre des h\u00f4tels et de leur capacit\u00e9 en fonction de leurs cat\u00e9gories, du nombre et les capacit\u00e9s des campings et des r\u00e9sidences de tourisme, des villages vacances et des auberges de jeunesses\u2026 Comme cela avait \u00e9t\u00e9 not\u00e9 [&hellip;]<\/p>\n","protected":false},"author":1,"featured_media":0,"comment_status":"closed","ping_status":"open","sticky":false,"template":"","format":"standard","meta":{"twitterCardType":"","cardImageID":0,"cardImage":"","cardTitle":"","cardDesc":"","cardImageAlt":"","cardPlayer":"","cardPlayerWidth":0,"cardPlayerHeight":0,"cardPlayerStream":"","cardPlayerCodec":"","footnotes":""},"categories":[62,11],"tags":[202,215,285,32],"class_list":["post-12995","post","type-post","status-publish","format-standard","hentry","category-le-rouge-le-vert-hebdo","category-politique-locale","tag-commerce","tag-grenoble","tag-insee","tag-metro"],"_links":{"self":[{"href":"https:\/\/www.ades-grenoble.org\/wordpress\/wp-json\/wp\/v2\/posts\/12995","targetHints":{"allow":["GET"]}}],"collection":[{"href":"https:\/\/www.ades-grenoble.org\/wordpress\/wp-json\/wp\/v2\/posts"}],"about":[{"href":"https:\/\/www.ades-grenoble.org\/wordpress\/wp-json\/wp\/v2\/types\/post"}],"author":[{"embeddable":true,"href":"https:\/\/www.ades-grenoble.org\/wordpress\/wp-json\/wp\/v2\/users\/1"}],"replies":[{"embeddable":true,"href":"https:\/\/www.ades-grenoble.org\/wordpress\/wp-json\/wp\/v2\/comments?post=12995"}],"version-history":[{"count":2,"href":"https:\/\/www.ades-grenoble.org\/wordpress\/wp-json\/wp\/v2\/posts\/12995\/revisions"}],"predecessor-version":[{"id":12997,"href":"https:\/\/www.ades-grenoble.org\/wordpress\/wp-json\/wp\/v2\/posts\/12995\/revisions\/12997"}],"wp:attachment":[{"href":"https:\/\/www.ades-grenoble.org\/wordpress\/wp-json\/wp\/v2\/media?parent=12995"}],"wp:term":[{"taxonomy":"category","embeddable":true,"href":"https:\/\/www.ades-grenoble.org\/wordpress\/wp-json\/wp\/v2\/categories?post=12995"},{"taxonomy":"post_tag","embeddable":true,"href":"https:\/\/www.ades-grenoble.org\/wordpress\/wp-json\/wp\/v2\/tags?post=12995"}],"curies":[{"name":"wp","href":"https:\/\/api.w.org\/{rel}","templated":true}]}}