{"id":13001,"date":"2017-05-19T16:37:00","date_gmt":"2017-05-19T14:37:00","guid":{"rendered":"http:\/\/www.ades-grenoble.org\/wordpress\/?p=13001"},"modified":"2017-05-19T16:57:16","modified_gmt":"2017-05-19T14:57:16","slug":"la-bastille-une-zone-naturelle-a-proteger","status":"publish","type":"post","link":"https:\/\/www.ades-grenoble.org\/wordpress\/2017\/05\/19\/la-bastille-une-zone-naturelle-a-proteger\/","title":{"rendered":"La Bastille, une zone naturelle \u00e0 prot\u00e9ger"},"content":{"rendered":"<p><img loading=\"lazy\" decoding=\"async\" class=\"size-medium wp-image-11286 alignleft\" src=\"http:\/\/www.ades-grenoble.org\/wordpress\/wp-content\/uploads\/2016\/02\/Bastille-300x229.jpg\" alt=\"\" width=\"300\" height=\"229\" srcset=\"https:\/\/www.ades-grenoble.org\/wordpress\/wp-content\/uploads\/2016\/02\/Bastille-300x229.jpg 300w, https:\/\/www.ades-grenoble.org\/wordpress\/wp-content\/uploads\/2016\/02\/Bastille-150x114.jpg 150w, https:\/\/www.ades-grenoble.org\/wordpress\/wp-content\/uploads\/2016\/02\/Bastille.jpg 400w\" sizes=\"auto, (max-width: 300px) 100vw, 300px\" \/>Les Grenoblois ont vu que deux grands terrains, appartenant \u00e0 la famille Gras, propri\u00e9taire du restaurant en haut de la Bastille, ont fait l\u2019objet d\u2019une intervention importante pour y planter des vignes apr\u00e8s d\u00e9frichement.<\/p>\n<p>Des associations de d\u00e9fense de l\u2019environnement et de la biodiversit\u00e9 ainsi que des habitants ont alert\u00e9 la ville de Grenoble sur une possible infraction aux r\u00e8gles de protection de ce site remarquable.<\/p>\n<p>D\u00e8s que le propri\u00e9taire des parcelles a fait savoir son intention, il y a plus d\u2019un an, les services de la mairie lui ont signal\u00e9 qu\u2019il devait se soumettre \u00e0 des formalit\u00e9s administratives avant d\u2019effectuer un d\u00e9frichement pour une plantation de vignes. Notamment il faut assurer une insertion paysag\u00e8re conforme aux prescriptions, l\u2019absence d\u2019utilisation de produits chimiques et le respect du biotope. Toute intervention sur ces terrains est soumise \u00e0 une autorisation pr\u00e9alable apr\u00e8s consultation de l\u2019architecte des b\u00e2timents de France.<\/p>\n<p>Le propri\u00e9taire n\u2019a pas suivi ces proc\u00e9dures et se trouve donc en infraction et un proc\u00e8s-verbal lui a \u00e9t\u00e9 adress\u00e9.<\/p>\n<p><!--more--><\/p>\n<p>En effet, la Bastille est une zone prot\u00e9g\u00e9e de Site Patrimonial Remarquable (SPR) indiqu\u00e9 dans l\u2019Aire de Mise en Valeur de l\u2019Architecture et du Patrimoine (AVAP) qui prot\u00e8ge cette zone d\u2019espace naturel. Ces terrains sont d\u00e9finis comme R\u00e9servoir de biodiversit\u00e9 par le Sch\u00e9ma de Coh\u00e9rence Territorial (SCOT) et se trouvent en Zone Naturelle d\u2019int\u00e9r\u00eat \u00e9cologique, faunistique et floristique (ZNIEFF type I).<\/p>\n<p>Le propri\u00e9taire des terrains est en infraction et doit rapidement d\u00e9poser un dossier pr\u00e9sentant l\u2019ensemble des am\u00e9nagements envisag\u00e9s et les travaux doivent \u00eatre arr\u00eat\u00e9s en attendant une autorisation s\u2019il respecte les r\u00e8gles qui s\u2019imposent.<\/p>\n<p>Retrouver des vignes sur la Bastille n\u2019est pas en soi inint\u00e9ressant (en esp\u00e9rant que le vin y sera de qualit\u00e9), mais tout ceci doit se faire dans les r\u00e8gles qui s\u2019imposent \u00e0 tous.<\/p>\n<p>Une autre irr\u00e9gularit\u00e9 se fait jour pr\u00e8s du restaurant \u00ab\u00a0<em>le P\u00e8r&rsquo;Gras<\/em>\u00a0\u00bb. Il s\u2019agit d\u2019une servitude de passage tr\u00e8s ancienne sur le \u00ab\u00a0<em>Chemin de la Procession<\/em>\u00a0\u00bb qui part de la Vierge Noire \u00e0 la Tronche et m\u00e8ne \u00e0 la Bastille. Le propri\u00e9taire du restaurant n\u2019a pas maintenu ce passage pr\u00e8s du restaurant. Les promeneurs sont oblig\u00e9s de suivre un d\u00e9tournement qui est moins praticable car \u00e9troit et qui peut \u00eatre tr\u00e8s glissant s\u2019il pleut. Il faudrait que la mairie examine avec le propri\u00e9taire comment r\u00e9soudre au mieux cette question.<\/p>\n","protected":false},"excerpt":{"rendered":"<p>Les Grenoblois ont vu que deux grands terrains, appartenant \u00e0 la famille Gras, propri\u00e9taire du restaurant en haut de la Bastille, ont fait l\u2019objet d\u2019une intervention importante pour y planter des vignes apr\u00e8s d\u00e9frichement. Des associations de d\u00e9fense de l\u2019environnement et de la biodiversit\u00e9 ainsi que des habitants ont alert\u00e9 la ville de Grenoble sur [&hellip;]<\/p>\n","protected":false},"author":1,"featured_media":0,"comment_status":"closed","ping_status":"open","sticky":false,"template":"","format":"standard","meta":{"twitterCardType":"","cardImageID":0,"cardImage":"","cardTitle":"","cardDesc":"","cardImageAlt":"","cardPlayer":"","cardPlayerWidth":0,"cardPlayerHeight":0,"cardPlayerStream":"","cardPlayerCodec":"","footnotes":""},"categories":[62,11],"tags":[145,175,65],"class_list":["post-13001","post","type-post","status-publish","format-standard","hentry","category-le-rouge-le-vert-hebdo","category-politique-locale","tag-biodiversite","tag-environnement","tag-urbanisme"],"_links":{"self":[{"href":"https:\/\/www.ades-grenoble.org\/wordpress\/wp-json\/wp\/v2\/posts\/13001","targetHints":{"allow":["GET"]}}],"collection":[{"href":"https:\/\/www.ades-grenoble.org\/wordpress\/wp-json\/wp\/v2\/posts"}],"about":[{"href":"https:\/\/www.ades-grenoble.org\/wordpress\/wp-json\/wp\/v2\/types\/post"}],"author":[{"embeddable":true,"href":"https:\/\/www.ades-grenoble.org\/wordpress\/wp-json\/wp\/v2\/users\/1"}],"replies":[{"embeddable":true,"href":"https:\/\/www.ades-grenoble.org\/wordpress\/wp-json\/wp\/v2\/comments?post=13001"}],"version-history":[{"count":1,"href":"https:\/\/www.ades-grenoble.org\/wordpress\/wp-json\/wp\/v2\/posts\/13001\/revisions"}],"predecessor-version":[{"id":13002,"href":"https:\/\/www.ades-grenoble.org\/wordpress\/wp-json\/wp\/v2\/posts\/13001\/revisions\/13002"}],"wp:attachment":[{"href":"https:\/\/www.ades-grenoble.org\/wordpress\/wp-json\/wp\/v2\/media?parent=13001"}],"wp:term":[{"taxonomy":"category","embeddable":true,"href":"https:\/\/www.ades-grenoble.org\/wordpress\/wp-json\/wp\/v2\/categories?post=13001"},{"taxonomy":"post_tag","embeddable":true,"href":"https:\/\/www.ades-grenoble.org\/wordpress\/wp-json\/wp\/v2\/tags?post=13001"}],"curies":[{"name":"wp","href":"https:\/\/api.w.org\/{rel}","templated":true}]}}