{"id":13011,"date":"2017-05-26T14:27:46","date_gmt":"2017-05-26T12:27:46","guid":{"rendered":"http:\/\/www.ades-grenoble.org\/wordpress\/?p=13011"},"modified":"2017-05-26T15:38:49","modified_gmt":"2017-05-26T13:38:49","slug":"le-plan-national-de-reduction-des-emissions-de-polluants-atmospheriques-est-arrete","status":"publish","type":"post","link":"https:\/\/www.ades-grenoble.org\/wordpress\/2017\/05\/26\/le-plan-national-de-reduction-des-emissions-de-polluants-atmospheriques-est-arrete\/","title":{"rendered":"Le plan national de r\u00e9duction des \u00e9missions de polluants atmosph\u00e9riques est arr\u00eat\u00e9"},"content":{"rendered":"<p style=\"text-align: justify;\"><img loading=\"lazy\" decoding=\"async\" class=\"size-medium wp-image-9002 alignleft\" src=\"http:\/\/www.ades-grenoble.org\/wordpress\/wp-content\/uploads\/2014\/09\/JO1-300x141.jpg\" alt=\"\" width=\"300\" height=\"141\" srcset=\"https:\/\/www.ades-grenoble.org\/wordpress\/wp-content\/uploads\/2014\/09\/JO1-300x141.jpg 300w, https:\/\/www.ades-grenoble.org\/wordpress\/wp-content\/uploads\/2014\/09\/JO1-150x70.jpg 150w, https:\/\/www.ades-grenoble.org\/wordpress\/wp-content\/uploads\/2014\/09\/JO1.jpg 400w\" sizes=\"auto, (max-width: 300px) 100vw, 300px\" \/>Afin d&rsquo;am\u00e9liorer la qualit\u00e9 de l&rsquo;air et de r\u00e9duire l&rsquo;exposition des populations aux pollutions atmosph\u00e9riques, la loi du 17 ao\u00fbt 2015 imposait que le gouvernement fixe les objectifs de r\u00e9duction des \u00e9missions anthropiques de polluants atmosph\u00e9riques pour les ann\u00e9es 2020 \u00e0 2024, 2025 \u00e0 2029, et \u00e0 partir de 2030. Ces objectifs de diminution doivent \u00eatre fix\u00e9s par rapport au niveau des \u00e9missions de 2005.<\/p>\n<p style=\"text-align: justify;\">Ceci est pr\u00e9cis\u00e9 dans le r\u00e9cent d\u00e9cret (n\u00b0 2017-949 du 10 mai 2017) qui fixe les objectifs nationaux de r\u00e9duction des \u00e9missions de certains polluants atmosph\u00e9riques\u00a0: dioxyde de soufre (SO2), oxydes d&rsquo;azote (NOx), compos\u00e9s organiques volatils autres que le m\u00e9thane (COVNM), ammoniac (NH3), particules fines (PM2,5).<\/p>\n<p style=\"text-align: justify;\">Ces objectifs et les actions du plan national de r\u00e9duction des \u00e9missions de polluants atmosph\u00e9riques doivent \u00eatre maintenant pris en compte dans les sch\u00e9mas r\u00e9gionaux du climat, de l&rsquo;air et de l&rsquo;\u00e9nergie ou dans les sch\u00e9mas r\u00e9gionaux et dans les plans de protection de l&rsquo;atmosph\u00e8re.<\/p>\n<p style=\"text-align: justify;\">Diminutions des \u00e9missions par rapport aux \u00e9missions de l&rsquo;ann\u00e9e de r\u00e9f\u00e9rence 2005 :<\/p>\n<p style=\"text-align: justify;\"><!--more--><\/p>\n<table border=\"2\" width=\"60%\" align=\"center\" bgcolor=\"lightyellow\">\n<tbody>\n<tr>\n<td><\/td>\n<td><strong>ANN\u00c9ES 2020 \u00e0 2024<\/strong><\/td>\n<td><strong>ANN\u00c9ES 2025 \u00e0 2029<\/strong><\/td>\n<td><strong>\u00c0 PARTIR DE 2030<\/strong><\/td>\n<\/tr>\n<tr>\n<td>Dioxyde de soufre (SO2)<\/td>\n<td>&#8211; 55 %<\/td>\n<td>&#8211; 66%<\/td>\n<td>&#8211; 77%<\/td>\n<\/tr>\n<tr>\n<td>Oxydes d&rsquo;azote (NOx)<\/td>\n<td>&#8211; 50 %<\/td>\n<td>&#8211; 60 %<\/td>\n<td>&#8211; 69 %<\/td>\n<\/tr>\n<tr>\n<td>Compos\u00e9s organiques volatils autres que le m\u00e9thane (COVNM)<\/td>\n<td>&#8211; 43 %<\/td>\n<td>&#8211; 47 %<\/td>\n<td>&#8211; 52 %<\/td>\n<\/tr>\n<tr>\n<td>Ammoniac (NH3)<\/td>\n<td>&#8211; 4 %<\/td>\n<td>&#8211; 8 %<\/td>\n<td>&#8211; 13 %<\/td>\n<\/tr>\n<tr>\n<td>Particules fines (PM2,5)<\/td>\n<td>&#8211; 27 %<\/td>\n<td>&#8211; 42%<\/td>\n<td>&#8211; 57%<\/td>\n<\/tr>\n<\/tbody>\n<\/table>\n<p style=\"text-align: justify;\"><a href=\"https:\/\/www.legifrance.gouv.fr\/affichTexte.do;jsessionid=05FBAB7F56F16775C63D15C180B9968C.tpdila12v_1?cidTexte=JORFTEXT000034674841&amp;dateTexte=&amp;oldAction=rechJO&amp;categorieLien=id&amp;idJO=JORFCONT000034674092\" target=\"_blank\" rel=\"noopener noreferrer\">D\u00e9cret n\u00b0 2017-949 du 10 mai 2017<\/a> fixant les objectifs nationaux de r\u00e9duction des \u00e9missions de certains polluants atmosph\u00e9riques en application de l&rsquo;article L. 222-9 du code de l&rsquo;environnement.<\/p>\n<p>&nbsp;<\/p>\n","protected":false},"excerpt":{"rendered":"<p>Afin d&rsquo;am\u00e9liorer la qualit\u00e9 de l&rsquo;air et de r\u00e9duire l&rsquo;exposition des populations aux pollutions atmosph\u00e9riques, la loi du 17 ao\u00fbt 2015 imposait que le gouvernement fixe les objectifs de r\u00e9duction des \u00e9missions anthropiques de polluants atmosph\u00e9riques pour les ann\u00e9es 2020 \u00e0 2024, 2025 \u00e0 2029, et \u00e0 partir de 2030. Ces objectifs de diminution doivent [&hellip;]<\/p>\n","protected":false},"author":1,"featured_media":0,"comment_status":"closed","ping_status":"open","sticky":false,"template":"","format":"standard","meta":{"twitterCardType":"","cardImageID":0,"cardImage":"","cardTitle":"","cardDesc":"","cardImageAlt":"","cardPlayer":"","cardPlayerWidth":0,"cardPlayerHeight":0,"cardPlayerStream":"","cardPlayerCodec":"","footnotes":""},"categories":[62,11],"tags":[304,196,122],"class_list":["post-13011","post","type-post","status-publish","format-standard","hentry","category-le-rouge-le-vert-hebdo","category-politique-locale","tag-envir","tag-etat","tag-pollution-atmospherique"],"_links":{"self":[{"href":"https:\/\/www.ades-grenoble.org\/wordpress\/wp-json\/wp\/v2\/posts\/13011","targetHints":{"allow":["GET"]}}],"collection":[{"href":"https:\/\/www.ades-grenoble.org\/wordpress\/wp-json\/wp\/v2\/posts"}],"about":[{"href":"https:\/\/www.ades-grenoble.org\/wordpress\/wp-json\/wp\/v2\/types\/post"}],"author":[{"embeddable":true,"href":"https:\/\/www.ades-grenoble.org\/wordpress\/wp-json\/wp\/v2\/users\/1"}],"replies":[{"embeddable":true,"href":"https:\/\/www.ades-grenoble.org\/wordpress\/wp-json\/wp\/v2\/comments?post=13011"}],"version-history":[{"count":1,"href":"https:\/\/www.ades-grenoble.org\/wordpress\/wp-json\/wp\/v2\/posts\/13011\/revisions"}],"predecessor-version":[{"id":13012,"href":"https:\/\/www.ades-grenoble.org\/wordpress\/wp-json\/wp\/v2\/posts\/13011\/revisions\/13012"}],"wp:attachment":[{"href":"https:\/\/www.ades-grenoble.org\/wordpress\/wp-json\/wp\/v2\/media?parent=13011"}],"wp:term":[{"taxonomy":"category","embeddable":true,"href":"https:\/\/www.ades-grenoble.org\/wordpress\/wp-json\/wp\/v2\/categories?post=13011"},{"taxonomy":"post_tag","embeddable":true,"href":"https:\/\/www.ades-grenoble.org\/wordpress\/wp-json\/wp\/v2\/tags?post=13011"}],"curies":[{"name":"wp","href":"https:\/\/api.w.org\/{rel}","templated":true}]}}