{"id":13013,"date":"2017-05-26T14:31:20","date_gmt":"2017-05-26T12:31:20","guid":{"rendered":"http:\/\/www.ades-grenoble.org\/wordpress\/?p=13013"},"modified":"2017-05-26T15:39:05","modified_gmt":"2017-05-26T13:39:05","slug":"les-projets-publics-et-leur-empreinte-carbone","status":"publish","type":"post","link":"https:\/\/www.ades-grenoble.org\/wordpress\/2017\/05\/26\/les-projets-publics-et-leur-empreinte-carbone\/","title":{"rendered":"Les projets publics et leur empreinte carbone"},"content":{"rendered":"<p style=\"text-align: justify;\"><img loading=\"lazy\" decoding=\"async\" class=\"size-medium wp-image-11705 alignleft\" src=\"http:\/\/www.ades-grenoble.org\/wordpress\/wp-content\/uploads\/2016\/06\/demolition-300x224.jpg\" alt=\"\" width=\"300\" height=\"224\" srcset=\"https:\/\/www.ades-grenoble.org\/wordpress\/wp-content\/uploads\/2016\/06\/demolition-300x224.jpg 300w, https:\/\/www.ades-grenoble.org\/wordpress\/wp-content\/uploads\/2016\/06\/demolition-150x112.jpg 150w, https:\/\/www.ades-grenoble.org\/wordpress\/wp-content\/uploads\/2016\/06\/demolition.jpg 343w\" sizes=\"auto, (max-width: 300px) 100vw, 300px\" \/>La loi sur la transition \u00e9nerg\u00e9tique (du 17 ao\u00fbt 2015) pr\u00e9cisait que dans le cadre de la strat\u00e9gie bas-carbone, le niveau de soutien financier des projets publics doit int\u00e9grer, syst\u00e9matiquement et parmi d&rsquo;autres crit\u00e8res, le crit\u00e8re de contribution \u00e0 la r\u00e9duction des \u00e9missions de gaz \u00e0 effet de serre. En ce qui concerne les principes et modalit\u00e9s de calcul des \u00e9missions de gaz \u00e0 effet de serre des projets publics seront d\u00e9finis par un d\u00e9cret. C\u2019est ce qui vient d\u2019\u00eatre pr\u00e9cis\u00e9 par le d\u00e9cret du 3 mai\u00a0n\u00b0 2017<strong>&#8211;<\/strong>725 <em>\u00ab\u00a0relatif aux principes et modalit\u00e9s de calcul des \u00e9missions de gaz \u00e0 effet de serre des projets publics\u00a0\u00bb.<\/em> C\u2019est une approche qui prend en compte le \u00ab\u00a0cycle de vie\u00a0\u00bb\u00a0: les phases de r\u00e9alisation (y compris la phase d&rsquo;\u00e9tudes), de fonctionnement (exploitation, entretien, maintenance, r\u00e9habilitation) et de fin de vie du projet public (transformation y compris d\u00e9construction et traitement des d\u00e9chets des mat\u00e9riaux) sans oublier en amont la production des sources d&rsquo;\u00e9nergie et des mat\u00e9riaux et \u00e9quipements n\u00e9cessaires \u00e0 chaque phase.<\/p>\n<p style=\"text-align: justify;\"><!--more--><\/p>\n<p style=\"text-align: justify;\"><a href=\"https:\/\/www.legifrance.gouv.fr\/eli\/decret\/2017\/5\/3\/DEVD1607832D\/jo\/texte\" target=\"_blank\" rel=\"noopener noreferrer\">Le d\u00e9cret qui entrera en vigueur le 1<sup>er<\/sup> octobre 2017<\/a>, d\u00e9crit la <em>\u00ab\u00a0prise en compte de la contribution \u00e0 la r\u00e9duction des \u00e9missions de gaz \u00e0 effet de serre (GES) dans le financement des projets publics et d\u00e9termination des principes et modalit\u00e9s de calcul des \u00e9missions de gaz \u00e0 effet de serre des projets publics\u2026 le d\u00e9cret s&rsquo;applique aux projets publics soumis \u00e0 \u00e9tude d&rsquo;impact en application et aux projets publics de construction ou de r\u00e9novation de b\u00e2timents&#8230;<\/em> <em>d&rsquo;un montant d&rsquo;investissement sup\u00e9rieur \u00e0 20 000 000 euros hors taxes ou d&rsquo;une surface de plancher sup\u00e9rieure \u00e0 10 000 m2\u2026 Les seuils d&rsquo;investissement de 20 000 000 euros hors taxes et de surface de plancher de 10 000 m2 mentionn\u00e9s ci-dessus peuvent \u00eatre modifi\u00e9s par arr\u00eat\u00e9 du ministre charg\u00e9 de l&rsquo;environnement.<br \/>\nPour les projets qui ne seraient pas soumis \u00e0 une \u00e9tude d&rsquo;impact en application de l&rsquo;article L. 122-1 ou qui se situeraient en de\u00e7\u00e0 des seuils mentionn\u00e9s au pr\u00e9c\u00e9dent alin\u00e9a, le ma\u00eetre d&rsquo;ouvrage propose des modalit\u00e9s de calcul simplifi\u00e9es permettant au financeur de porter une appr\u00e9ciation sur la contribution du projet \u00e0 la r\u00e9duction des \u00e9missions de gaz \u00e0 effet de serre.\u00a0\u00bb<\/em><\/p>\n<p style=\"text-align: justify;\">\n","protected":false},"excerpt":{"rendered":"<p>La loi sur la transition \u00e9nerg\u00e9tique (du 17 ao\u00fbt 2015) pr\u00e9cisait que dans le cadre de la strat\u00e9gie bas-carbone, le niveau de soutien financier des projets publics doit int\u00e9grer, syst\u00e9matiquement et parmi d&rsquo;autres crit\u00e8res, le crit\u00e8re de contribution \u00e0 la r\u00e9duction des \u00e9missions de gaz \u00e0 effet de serre. En ce qui concerne les principes [&hellip;]<\/p>\n","protected":false},"author":1,"featured_media":0,"comment_status":"closed","ping_status":"open","sticky":false,"template":"","format":"standard","meta":{"twitterCardType":"","cardImageID":0,"cardImage":"","cardTitle":"","cardDesc":"","cardImageAlt":"","cardPlayer":"","cardPlayerWidth":0,"cardPlayerHeight":0,"cardPlayerStream":"","cardPlayerCodec":"","footnotes":""},"categories":[62,11],"tags":[153,196,65],"class_list":["post-13013","post","type-post","status-publish","format-standard","hentry","category-le-rouge-le-vert-hebdo","category-politique-locale","tag-ecologie","tag-etat","tag-urbanisme"],"_links":{"self":[{"href":"https:\/\/www.ades-grenoble.org\/wordpress\/wp-json\/wp\/v2\/posts\/13013","targetHints":{"allow":["GET"]}}],"collection":[{"href":"https:\/\/www.ades-grenoble.org\/wordpress\/wp-json\/wp\/v2\/posts"}],"about":[{"href":"https:\/\/www.ades-grenoble.org\/wordpress\/wp-json\/wp\/v2\/types\/post"}],"author":[{"embeddable":true,"href":"https:\/\/www.ades-grenoble.org\/wordpress\/wp-json\/wp\/v2\/users\/1"}],"replies":[{"embeddable":true,"href":"https:\/\/www.ades-grenoble.org\/wordpress\/wp-json\/wp\/v2\/comments?post=13013"}],"version-history":[{"count":1,"href":"https:\/\/www.ades-grenoble.org\/wordpress\/wp-json\/wp\/v2\/posts\/13013\/revisions"}],"predecessor-version":[{"id":13014,"href":"https:\/\/www.ades-grenoble.org\/wordpress\/wp-json\/wp\/v2\/posts\/13013\/revisions\/13014"}],"wp:attachment":[{"href":"https:\/\/www.ades-grenoble.org\/wordpress\/wp-json\/wp\/v2\/media?parent=13013"}],"wp:term":[{"taxonomy":"category","embeddable":true,"href":"https:\/\/www.ades-grenoble.org\/wordpress\/wp-json\/wp\/v2\/categories?post=13013"},{"taxonomy":"post_tag","embeddable":true,"href":"https:\/\/www.ades-grenoble.org\/wordpress\/wp-json\/wp\/v2\/tags?post=13013"}],"curies":[{"name":"wp","href":"https:\/\/api.w.org\/{rel}","templated":true}]}}