{"id":13113,"date":"2017-06-16T15:01:39","date_gmt":"2017-06-16T13:01:39","guid":{"rendered":"http:\/\/www.ades-grenoble.org\/wordpress\/?p=13113"},"modified":"2017-06-16T15:19:15","modified_gmt":"2017-06-16T13:19:15","slug":"destruction-du-college-de-la-villeneuve","status":"publish","type":"post","link":"https:\/\/www.ades-grenoble.org\/wordpress\/2017\/06\/16\/destruction-du-college-de-la-villeneuve\/","title":{"rendered":"Destruction du coll\u00e8ge de la Villeneuve"},"content":{"rendered":"<div id=\"attachment_13114\" style=\"width: 410px\" class=\"wp-caption alignleft\"><img loading=\"lazy\" decoding=\"async\" aria-describedby=\"caption-attachment-13114\" class=\"size-full wp-image-13114\" src=\"http:\/\/www.ades-grenoble.org\/wordpress\/wp-content\/uploads\/2017\/06\/IncendieCollegeAubrac.jpg\" alt=\"\" width=\"400\" height=\"267\" srcset=\"https:\/\/www.ades-grenoble.org\/wordpress\/wp-content\/uploads\/2017\/06\/IncendieCollegeAubrac.jpg 400w, https:\/\/www.ades-grenoble.org\/wordpress\/wp-content\/uploads\/2017\/06\/IncendieCollegeAubrac-150x100.jpg 150w, https:\/\/www.ades-grenoble.org\/wordpress\/wp-content\/uploads\/2017\/06\/IncendieCollegeAubrac-300x200.jpg 300w\" sizes=\"auto, (max-width: 400px) 100vw, 400px\" \/><p id=\"caption-attachment-13114\" class=\"wp-caption-text\">\u00a9 Photo G. Kuntz<\/p><\/div>\n<p style=\"text-align: justify;\">La destruction d\u2019\u00e9quipements publics dans le quartier de la Villeneuve est de nouveau \u00e0 l\u2019ordre du jour. L\u2019incendie criminel du coll\u00e8ge Lucie Aubrac a boulevers\u00e9 les coll\u00e9giens, leurs parents, l&rsquo;\u00e9quipe \u00e9ducative, le personnel du coll\u00e8ge et les habitants. Comme il se doit les collectivit\u00e9s publiques ont condamn\u00e9 ces agissements criminels destructeurs des bases m\u00eames de notre syst\u00e8me d\u2019\u00e9ducation. Par contre certaines prises de positions politiciennes (par une partie de la droite grenobloise et d\u00e9partementale en mettant notamment en cause la mairie) doivent \u00eatre d\u00e9nonc\u00e9es, oubliant la solidarit\u00e9 la plus \u00e9l\u00e9mentaire avec les habitants, les personnels de l\u2019\u00e9ducation et les jeunes coll\u00e9giens.<\/p>\n<p style=\"text-align: justify;\">Il ne faut pas rel\u00e2cher les efforts importants d\u2019\u00e9ducation des jeunes dans ce quartier et que le Rectorat maintienne les moyens li\u00e9s au R\u00e9seau d\u2019Education Prioritaire renforc\u00e9 (REP +) et que les \u00e9quipes p\u00e9dagogiques ne soient pas dispers\u00e9es.<\/p>\n<p style=\"text-align: justify;\"><a href=\"https:\/\/www.change.org\/p\/conseil-d\u00e9partemental-de-l-is\u00e8re-maintien-du-coll\u00e8ge-lucie-aubrac-\u00e0-la-villeneuve?recruiter=733315961&amp;utm_source=share_petition&amp;utm_medium=email&amp;utm_campaign=share_email_responsive\" target=\"_blank\" rel=\"noopener noreferrer\">Des parents d\u2019\u00e9l\u00e8ves, des enseignants et des habitants lancent une p\u00e9tition<\/a> pour la reconstruction du coll\u00e8ge au sein du quartier, c\u2019est l\u2019expression de leur attachement \u00e0 ce quartier qu\u2019ils aiment, comme nous qui avons bien conscience que c&rsquo;est nous tous qui sommes\u00a0touch\u00e9s d\u00e8s lors qu&rsquo;il s&rsquo;agit du parcours \u00e9ducatif de notre jeunesse.<\/p>\n<p style=\"text-align: justify;\"><!--more--><\/p>\n<p style=\"text-align: justify;\">Mais la question de l\u2019implantation pr\u00e9cise du nouveau coll\u00e8ge devra faire l\u2019objet d\u2019un large d\u00e9bat ne laissant pas le conseil d\u00e9partemental d\u00e9cider seul quel sera l\u2019avenir de la carte scolaire dans cette partie de la ville.<\/p>\n<p style=\"text-align: justify;\"><em>\u00ab\u00a0Nous, parents d&rsquo;\u00e9l\u00e8ves, enseignants du coll\u00e8ge et des \u00e9coles, habitants de la Villeneuve, responsables associatifs et de commerces, <strong>exigeons de garder le coll\u00e8ge Lucie Aubrac au sein de notre quartier.<\/strong> C&rsquo;est un lieu de vie, de savoirs, de recherche, de rencontres, de confrontations, un lieu de socialisation et d&rsquo;apprentissage de la citoyennet\u00e9. Le travail et la p\u00e9dagogie d\u00e9ploy\u00e9s depuis des ann\u00e9es y sont singuliers et d&rsquo;une richesse humaine exceptionnelle.<br \/>\nLe coll\u00e8ge, au centre du quartier, est au c\u0153ur du R\u00e9seau d\u2019Education Prioritaire REP+. Nos \u00e9l\u00e8ves ont besoin de ces moyens suppl\u00e9mentaires pour pers\u00e9v\u00e9rer dans leurs apprentissages et dans la construction de leur citoyennet\u00e9. Cet \u00e9tablissement, en plus de son travail envers la jeunesse, aupr\u00e8s des plus pr\u00e9caires, des plus touch\u00e9s par la crise \u00e9conomique install\u00e9e, organise la vie du quartier et le rythme des jeunes. Il structure leur rapport au monde et est le lieu de toutes nos attentes pour l&rsquo;avenir de nos enfants. Il est le partenaire des \u00e9coles primaires, de nombreuses associations et clubs. Ce travail de fond, social et humain, men\u00e9 par une \u00e9quipe p\u00e9dagogique motiv\u00e9e depuis des ann\u00e9es, a \u00e9t\u00e9 le terreau de beaucoup de r\u00e9ussites et a permis bien des (re)constructions, individuelles et collectives.<\/em><\/p>\n<p style=\"text-align: justify;\"><em>Nous exigeons donc du Conseil D\u00e9partemental de l&rsquo;Is\u00e8re et du rectorat de l&rsquo;acad\u00e9mie de Grenoble d&rsquo;accorder les moyens permettant de maintenir ce tissu humain, culturel, \u00e9ducatif, p\u00e9dagogique, \u00e9conomique et actif. <strong>Nous exigeons le maintien de l&rsquo;unit\u00e9 du Coll\u00e8ge, de son \u00e9quipe p\u00e9dagogique exceptionnelle, et la continuit\u00e9 de ses projets.\u00a0\u00bb<\/strong><\/em><\/p>\n<p>&nbsp;<\/p>\n","protected":false},"excerpt":{"rendered":"<p>La destruction d\u2019\u00e9quipements publics dans le quartier de la Villeneuve est de nouveau \u00e0 l\u2019ordre du jour. L\u2019incendie criminel du coll\u00e8ge Lucie Aubrac a boulevers\u00e9 les coll\u00e9giens, leurs parents, l&rsquo;\u00e9quipe \u00e9ducative, le personnel du coll\u00e8ge et les habitants. Comme il se doit les collectivit\u00e9s publiques ont condamn\u00e9 ces agissements criminels destructeurs des bases m\u00eames de [&hellip;]<\/p>\n","protected":false},"author":1,"featured_media":0,"comment_status":"closed","ping_status":"open","sticky":false,"template":"","format":"standard","meta":{"twitterCardType":"","cardImageID":0,"cardImage":"","cardTitle":"","cardDesc":"","cardImageAlt":"","cardPlayer":"","cardPlayerWidth":0,"cardPlayerHeight":0,"cardPlayerStream":"","cardPlayerCodec":"","footnotes":""},"categories":[62,11],"tags":[216,204,40],"class_list":["post-13113","post","type-post","status-publish","format-standard","hentry","category-le-rouge-le-vert-hebdo","category-politique-locale","tag-conseil-departemental-de-lisere","tag-delinquance","tag-education"],"_links":{"self":[{"href":"https:\/\/www.ades-grenoble.org\/wordpress\/wp-json\/wp\/v2\/posts\/13113","targetHints":{"allow":["GET"]}}],"collection":[{"href":"https:\/\/www.ades-grenoble.org\/wordpress\/wp-json\/wp\/v2\/posts"}],"about":[{"href":"https:\/\/www.ades-grenoble.org\/wordpress\/wp-json\/wp\/v2\/types\/post"}],"author":[{"embeddable":true,"href":"https:\/\/www.ades-grenoble.org\/wordpress\/wp-json\/wp\/v2\/users\/1"}],"replies":[{"embeddable":true,"href":"https:\/\/www.ades-grenoble.org\/wordpress\/wp-json\/wp\/v2\/comments?post=13113"}],"version-history":[{"count":2,"href":"https:\/\/www.ades-grenoble.org\/wordpress\/wp-json\/wp\/v2\/posts\/13113\/revisions"}],"predecessor-version":[{"id":13117,"href":"https:\/\/www.ades-grenoble.org\/wordpress\/wp-json\/wp\/v2\/posts\/13113\/revisions\/13117"}],"wp:attachment":[{"href":"https:\/\/www.ades-grenoble.org\/wordpress\/wp-json\/wp\/v2\/media?parent=13113"}],"wp:term":[{"taxonomy":"category","embeddable":true,"href":"https:\/\/www.ades-grenoble.org\/wordpress\/wp-json\/wp\/v2\/categories?post=13113"},{"taxonomy":"post_tag","embeddable":true,"href":"https:\/\/www.ades-grenoble.org\/wordpress\/wp-json\/wp\/v2\/tags?post=13113"}],"curies":[{"name":"wp","href":"https:\/\/api.w.org\/{rel}","templated":true}]}}