{"id":13136,"date":"2017-06-23T17:03:29","date_gmt":"2017-06-23T15:03:29","guid":{"rendered":"http:\/\/www.ades-grenoble.org\/wordpress\/?p=13136"},"modified":"2017-06-23T17:28:49","modified_gmt":"2017-06-23T15:28:49","slug":"abroger-definitivement-le-delit-de-solidarite","status":"publish","type":"post","link":"https:\/\/www.ades-grenoble.org\/wordpress\/2017\/06\/23\/abroger-definitivement-le-delit-de-solidarite\/","title":{"rendered":"Abroger d\u00e9finitivement le d\u00e9lit de solidarit\u00e9 !"},"content":{"rendered":"<p style=\"text-align: justify;\"><img loading=\"lazy\" decoding=\"async\" class=\"size-full wp-image-13137 alignleft\" src=\"http:\/\/www.ades-grenoble.org\/wordpress\/wp-content\/uploads\/2017\/06\/solidarite.jpg\" alt=\"\" width=\"150\" height=\"138\" \/>Abroger d\u00e9finitivement le d\u00e9lit de solidarit\u00e9 qui existe encore malgr\u00e9 les d\u00e9n\u00e9gations du gouvernement ! Les restrictions apport\u00e9es par la France aux actions de solidarit\u00e9 sont en contradiction flagrante avec de multiples engagements internationaux (Directive europ\u00e9enne 2002-90, R\u00e9solution du Conseil de l\u2019Europe, recommandations de la Commission europ\u00e9enne contre le racisme et l\u2019intol\u00e9rance, D\u00e9claration des Nations unies sur les d\u00e9fenseurs des droits de l\u2019homme.)<\/p>\n<p style=\"text-align: justify;\">Dans un avis r\u00e9cent, la CNCDH (Commission nationale consultative des droits de l&rsquo;homme) demande au gouvernement de mettre r\u00e9ellement fin, dans les plus brefs d\u00e9lais au d\u00e9lit de solidarit\u00e9, en modifiant l\u2019article L 622-1 du Ceseda (Code de l&rsquo;entr\u00e9e et du s\u00e9jour des \u00e9trangers et du droit d&rsquo;asile), afin que seule l\u2019aide \u00e0 l\u2019entr\u00e9e, \u00e0 la circulation ou au s\u00e9jour irr\u00e9gulier effectu\u00e9e dans un but lucratif soit sanctionn\u00e9e. La CNCDH appelle \u00e9galement \u00e0 ce que cessent imm\u00e9diatement tous les actes d\u2019intimidation perp\u00e9tr\u00e9s \u00e0 l\u2019encontre des aidants solidaires.<\/p>\n<p style=\"text-align: justify;\"><!--more--><\/p>\n<p style=\"text-align: justify;\">En effet la CNCDH signale que <em>\u00ab\u00a0depuis de nombreuses semaines, la Commission nationale consultative des droits de l\u2019homme (CNCDH) est alert\u00e9e de toutes parts sur le fait que les personnes qui viennent en aide aux personnes migrantes, aux demandeurs d\u2019asile, aux Roms, aux sans-papiers, sont de plus en plus victimes de poursuites, d\u2019actes d\u2019intimidation ou de dissuasion. Elle r\u00e9affirme avec force que l\u2019engagement envers les migrants est l\u00e9gitime au regard de la protection des droits fondamentaux.\u00a0\u00bb<\/em><\/p>\n<p style=\"text-align: justify;\">La CNCDH consid\u00e8re que l&rsquo;engagement de celles et ceux qui apportent aide et soutien aux personnes migrantes est l\u00e9gitime au regard de la protection des droits fondamentaux\u00a0; elle demande donc au gouvernement et au l\u00e9gislateur de modifier l&rsquo;article L.622-1 du Ceseda, afin que le droit national soit d\u00e9sormais conforme au droit europ\u00e9en. Pour \u00e9viter qu&rsquo;un assouplissement b\u00e9n\u00e9ficie aussi aux passeurs et autres trafiquants d&rsquo;\u00eatres humains, la CNCDH propose une r\u00e9daction pr\u00e9voyant que seule sera sanctionn\u00e9e <em>\u00ab\u00a0toute personne qui aura sciemment facilit\u00e9 ou tent\u00e9 de faciliter l&rsquo;entr\u00e9e, la circulation ou le s\u00e9jour irr\u00e9guliers, d&rsquo;un \u00e9tranger en France, dans un but lucratif\u00a0\u00bb<\/em>.<br \/>\nElle appelle les autorit\u00e9s publiques \u00e0 \u00ab\u00a0<em>cesser de recourir \u00e0 des d\u00e9lits annexes sans rapport avec les infractions de l&rsquo;article L.622-1 du Ceseda<\/em>\u00a0\u00bb (d\u00e9lits d&rsquo;outrage ou d&rsquo;injure, d\u00e9lit d&rsquo;entrave \u00e0 la circulation d&rsquo;un a\u00e9ronef, r\u00e9glementation sur l&rsquo;hygi\u00e8ne ou la s\u00e9curit\u00e9 applicable \u00e0 des locaux&#8230;), \u00e0 seule fin d&rsquo;intimider et parfois poursuivre les aidants solidaires.<br \/>\nElle recommande enfin aux pouvoirs publics de concentrer leurs moyens et leurs actions au renforcement de leur capacit\u00e9 d&rsquo;accueil et d&rsquo;accompagnement des personnes migrantes, afin de garantir l&rsquo;effectivit\u00e9 de leurs droits fondamentaux.<\/p>\n<p style=\"text-align: justify;\"><em>Commission nationale consultative des droits de l&rsquo;homme, avis \u00ab\u00a0<a href=\"http:\/\/www.cncdh.fr\/fr\/actualite\/avis-mettre-fin-au-delit-de-solidarite\" target=\"_blank\" rel=\"noopener noreferrer\">Mettre fin au d\u00e9lit de solidarit\u00e9<\/a>\u00a0\u00bb du 18 mai 2017 (Journal officiel du 4 juin 2017), avis adopt\u00e9 \u00e0 l\u2019unanimit\u00e9 moins une abstention<\/em><\/p>\n<p style=\"text-align: justify;\">\n","protected":false},"excerpt":{"rendered":"<p>Abroger d\u00e9finitivement le d\u00e9lit de solidarit\u00e9 qui existe encore malgr\u00e9 les d\u00e9n\u00e9gations du gouvernement ! Les restrictions apport\u00e9es par la France aux actions de solidarit\u00e9 sont en contradiction flagrante avec de multiples engagements internationaux (Directive europ\u00e9enne 2002-90, R\u00e9solution du Conseil de l\u2019Europe, recommandations de la Commission europ\u00e9enne contre le racisme et l\u2019intol\u00e9rance, D\u00e9claration des Nations [&hellip;]<\/p>\n","protected":false},"author":1,"featured_media":0,"comment_status":"closed","ping_status":"open","sticky":false,"template":"","format":"standard","meta":{"twitterCardType":"","cardImageID":0,"cardImage":"","cardTitle":"","cardDesc":"","cardImageAlt":"","cardPlayer":"","cardPlayerWidth":0,"cardPlayerHeight":0,"cardPlayerStream":"","cardPlayerCodec":"","footnotes":""},"categories":[62,11],"tags":[206,192,182],"class_list":["post-13136","post","type-post","status-publish","format-standard","hentry","category-le-rouge-le-vert-hebdo","category-politique-locale","tag-droit","tag-immigration","tag-solidarite"],"_links":{"self":[{"href":"https:\/\/www.ades-grenoble.org\/wordpress\/wp-json\/wp\/v2\/posts\/13136","targetHints":{"allow":["GET"]}}],"collection":[{"href":"https:\/\/www.ades-grenoble.org\/wordpress\/wp-json\/wp\/v2\/posts"}],"about":[{"href":"https:\/\/www.ades-grenoble.org\/wordpress\/wp-json\/wp\/v2\/types\/post"}],"author":[{"embeddable":true,"href":"https:\/\/www.ades-grenoble.org\/wordpress\/wp-json\/wp\/v2\/users\/1"}],"replies":[{"embeddable":true,"href":"https:\/\/www.ades-grenoble.org\/wordpress\/wp-json\/wp\/v2\/comments?post=13136"}],"version-history":[{"count":1,"href":"https:\/\/www.ades-grenoble.org\/wordpress\/wp-json\/wp\/v2\/posts\/13136\/revisions"}],"predecessor-version":[{"id":13138,"href":"https:\/\/www.ades-grenoble.org\/wordpress\/wp-json\/wp\/v2\/posts\/13136\/revisions\/13138"}],"wp:attachment":[{"href":"https:\/\/www.ades-grenoble.org\/wordpress\/wp-json\/wp\/v2\/media?parent=13136"}],"wp:term":[{"taxonomy":"category","embeddable":true,"href":"https:\/\/www.ades-grenoble.org\/wordpress\/wp-json\/wp\/v2\/categories?post=13136"},{"taxonomy":"post_tag","embeddable":true,"href":"https:\/\/www.ades-grenoble.org\/wordpress\/wp-json\/wp\/v2\/tags?post=13136"}],"curies":[{"name":"wp","href":"https:\/\/api.w.org\/{rel}","templated":true}]}}