{"id":13234,"date":"2017-08-25T18:24:01","date_gmt":"2017-08-25T16:24:01","guid":{"rendered":"http:\/\/www.ades-grenoble.org\/wordpress\/?p=13234"},"modified":"2017-08-25T18:38:59","modified_gmt":"2017-08-25T16:38:59","slug":"quelques-donnees-du-recensement-2014-pour-la-metropole","status":"publish","type":"post","link":"https:\/\/www.ades-grenoble.org\/wordpress\/2017\/08\/25\/quelques-donnees-du-recensement-2014-pour-la-metropole\/","title":{"rendered":"Quelques donn\u00e9es du recensement 2014 pour la m\u00e9tropole"},"content":{"rendered":"<p style=\"text-align: justify;\"><img loading=\"lazy\" decoding=\"async\" class=\"size-full wp-image-12478 alignleft\" src=\"http:\/\/www.ades-grenoble.org\/wordpress\/wp-content\/uploads\/2017\/01\/INSEE.jpg\" alt=\"\" width=\"400\" height=\"128\" srcset=\"https:\/\/www.ades-grenoble.org\/wordpress\/wp-content\/uploads\/2017\/01\/INSEE.jpg 400w, https:\/\/www.ades-grenoble.org\/wordpress\/wp-content\/uploads\/2017\/01\/INSEE-150x48.jpg 150w, https:\/\/www.ades-grenoble.org\/wordpress\/wp-content\/uploads\/2017\/01\/INSEE-300x96.jpg 300w\" sizes=\"auto, (max-width: 400px) 100vw, 400px\" \/>La population de la M\u00e9tro atteint 444\u00a0078 personnes lors du dernier recensement de 2014 (issu des donn\u00e9es collect\u00e9es de 2012 \u00e0 2016). Les plus de 15 ans (367 382) se r\u00e9partissent selon les cat\u00e9gories socioprofessionnelles avec des diff\u00e9rences avec la ville centre. A Grenoble il y a plus de <em>cadres et professions intellectuelles sup\u00e9rieures. Par contre hors de Grenoble il y a plus de retrait\u00e9s. <\/em>Pour les logements il y a beaucoup plus de maisons individuelles (21%) dans l\u2019agglom\u00e9ration qu\u2019\u00e0 Grenoble (3%). Le nombre de logements vacants est nettement inf\u00e9rieur (7,7%) dans l\u2019agglom\u00e9ration qu\u2019\u00e0 Grenoble (10,4%). Dans les r\u00e9sidences principales, les propri\u00e9taires occupants sont la moiti\u00e9 (51%) dans la M\u00e9tro alors qu\u2019\u00e0 Grenoble ils sont seulement 18%. Les habitants de Grenoble d\u00e9m\u00e9nagent plus souvent que dans la moyenne de l\u2019agglom\u00e9ration. Les m\u00e9nages hors Grenoble ont plus de voitures et plus d\u2019emplacement r\u00e9serv\u00e9 au stationnement du v\u00e9hicule que dans la ville centre. Voir les diff\u00e9rents tableaux ci-dessous).<\/p>\n<p><!--more--><\/p>\n<table border=\"2\" width=\"80%\" align=\"center\" bgcolor=\"lightyellow\">\n<tbody>\n<tr>\n<td width=\"112\">Population de 15 ans ou plus selon la cat\u00e9gorie socioprofessionnelle<\/td>\n<td width=\"60\"><strong>2014<\/strong><\/td>\n<td width=\"60\"><strong>% M\u00e9tro<\/strong><\/td>\n<td width=\"59\"><strong>% Grenoble<\/strong><\/td>\n<\/tr>\n<tr>\n<td width=\"112\"><strong>Ensemble<\/strong><\/td>\n<td width=\"60\"><strong>367\u00a0382<\/strong><\/td>\n<td width=\"60\"><strong>100<\/strong><\/td>\n<td width=\"59\"><strong>100<\/strong><\/td>\n<\/tr>\n<tr>\n<td width=\"112\"><em>Agriculteurs exploitants<\/em><\/td>\n<td width=\"60\"><em>273<\/em><\/td>\n<td width=\"60\"><em>0,1<\/em><\/td>\n<td width=\"59\"><em>0<\/em><\/td>\n<\/tr>\n<tr>\n<td width=\"112\"><em>Artisans, commer\u00e7ants, chefs entreprise<\/em><\/td>\n<td width=\"60\"><em>10\u00a0562<\/em><\/td>\n<td width=\"60\"><em>2,9<\/em><\/td>\n<td width=\"59\"><em>2,4<\/em><\/td>\n<\/tr>\n<tr>\n<td width=\"112\"><em>Cadres et professions intellectuelles sup\u00e9rieures<\/em><\/td>\n<td width=\"60\"><em>50\u00a0344<\/em><\/td>\n<td width=\"60\"><em>13,7<\/em><\/td>\n<td width=\"59\"><em>16,5<\/em><\/td>\n<\/tr>\n<tr>\n<td width=\"112\"><em>Professions interm\u00e9diaires<\/em><\/td>\n<td width=\"60\"><em>57\u00a0187<\/em><\/td>\n<td width=\"60\"><em>15,6<\/em><\/td>\n<td width=\"59\"><em>15,2<\/em><\/td>\n<\/tr>\n<tr>\n<td width=\"112\"><em>Employ\u00e9s<\/em><\/td>\n<td width=\"60\"><em>56\u00a0661<\/em><\/td>\n<td width=\"60\"><em>15,4<\/em><\/td>\n<td width=\"59\"><em>14,3<\/em><\/td>\n<\/tr>\n<tr>\n<td width=\"112\"><em>Ouvriers<\/em><\/td>\n<td width=\"60\"><em>35\u00a0530<\/em><\/td>\n<td width=\"60\"><em>9,7<\/em><\/td>\n<td width=\"59\"><em>8,4<\/em><\/td>\n<\/tr>\n<tr>\n<td width=\"112\"><em>Retrait\u00e9s<\/em><\/td>\n<td width=\"60\"><em>85\u00a0738<\/em><\/td>\n<td width=\"60\"><em>23,3<\/em><\/td>\n<td width=\"59\"><em>20,2<\/em><\/td>\n<\/tr>\n<tr>\n<td width=\"112\"><em>Autres personnes sans activit\u00e9 professionnelle<\/em><\/td>\n<td width=\"60\"><em>71\u00a0086<\/em><\/td>\n<td width=\"60\"><em>19,3<\/em><\/td>\n<td width=\"59\"><em>23<\/em><\/td>\n<\/tr>\n<\/tbody>\n<\/table>\n<p>&nbsp;<\/p>\n<table border=\"2\" width=\"80%\" align=\"center\" bgcolor=\"lightyellow\">\n<tbody>\n<tr>\n<td width=\"194\">Cat\u00e9gories et types de logements<\/td>\n<td width=\"60\">2014<\/td>\n<td width=\"60\">% M\u00e9tro<\/td>\n<td width=\"59\">% Grenoble<\/td>\n<\/tr>\n<tr>\n<td width=\"194\">Ensemble<\/td>\n<td width=\"60\">227085<\/td>\n<td width=\"60\">100<\/td>\n<td width=\"59\">100<\/td>\n<\/tr>\n<tr>\n<td width=\"194\">R\u00e9sidences principales<\/td>\n<td width=\"60\">204680<\/td>\n<td width=\"60\">90,1<\/td>\n<td width=\"59\">86,7<\/td>\n<\/tr>\n<tr>\n<td width=\"194\">R\u00e9sidences secondaires et logements occasionnels<\/td>\n<td width=\"60\">4974<\/td>\n<td width=\"60\">2,2<\/td>\n<td width=\"59\">3<\/td>\n<\/tr>\n<tr>\n<td width=\"194\">Logements vacants<\/td>\n<td width=\"60\">17430<\/td>\n<td width=\"60\">7,7<\/td>\n<td width=\"59\">10,4<\/td>\n<\/tr>\n<tr>\n<td width=\"194\">Maisons<\/td>\n<td width=\"60\">48429<\/td>\n<td width=\"60\">21,3<\/td>\n<td width=\"59\">3,4<\/td>\n<\/tr>\n<tr>\n<td width=\"194\">Appartements<\/td>\n<td width=\"60\">175949<\/td>\n<td width=\"60\">77,5<\/td>\n<td width=\"59\">95,2<\/td>\n<\/tr>\n<\/tbody>\n<\/table>\n<p>&nbsp;<\/p>\n<table border=\"2\" width=\"80%\" align=\"center\" bgcolor=\"lightyellow\">\n<tbody>\n<tr>\n<td width=\"112\">R\u00e9sidences principales selon le statut d&rsquo;occupation<\/td>\n<td width=\"60\">Nombre<\/td>\n<td width=\"60\">% M\u00e9tro<\/td>\n<td width=\"59\"><strong>M\u00e9tro <\/strong>Anciennet\u00e9 moyenne d&#8217;emm\u00e9nagement en ann\u00e9e(s)<\/td>\n<td width=\"60\">% Grenoble<\/td>\n<td width=\"60\"><strong>Grenoble<\/strong> Anciennet\u00e9 moyenne d\u2019emm\u00e9nagement en ann\u00e9e(s)<\/td>\n<\/tr>\n<tr>\n<td width=\"112\">Ensemble<\/td>\n<td width=\"60\">204680<\/td>\n<td width=\"60\">100<\/td>\n<td width=\"59\">13,3<\/td>\n<td width=\"60\">100<\/td>\n<td width=\"60\">10,8<\/td>\n<\/tr>\n<tr>\n<td width=\"112\">Propri\u00e9taire<\/td>\n<td width=\"60\">104211<\/td>\n<td width=\"60\">50,9<\/td>\n<td width=\"59\">19,2<\/td>\n<td width=\"60\">38,1<\/td>\n<td width=\"60\">18,2<\/td>\n<\/tr>\n<tr>\n<td width=\"112\">Locataire<\/td>\n<td width=\"60\">96070<\/td>\n<td width=\"60\">46,9<\/td>\n<td width=\"59\">7,1<\/td>\n<td width=\"60\">59,4<\/td>\n<td width=\"60\">6,2<\/td>\n<\/tr>\n<tr>\n<td width=\"112\"><em>dont d&rsquo;un logement HLM lou\u00e9 vide<\/em><\/td>\n<td width=\"60\"><em>32579<\/em><\/td>\n<td width=\"60\"><em>15,9<\/em><\/td>\n<td width=\"59\"><em>11,6<\/em><\/td>\n<td width=\"60\"><em>16<\/em><\/td>\n<td width=\"60\"><em>11,3<\/em><\/td>\n<\/tr>\n<tr>\n<td width=\"112\">Log\u00e9 gratuitement<\/td>\n<td width=\"60\">4399<\/td>\n<td width=\"60\">2,1<\/td>\n<td width=\"59\">10,3<\/td>\n<td width=\"60\">2,5<\/td>\n<td width=\"60\">8,8<\/td>\n<\/tr>\n<\/tbody>\n<\/table>\n<p>&nbsp;<\/p>\n<table border=\"2\" width=\"80%\" align=\"center\" bgcolor=\"lightyellow\">\n<tbody>\n<tr>\n<td width=\"112\">\u00c9quipement automobile des m\u00e9nages 2014<\/td>\n<td width=\"60\">M\u00e9tro<\/td>\n<td width=\"60\">% M\u00e9tro<\/td>\n<td width=\"59\">Grenoble<\/td>\n<td width=\"60\">% Grenoble<\/td>\n<td width=\"60\">M\u00e9tro hors Grenoble<\/td>\n<td width=\"60\">% hors Grenoble<\/td>\n<\/tr>\n<tr>\n<td width=\"112\">Ensemble<\/td>\n<td width=\"60\">204680<\/td>\n<td width=\"60\">100<\/td>\n<td width=\"59\">83855<\/td>\n<td width=\"60\">100<\/td>\n<td width=\"60\">120825<\/td>\n<td width=\"60\">100<\/td>\n<\/tr>\n<tr>\n<td width=\"112\">Au moins un emplacement r\u00e9serv\u00e9 au stationnement<\/td>\n<td width=\"60\">107514<\/td>\n<td width=\"60\">52,5<\/td>\n<td width=\"59\">31296<\/td>\n<td width=\"60\">37,3<\/td>\n<td width=\"60\">76218<\/td>\n<td width=\"60\">63,1<\/td>\n<\/tr>\n<tr>\n<td width=\"112\">Au moins une voiture<\/td>\n<td width=\"60\">157170<\/td>\n<td width=\"60\">76,8<\/td>\n<td width=\"59\">54114<\/td>\n<td width=\"60\">64,5<\/td>\n<td width=\"60\">103056<\/td>\n<td width=\"60\">85,3<\/td>\n<\/tr>\n<tr>\n<td width=\"112\">1 voiture<\/td>\n<td width=\"60\">101391<\/td>\n<td width=\"60\">49,5<\/td>\n<td width=\"59\">43342<\/td>\n<td width=\"60\">51,7<\/td>\n<td width=\"60\">58049<\/td>\n<td width=\"60\">48,0<\/td>\n<\/tr>\n<tr>\n<td width=\"112\">2 voitures ou plus<\/td>\n<td width=\"60\">55779<\/td>\n<td width=\"60\">27,3<\/td>\n<td width=\"59\">10772<\/td>\n<td width=\"60\">12,8<\/td>\n<td width=\"60\">45007<\/td>\n<td width=\"60\">37,2<\/td>\n<\/tr>\n<\/tbody>\n<\/table>\n<p><strong>\u00a0<\/strong><\/p>\n","protected":false},"excerpt":{"rendered":"<p>La population de la M\u00e9tro atteint 444\u00a0078 personnes lors du dernier recensement de 2014 (issu des donn\u00e9es collect\u00e9es de 2012 \u00e0 2016). Les plus de 15 ans (367 382) se r\u00e9partissent selon les cat\u00e9gories socioprofessionnelles avec des diff\u00e9rences avec la ville centre. A Grenoble il y a plus de cadres et professions intellectuelles sup\u00e9rieures. Par [&hellip;]<\/p>\n","protected":false},"author":1,"featured_media":0,"comment_status":"closed","ping_status":"open","sticky":false,"template":"","format":"standard","meta":{"twitterCardType":"","cardImageID":0,"cardImage":"","cardTitle":"","cardDesc":"","cardImageAlt":"","cardPlayer":"","cardPlayerWidth":0,"cardPlayerHeight":0,"cardPlayerStream":"","cardPlayerCodec":"","footnotes":""},"categories":[62,11],"tags":[5,281,285,261],"class_list":["post-13234","post","type-post","status-publish","format-standard","hentry","category-le-rouge-le-vert-hebdo","category-politique-locale","tag-deplacements","tag-habitat","tag-insee","tag-population"],"_links":{"self":[{"href":"https:\/\/www.ades-grenoble.org\/wordpress\/wp-json\/wp\/v2\/posts\/13234","targetHints":{"allow":["GET"]}}],"collection":[{"href":"https:\/\/www.ades-grenoble.org\/wordpress\/wp-json\/wp\/v2\/posts"}],"about":[{"href":"https:\/\/www.ades-grenoble.org\/wordpress\/wp-json\/wp\/v2\/types\/post"}],"author":[{"embeddable":true,"href":"https:\/\/www.ades-grenoble.org\/wordpress\/wp-json\/wp\/v2\/users\/1"}],"replies":[{"embeddable":true,"href":"https:\/\/www.ades-grenoble.org\/wordpress\/wp-json\/wp\/v2\/comments?post=13234"}],"version-history":[{"count":1,"href":"https:\/\/www.ades-grenoble.org\/wordpress\/wp-json\/wp\/v2\/posts\/13234\/revisions"}],"predecessor-version":[{"id":13235,"href":"https:\/\/www.ades-grenoble.org\/wordpress\/wp-json\/wp\/v2\/posts\/13234\/revisions\/13235"}],"wp:attachment":[{"href":"https:\/\/www.ades-grenoble.org\/wordpress\/wp-json\/wp\/v2\/media?parent=13234"}],"wp:term":[{"taxonomy":"category","embeddable":true,"href":"https:\/\/www.ades-grenoble.org\/wordpress\/wp-json\/wp\/v2\/categories?post=13234"},{"taxonomy":"post_tag","embeddable":true,"href":"https:\/\/www.ades-grenoble.org\/wordpress\/wp-json\/wp\/v2\/tags?post=13234"}],"curies":[{"name":"wp","href":"https:\/\/api.w.org\/{rel}","templated":true}]}}