{"id":13238,"date":"2017-08-25T18:30:15","date_gmt":"2017-08-25T16:30:15","guid":{"rendered":"http:\/\/www.ades-grenoble.org\/wordpress\/?p=13238"},"modified":"2017-08-25T18:39:21","modified_gmt":"2017-08-25T16:39:21","slug":"trafic-de-drogue-un-constat-dimpuissance-de-la-justice-a-grenoble","status":"publish","type":"post","link":"https:\/\/www.ades-grenoble.org\/wordpress\/2017\/08\/25\/trafic-de-drogue-un-constat-dimpuissance-de-la-justice-a-grenoble\/","title":{"rendered":"Trafic de drogue, un constat d\u2019impuissance de la justice \u00e0 Grenoble"},"content":{"rendered":"<p style=\"text-align: justify;\"><img loading=\"lazy\" decoding=\"async\" class=\"size-full wp-image-13239 alignleft\" src=\"http:\/\/www.ades-grenoble.org\/wordpress\/wp-content\/uploads\/2017\/08\/palais-de-justice-de-grenoble.jpg\" alt=\"\" width=\"400\" height=\"259\" srcset=\"https:\/\/www.ades-grenoble.org\/wordpress\/wp-content\/uploads\/2017\/08\/palais-de-justice-de-grenoble.jpg 400w, https:\/\/www.ades-grenoble.org\/wordpress\/wp-content\/uploads\/2017\/08\/palais-de-justice-de-grenoble-150x97.jpg 150w, https:\/\/www.ades-grenoble.org\/wordpress\/wp-content\/uploads\/2017\/08\/palais-de-justice-de-grenoble-300x194.jpg 300w\" sizes=\"auto, (max-width: 400px) 100vw, 400px\" \/>Les propos du procureur de la R\u00e9publique, rapport\u00e9s par le Dauphin\u00e9 Lib\u00e9r\u00e9 du 26 juillet ont marqu\u00e9 cette p\u00e9riode estivale. M. Jean-Yves Coquillat y d\u00e9clare notamment\u00a0: <em>\u00ab\u00a0De toute ma carri\u00e8re, je n\u2019ai jamais vu une ville aussi pourrie et gangren\u00e9e par le trafic de drogue que Grenoble. C\u2019est bien simple il y a des points de revente quasiment partout. Cela ne se limite plus aux quartiers sud, cela touche le centre-ville et certains quartiers historiques\u2026Pour traiter l\u2019int\u00e9gralit\u00e9 des trafics, il faudrait 300 policiers \u00e0 la Brigade des stups, mais m\u00eame dans cette configuration, c\u2019est mon Parquet qui ne serait pas \u00e0 m\u00eame de suivre<\/em>\u00a0\u00bb<em>.<\/em> A Marseille l\u2019effort important de la police est rendu inefficace par les moyens totalement insuffisants de la justice (voir le Monde du 23 ao\u00fbt). Le constat est clair, et on pourrait alors croire que le procureur va proposer des solutions vigoureuses pour combattre cette \u00e9conomie parall\u00e8le qui prend de plus en plus d\u2019importance car le nombre d\u2019acheteurs croit tr\u00e8s vite comme au niveau national\u00a0; jamais il n\u2019y a eu autant de consommateurs de cannabis dans notre pays.<\/p>\n<p><!--more--><\/p>\n<p style=\"text-align: justify;\">Le march\u00e9 de la drogue s\u2019est d\u00e9velopp\u00e9 dans tous les quartiers de la ville, d\u2019abord au Sud et maintenant au Nord comme le signale le procureur. Malheureusement on tombe des nues en lisant le procureur qui stigmatise les habitants en les suppliant de d\u00e9poser des plaintes afin que la justice puisse travailler sur des faits. Or des plaintes sont d\u00e9pos\u00e9es et rien ne se passe\u00a0; il n\u2019y a qu\u2019\u00e0 prendre l\u2019exemple du march\u00e9 de la drogue au vu et au su de tout le monde en plein centre-ville \u00e0 proximit\u00e9 de l\u2019H\u00f4tel de Police, Place Edmond Arnaud autour et dans l\u2019ODTI. Des plaintes sont d\u00e9pos\u00e9es syst\u00e9matiquement par les responsables de cette association, en vain. Dans de nombreux quartiers des habitants sont menac\u00e9s s\u2019ils d\u00e9posent plainte. La proposition du procureur est donc illusoire d&rsquo;autant plus qu&rsquo;il n&rsquo;a pas les moyens de traiter les plaintes d\u00e9pos\u00e9es.<\/p>\n<p style=\"text-align: justify;\">Cette intervention du procureur n\u2019est ni plus ni moins qu\u2019un constat d\u2019\u00e9chec et d\u2019impuissance de l\u2019Etat\u00a0comme il le reconna\u00eet lui-m\u00eame : <em>\u00ab\u00a0On ne peut plus, \u00e0 l\u2019heure actuelle, se contenter de dire que la s\u00e9curit\u00e9 est une fonction r\u00e9galienne de l\u2019Etat\u00a0\u00bb\u00a0!<\/em><\/p>\n<p style=\"text-align: justify;\">Et pourtant la loi est tr\u00e8s claire et le procureur devrait \u00eatre le premier \u00e0 la rappeler et exiger des moyens lui permettant d\u2019agir efficacement : \u00ab\u00a0<em>La s\u00e9curit\u00e9 est un droit fondamental et l&rsquo;une des conditions de l&rsquo;exercice des libert\u00e9s individuelles et collectives. <strong>L&rsquo;Etat a le devoir d&rsquo;assurer la s\u00e9curit\u00e9<\/strong> en veillant, sur l&rsquo;ensemble du territoire de la R\u00e9publique, \u00e0 la d\u00e9fense des institutions et des int\u00e9r\u00eats nationaux, au respect des lois, au maintien de la paix et de l&rsquo;ordre publics, \u00e0 la protection des personnes et des biens.\u00a0\u00bb<\/em> (Code de la s\u00e9curit\u00e9 int\u00e9rieure, article L. 111-1)<\/p>\n<p style=\"text-align: justify;\">Nous voil\u00e0 au c\u0153ur des probl\u00e8mes, des dizaines d\u2019ann\u00e9es de politiques lib\u00e9rales ont amput\u00e9 les moyens de l\u2019Etat qui est alors incapable d\u2019assurer le minimum exig\u00e9 par la Constitution et la loi. D\u2019un autre cot\u00e9 le parlement vote des lois sans s\u2019assurer des moyens de les mettre en application. Notre Etat de droit est min\u00e9 par le bas par les maffias et par le haut par le gouvernement et les majorit\u00e9s parlementaires successives.<\/p>\n<p style=\"text-align: justify;\">Rappelons la loi\u00a0qui n\u2019a pas \u00e9t\u00e9 appliqu\u00e9e\u00a0: \u00ab\u00a0<strong><em>Constituent des orientations permanentes de la politique de s\u00e9curit\u00e9 publique <\/em><\/strong><em>: 1\u00b0 <strong>L&rsquo;extension \u00e0 l&rsquo;ensemble du territoire d&rsquo;une police de proximit\u00e9 r\u00e9pondant aux attentes et aux besoins des personnes en mati\u00e8re de s\u00e9curit\u00e9<\/strong>\u2026\u00a0\u00bb<\/em> (article L. 111-2 du code de la s\u00e9curit\u00e9 int\u00e9rieure).<\/p>\n<p style=\"text-align: justify;\">Dans son programme \u00e9lectoral, Emmanuel Macron, proposait\u00a0: <em>\u00ab\u00a0Seul un mod\u00e8le de police renouvel\u00e9, proche du terrain et pr\u00e9sent partout sur le territoire, permettra de r\u00e9duire la d\u00e9linquance et d\u2019am\u00e9liorer les relations avec la population\u2026 4 leviers seront actionn\u00e9s simultan\u00e9ment : mettre en place une police de s\u00e9curit\u00e9 quotidienne, renforcer nos forces de police, lutter contre les pratiques abusives en mati\u00e8re de contr\u00f4le d\u2019identit\u00e9 et am\u00e9liorer notre renseignement pour mieux lutter contre le terrorisme.\u00a0\u00bb<\/em>\u00a0Le ministre de l\u2019int\u00e9rieur a r\u00e9cemment indiqu\u00e9 que cette police de s\u00e9curit\u00e9 quotidienne sera mise en place d\u00e8s la fin de l\u2019ann\u00e9e. Attendons de voir ce qu\u2019il en sera dans la r\u00e9alit\u00e9. Mais on peut douter de l\u2019importance des moyens mis en \u0153uvre car il est pr\u00e9vu d\u2019importantes suppressions de postes dans la fonction publique. Il est \u00e0 craindre que ce ne soit qu\u2019un effet d\u2019annonce.<\/p>\n<p style=\"text-align: justify;\">Il est effectivement souhaitable qu\u2019il y ait un profond changement dans l\u2019organisation et le fonctionnement des forces de police et le retour \u00e0 une police de proximit\u00e9 permettrait une meilleure coop\u00e9ration entre police nationale et polices municipales et la police retrouverait un contact plus direct avec les populations<\/p>\n<p style=\"text-align: justify;\">Comment casser le syst\u00e8me mafieux du trafic de drogue\u00a0? Les faits sont l\u00e0, la politique de r\u00e9pression actuelle est un \u00e9chec total. Il est temps d\u2019ouvrir le d\u00e9bat sur les conditions d\u2019une l\u00e9galisation du cannabis et l\u2019exp\u00e9rimentation d\u2019une organisation de circuits officiels de vente (coffee shop) qui casseraient une partie importante de l\u2019\u00e9conomie souterraine actuelle. Il semble qu\u2019une majorit\u00e9 des forces politiques grenobloises soit favorable \u00e0 une r\u00e9flexion rapide \u00e0 ce sujet. A droite et \u00e0 l\u2019extr\u00eame droite on continue \u00e0 croire \u00e0 une solution r\u00e9pressive, il n\u2019y a rien \u00e0 attendre de ce c\u00f4t\u00e9 de l\u2019\u00e9chiquier politique.<\/p>\n<p style=\"text-align: justify;\">Il ne faudrait pas se contenter de la l\u00e9galisation, il faudrait aussi proposer une politique de sant\u00e9 publique en direction des usagers des drogues et de d\u00e9velopper des actions conjointes entre police et justice (pour le r\u00e9pression) et des actions de pr\u00e9vention associant les \u00e9lus locaux, les associations, l\u2019\u00e9ducation sp\u00e9cialis\u00e9e, les acteurs de la sant\u00e9, les usagers des drogues\u2026<\/p>\n<p style=\"text-align: justify;\">La question de la consommation et du trafic des drogues est complexe et ne peut se r\u00e9sumer \u00e0 r\u00e9pression \/l\u00e9galisation. C&rsquo;est un mal plus profond qu&rsquo;il faut regarder en face. Que faire de certains jeunes qui n&rsquo;ont d&rsquo;autres horizons que l&rsquo;argent facile vite gagn\u00e9, des mineurs d\u00e9scolaris\u00e9s embauch\u00e9s par les maffieux pour faire le guet\u2026 Notre soci\u00e9t\u00e9 est bien malade, min\u00e9e par le ch\u00f4mage de masse et la pauvret\u00e9 et les discours simplistes de certains responsables politiques sont totalement \u00e0 c\u00f4t\u00e9 de la plaque.<\/p>\n<p style=\"text-align: justify;\">Il est utile pour alimenter la r\u00e9flexion, de consulter les travaux de l\u2019Observatoire fran\u00e7ais des drogues et des toxicomanies (OFDT) qui a pour objet d\u2019\u00e9clairer les pouvoirs publics, les professionnels du champ et le grand public sur le ph\u00e9nom\u00e8ne des drogues et des addictions. <a href=\"https:\/\/www.ofdt.fr\/\">https:\/\/www.ofdt.fr\/<\/a> .<\/p>\n<p style=\"text-align: justify;\">L\u2019OFDT note des \u00e9volutions dans l\u2019organisation du commerce des drogues qui d\u00e9montre que les trafiquants \u00e9voluent vers les derni\u00e8res m\u00e9thodes commerciales\u00a0permises par le num\u00e9rique\u00a0:<\/p>\n<p style=\"text-align: justify;\"><em>\u00ab\u00a0Face \u00e0 ce climat de violence et de pr\u00e9sence polici\u00e8re accrue du fait de l\u2019\u00e9tat d\u2019urgence, les usagers les plus ins\u00e9r\u00e9s socialement r\u00e9pugnent de plus en plus \u00e0 se rendre dans les lieux de deal, ce qui a conduit les trafiquants \u00e0 continuer de \u00abd\u00e9velopper une strat\u00e9gie consistant \u00e0 aller vers les consommateurs\u00bb: prise de commandes par SMS, approvisionnement des clients dans des \u00abdrive\u00bb adoss\u00e9s \u00e0 une cit\u00e9 o\u00f9 les clients peuvent s\u2019approvisionner sans quitter leur v\u00e9hicule, voire commandes de produits sur internet et livraison postale des marchandises. Une sorte d\u2019\u00abub\u00e9risation\u00bb du trafic de drogue \u00bb.<\/em><\/p>\n<p style=\"text-align: justify;\"><em>\u00a0<\/em><\/p>\n","protected":false},"excerpt":{"rendered":"<p>Les propos du procureur de la R\u00e9publique, rapport\u00e9s par le Dauphin\u00e9 Lib\u00e9r\u00e9 du 26 juillet ont marqu\u00e9 cette p\u00e9riode estivale. M. Jean-Yves Coquillat y d\u00e9clare notamment\u00a0: \u00ab\u00a0De toute ma carri\u00e8re, je n\u2019ai jamais vu une ville aussi pourrie et gangren\u00e9e par le trafic de drogue que Grenoble. C\u2019est bien simple il y a des points [&hellip;]<\/p>\n","protected":false},"author":1,"featured_media":0,"comment_status":"closed","ping_status":"open","sticky":false,"template":"","format":"standard","meta":{"twitterCardType":"","cardImageID":0,"cardImage":"","cardTitle":"","cardDesc":"","cardImageAlt":"","cardPlayer":"","cardPlayerWidth":0,"cardPlayerHeight":0,"cardPlayerStream":"","cardPlayerCodec":"","footnotes":""},"categories":[62,11],"tags":[243,241,76],"class_list":["post-13238","post","type-post","status-publish","format-standard","hentry","category-le-rouge-le-vert-hebdo","category-politique-locale","tag-justice","tag-police","tag-securite"],"_links":{"self":[{"href":"https:\/\/www.ades-grenoble.org\/wordpress\/wp-json\/wp\/v2\/posts\/13238","targetHints":{"allow":["GET"]}}],"collection":[{"href":"https:\/\/www.ades-grenoble.org\/wordpress\/wp-json\/wp\/v2\/posts"}],"about":[{"href":"https:\/\/www.ades-grenoble.org\/wordpress\/wp-json\/wp\/v2\/types\/post"}],"author":[{"embeddable":true,"href":"https:\/\/www.ades-grenoble.org\/wordpress\/wp-json\/wp\/v2\/users\/1"}],"replies":[{"embeddable":true,"href":"https:\/\/www.ades-grenoble.org\/wordpress\/wp-json\/wp\/v2\/comments?post=13238"}],"version-history":[{"count":1,"href":"https:\/\/www.ades-grenoble.org\/wordpress\/wp-json\/wp\/v2\/posts\/13238\/revisions"}],"predecessor-version":[{"id":13240,"href":"https:\/\/www.ades-grenoble.org\/wordpress\/wp-json\/wp\/v2\/posts\/13238\/revisions\/13240"}],"wp:attachment":[{"href":"https:\/\/www.ades-grenoble.org\/wordpress\/wp-json\/wp\/v2\/media?parent=13238"}],"wp:term":[{"taxonomy":"category","embeddable":true,"href":"https:\/\/www.ades-grenoble.org\/wordpress\/wp-json\/wp\/v2\/categories?post=13238"},{"taxonomy":"post_tag","embeddable":true,"href":"https:\/\/www.ades-grenoble.org\/wordpress\/wp-json\/wp\/v2\/tags?post=13238"}],"curies":[{"name":"wp","href":"https:\/\/api.w.org\/{rel}","templated":true}]}}