{"id":13256,"date":"2017-09-01T17:19:27","date_gmt":"2017-09-01T15:19:27","guid":{"rendered":"http:\/\/www.ades-grenoble.org\/wordpress\/?p=13256"},"modified":"2017-09-01T18:00:48","modified_gmt":"2017-09-01T16:00:48","slug":"si-si-la-france-est-reformable-mais-a-condition","status":"publish","type":"post","link":"https:\/\/www.ades-grenoble.org\/wordpress\/2017\/09\/01\/si-si-la-france-est-reformable-mais-a-condition\/","title":{"rendered":"Si, si la France est r\u00e9formable mais \u00e0 condition\u2026"},"content":{"rendered":"<p style=\"text-align: justify;\"><em><img loading=\"lazy\" decoding=\"async\" class=\"size-full wp-image-8972 alignleft\" src=\"http:\/\/www.ades-grenoble.org\/wordpress\/wp-content\/uploads\/2014\/08\/Elysee.jpg\" alt=\"\" width=\"400\" height=\"267\" srcset=\"https:\/\/www.ades-grenoble.org\/wordpress\/wp-content\/uploads\/2014\/08\/Elysee.jpg 400w, https:\/\/www.ades-grenoble.org\/wordpress\/wp-content\/uploads\/2014\/08\/Elysee-150x100.jpg 150w, https:\/\/www.ades-grenoble.org\/wordpress\/wp-content\/uploads\/2014\/08\/Elysee-300x200.jpg 300w\" sizes=\"auto, (max-width: 400px) 100vw, 400px\" \/>\u00ab La France n&rsquo;est pas un pays r\u00e9formable. Beaucoup ont essay\u00e9 et n&rsquo;y ont pas r\u00e9ussi, car les Fran\u00e7ais d\u00e9testent les r\u00e9formes. D\u00e8s qu&rsquo;on peut \u00e9viter les r\u00e9formes, on le fait. \u00bb<\/em> D\u00e9claration \u00e9tonnante du Pr\u00e9sident de la R\u00e9publique \u00e0 l\u2019\u00e9tranger.<\/p>\n<p style=\"text-align: justify;\">A l\u2019ADES nous sommes totalement oppos\u00e9s \u00e0 cette caricature. Le Pr\u00e9sident oublie que les Fran\u00e7ais n\u2019ont pas tous les m\u00eames int\u00e9r\u00eats et qu\u2019il n\u2019est pas possible de satisfaire tout le monde. Si les r\u00e9formes avantageaient une grande majorit\u00e9 de Fran\u00e7ais, il est clair qu\u2019elles seraient adopt\u00e9es sans trop de probl\u00e8mes, mais depuis de tr\u00e8s longues ann\u00e9es les r\u00e9formes propos\u00e9es par les gouvernements successifs de droite comme de gauche ont avantag\u00e9 une minorit\u00e9 et toujours la m\u00eame. Il n\u2019y a qu\u2019\u00e0 voir l\u2019\u00e9volution des in\u00e9galit\u00e9s \u00e9conomiques et sociales qui se sont fortement accrues ces derni\u00e8res ann\u00e9es pour comprendre qu\u2019il est normal que la plupart des Fran\u00e7ais n\u2019adh\u00e8rent pas aux r\u00e9formes propos\u00e9es et comme les organisations collectives (notamment les syndicats et associations) ont perdu beaucoup de leurs capacit\u00e9s d\u2019actions suite \u00e0 la fragmentation sociale, il n\u2019y a pas eu de capacit\u00e9 de r\u00e9sistance suffisante pour imposer une autre politique.<\/p>\n<p style=\"text-align: justify;\"><!--more--><\/p>\n<p style=\"text-align: justify;\">Comme le d\u00e9montre \u00ab\u00a0<em>Alternatives \u00e9conomiques<\/em>\u00a0\u00bb (hors s\u00e9rie n\u00b0109 page 63)\u00a0: <em>\u00ab\u00a0La croissance est faible mais elle n\u2019est pas nulle. Entre 2003 et 2013, la masse des revenus a augment\u00e9 de 112,5 milliards apr\u00e8s imp\u00f4ts et prestations sociales. Ils se r\u00e9partissent en 2,3 milliards pour les 10% des m\u00e9nages les plus pauvres (1<sup>er<\/sup> d\u00e9cile) et en 42,4 milliards pour les 10 % les plus riches (10<sup>\u00e8me<\/sup> d\u00e9cile). Ce dixi\u00e8me a capt\u00e9 37,6 % de la richesse nouvelle. Les 30 % les plus ais\u00e9s ont r\u00e9cup\u00e9r\u00e9s les deux tiers des revenus suppl\u00e9mentaires.\u00a0En d\u00e9pit du \u00ab\u00a0matraquage fiscal\u00a0\u00bb.<\/em><\/p>\n<p style=\"text-align: justify;\">Sur le plan \u00e9conomique et social les propositions de la nouvelle majorit\u00e9 avantageront encore une fois beaucoup plus les riches que les pauvres et augmenteront la flexibilit\u00e9 en diminuant la s\u00e9curit\u00e9. On comprend alors que ce type de r\u00e9forme ne soit pas accept\u00e9. Le Pr\u00e9sident n\u2019a qu\u2019\u00e0 s\u2019en prendre \u00e0 lui-m\u00eame s\u2019il trouve que les Fran\u00e7ais d\u00e9testent les r\u00e9formes propos\u00e9es (baisse de l\u2019APL, r\u00e9forme in\u00e9dite du code du travail, suppression d\u2019une partie de l\u2019ISF\u2026).<\/p>\n<p style=\"text-align: justify;\">Il serait beaucoup plus simple d\u2019am\u00e9liorer les services publics locaux s\u2019il y avait une v\u00e9ritable r\u00e9forme de la fiscalit\u00e9 locale pour la rendre plus juste et s\u2019il \u00e9tait possible d\u2019aider les services publics industriels et commerciaux (eau, gaz, \u00e9lectricit\u00e9, assainissement, chauffage urbain, financ\u00e9s exclusivement par les usagers) en partie par l\u2019imp\u00f4t en permettant de faire de la tarification sociale ce qui est actuellement exclu et limit\u00e9 aux services publics administratifs. Nous sommes persuad\u00e9s qu\u2019une politique qui am\u00e9liorerait le syst\u00e8me de sant\u00e9 et d\u2019\u00e9ducation serait bien re\u00e7ue, de m\u00eame qu\u2019une politique qui rendrait les transports en commun gratuits ou tr\u00e8s peu chers serait bienvenue\u2026<\/p>\n<p style=\"text-align: justify;\">Evidemment cela exigerait de moins bien traiter la frange la plus riche de la population et de taxer les op\u00e9rations sp\u00e9culatives et de faire la chasse aux paradis fiscaux.<\/p>\n<p style=\"text-align: justify;\">L\u2019aust\u00e9rit\u00e9 impos\u00e9e aux collectivit\u00e9s risque de se poursuivre avec pour cons\u00e9quence une d\u00e9t\u00e9rioration de l\u2019emploi (public et priv\u00e9) local et de la qualit\u00e9 des services publics ce qui p\u00e8sera plus lourd sur les populations d\u00e9j\u00e0 tr\u00e8s fragilis\u00e9es et les in\u00e9galit\u00e9s continueront \u00e0 augmenter.<\/p>\n<p style=\"text-align: justify;\">La politique suivie par la majorit\u00e9 municipale, dans des conditions tr\u00e8s difficiles, \u00e0 travers le bouclier social et \u00e9cologique (notamment la non augmentation des taux des imp\u00f4ts locaux) a permis de minimiser l\u2019impact de l\u2019aust\u00e9rit\u00e9 sur une majorit\u00e9 de la population. Il faut poursuivre cette politique d\u00e9fensive et en m\u00eame temps (dirait Macron) il faut tout faire pour emp\u00eacher la politique gouvernementale d\u2019affaiblir les services publics essentiels \u00e0 la qualit\u00e9 de la vie quotidienne.<\/p>\n<p style=\"text-align: justify;\">La mobilisation des \u00e9lus des communes ainsi que celle des habitants pourrait faire reculer le gouvernement.<\/p>\n<p>&nbsp;<\/p>\n","protected":false},"excerpt":{"rendered":"<p>\u00ab La France n&rsquo;est pas un pays r\u00e9formable. Beaucoup ont essay\u00e9 et n&rsquo;y ont pas r\u00e9ussi, car les Fran\u00e7ais d\u00e9testent les r\u00e9formes. D\u00e8s qu&rsquo;on peut \u00e9viter les r\u00e9formes, on le fait. \u00bb D\u00e9claration \u00e9tonnante du Pr\u00e9sident de la R\u00e9publique \u00e0 l\u2019\u00e9tranger. A l\u2019ADES nous sommes totalement oppos\u00e9s \u00e0 cette caricature. Le Pr\u00e9sident oublie que les [&hellip;]<\/p>\n","protected":false},"author":1,"featured_media":0,"comment_status":"closed","ping_status":"open","sticky":false,"template":"","format":"standard","meta":{"twitterCardType":"","cardImageID":0,"cardImage":"","cardTitle":"","cardDesc":"","cardImageAlt":"","cardPlayer":"","cardPlayerWidth":0,"cardPlayerHeight":0,"cardPlayerStream":"","cardPlayerCodec":"","footnotes":""},"categories":[62,11],"tags":[104,33],"class_list":["post-13256","post","type-post","status-publish","format-standard","hentry","category-le-rouge-le-vert-hebdo","category-politique-locale","tag-economie","tag-social"],"_links":{"self":[{"href":"https:\/\/www.ades-grenoble.org\/wordpress\/wp-json\/wp\/v2\/posts\/13256","targetHints":{"allow":["GET"]}}],"collection":[{"href":"https:\/\/www.ades-grenoble.org\/wordpress\/wp-json\/wp\/v2\/posts"}],"about":[{"href":"https:\/\/www.ades-grenoble.org\/wordpress\/wp-json\/wp\/v2\/types\/post"}],"author":[{"embeddable":true,"href":"https:\/\/www.ades-grenoble.org\/wordpress\/wp-json\/wp\/v2\/users\/1"}],"replies":[{"embeddable":true,"href":"https:\/\/www.ades-grenoble.org\/wordpress\/wp-json\/wp\/v2\/comments?post=13256"}],"version-history":[{"count":1,"href":"https:\/\/www.ades-grenoble.org\/wordpress\/wp-json\/wp\/v2\/posts\/13256\/revisions"}],"predecessor-version":[{"id":13257,"href":"https:\/\/www.ades-grenoble.org\/wordpress\/wp-json\/wp\/v2\/posts\/13256\/revisions\/13257"}],"wp:attachment":[{"href":"https:\/\/www.ades-grenoble.org\/wordpress\/wp-json\/wp\/v2\/media?parent=13256"}],"wp:term":[{"taxonomy":"category","embeddable":true,"href":"https:\/\/www.ades-grenoble.org\/wordpress\/wp-json\/wp\/v2\/categories?post=13256"},{"taxonomy":"post_tag","embeddable":true,"href":"https:\/\/www.ades-grenoble.org\/wordpress\/wp-json\/wp\/v2\/tags?post=13256"}],"curies":[{"name":"wp","href":"https:\/\/api.w.org\/{rel}","templated":true}]}}