{"id":13273,"date":"2017-09-01T17:59:45","date_gmt":"2017-09-01T15:59:45","guid":{"rendered":"http:\/\/www.ades-grenoble.org\/wordpress\/?p=13273"},"modified":"2017-09-01T18:02:31","modified_gmt":"2017-09-01T16:02:31","slug":"agenda-56","status":"publish","type":"post","link":"https:\/\/www.ades-grenoble.org\/wordpress\/2017\/09\/01\/agenda-56\/","title":{"rendered":"Agenda"},"content":{"rendered":"<p style=\"text-align: justify;\"><strong><img loading=\"lazy\" decoding=\"async\" class=\"size-full wp-image-13274 alignleft\" src=\"http:\/\/www.ades-grenoble.org\/wordpress\/wp-content\/uploads\/2017\/09\/Albenc-2017.jpg\" alt=\"\" width=\"400\" height=\"124\" srcset=\"https:\/\/www.ades-grenoble.org\/wordpress\/wp-content\/uploads\/2017\/09\/Albenc-2017.jpg 400w, https:\/\/www.ades-grenoble.org\/wordpress\/wp-content\/uploads\/2017\/09\/Albenc-2017-150x47.jpg 150w, https:\/\/www.ades-grenoble.org\/wordpress\/wp-content\/uploads\/2017\/09\/Albenc-2017-300x93.jpg 300w\" sizes=\"auto, (max-width: 400px) 100vw, 400px\" \/>Samedi 2 septembre de 10 h \u00e0 20 h et dimanche 3 septembre de 10 h \u00e0 19 h, le 21\u00e8me Festival de l\u2019Avenir au Naturel \u00e0 l\u2019Albenc<\/strong>: Foire bio &#8211; Conf\u00e9rences &#8211; Ateliers et animations &#8211; Concerts<br \/>\nProgramme par <a href=\"http:\/\/enisere.asso.fr\/edition-2017\" target=\"_blank\" rel=\"noopener\">ici<\/a>.<\/p>\n<hr \/>\n<p style=\"text-align: justify;\"><strong>Samedi 2 septembre de 12 h \u00e0 24 h<\/strong>, au Parc Paul Mistral \u00e0 Grenoble\u00a0: <em>\u00ab\u00a0Rentr\u00e9e en fanfare pour le Front Social Grenoble !\u00a0\u00bb<\/em> Journ\u00e9e festive de d\u00e9bats et d\u2019informations autour des ordonnances Macron. Spectacles et concerts en soir\u00e9e. 12h\u00a0: ouverture par la Combatucada. 14h &#8211; 18h\u00a0: ateliers\/d\u00e9bats.18h &#8211; 24h\u00a0: D\u00e9bat autour des lois Macron. <em>\u00ab\u00a0<\/em><em>Non \u00e0 l\u2019aust\u00e9rit\u00e9 impos\u00e9e par la finance\u00a0! Nous ne paierons pas pour leurs profits\u00a0!\u00a0\u00bb<\/em><\/p>\n","protected":false},"excerpt":{"rendered":"<p>Samedi 2 septembre de 10 h \u00e0 20 h et dimanche 3 septembre de 10 h \u00e0 19 h, le 21\u00e8me Festival de l\u2019Avenir au Naturel \u00e0 l\u2019Albenc: Foire bio &#8211; Conf\u00e9rences &#8211; Ateliers et animations &#8211; Concerts Programme par ici. Samedi 2 septembre de 12 h \u00e0 24 h, au Parc Paul Mistral \u00e0 [&hellip;]<\/p>\n","protected":false},"author":1,"featured_media":0,"comment_status":"closed","ping_status":"open","sticky":false,"template":"","format":"standard","meta":{"twitterCardType":"","cardImageID":0,"cardImage":"","cardTitle":"","cardDesc":"","cardImageAlt":"","cardPlayer":"","cardPlayerWidth":0,"cardPlayerHeight":0,"cardPlayerStream":"","cardPlayerCodec":"","footnotes":""},"categories":[62,11],"tags":[125],"class_list":["post-13273","post","type-post","status-publish","format-standard","hentry","category-le-rouge-le-vert-hebdo","category-politique-locale","tag-agenda"],"_links":{"self":[{"href":"https:\/\/www.ades-grenoble.org\/wordpress\/wp-json\/wp\/v2\/posts\/13273","targetHints":{"allow":["GET"]}}],"collection":[{"href":"https:\/\/www.ades-grenoble.org\/wordpress\/wp-json\/wp\/v2\/posts"}],"about":[{"href":"https:\/\/www.ades-grenoble.org\/wordpress\/wp-json\/wp\/v2\/types\/post"}],"author":[{"embeddable":true,"href":"https:\/\/www.ades-grenoble.org\/wordpress\/wp-json\/wp\/v2\/users\/1"}],"replies":[{"embeddable":true,"href":"https:\/\/www.ades-grenoble.org\/wordpress\/wp-json\/wp\/v2\/comments?post=13273"}],"version-history":[{"count":2,"href":"https:\/\/www.ades-grenoble.org\/wordpress\/wp-json\/wp\/v2\/posts\/13273\/revisions"}],"predecessor-version":[{"id":13276,"href":"https:\/\/www.ades-grenoble.org\/wordpress\/wp-json\/wp\/v2\/posts\/13273\/revisions\/13276"}],"wp:attachment":[{"href":"https:\/\/www.ades-grenoble.org\/wordpress\/wp-json\/wp\/v2\/media?parent=13273"}],"wp:term":[{"taxonomy":"category","embeddable":true,"href":"https:\/\/www.ades-grenoble.org\/wordpress\/wp-json\/wp\/v2\/categories?post=13273"},{"taxonomy":"post_tag","embeddable":true,"href":"https:\/\/www.ades-grenoble.org\/wordpress\/wp-json\/wp\/v2\/tags?post=13273"}],"curies":[{"name":"wp","href":"https:\/\/api.w.org\/{rel}","templated":true}]}}