{"id":13317,"date":"2017-09-15T14:33:44","date_gmt":"2017-09-15T12:33:44","guid":{"rendered":"http:\/\/www.ades-grenoble.org\/wordpress\/?p=13317"},"modified":"2017-09-15T14:51:37","modified_gmt":"2017-09-15T12:51:37","slug":"loyers-en-baisse-a-grenoble","status":"publish","type":"post","link":"https:\/\/www.ades-grenoble.org\/wordpress\/2017\/09\/15\/loyers-en-baisse-a-grenoble\/","title":{"rendered":"Loyers en baisse \u00e0 Grenoble"},"content":{"rendered":"<p style=\"text-align: justify;\">L\u2019association Clameur rend public son analyse de la conjoncture du march\u00e9 locatif priv\u00e9 \u00e0 fin ao\u00fbt 2017. Dans la majorit\u00e9 des grandes villes la moyenne des loyers a l\u00e9g\u00e8rement diminu\u00e9. A Grenoble le loyer moyen en 2017 est de 11,8 \u20ac\/m2 et il a diminu\u00e9 de 1,8% par rapport \u00e0 l\u2019ann\u00e9e pass\u00e9e. Par contre dans la m\u00e9tropole la moyenne des loyers est un peu plus faible, 11,6 \u20ac\/m2 et l\u2019augmentation se poursuit, + 0\u00a0,7% par rapport \u00e0 2016.<\/p>\n<p style=\"text-align: justify;\">Les augmentations les plus violentes se sont produites entre 2000 et 2006 et le maximum \u00e9tait atteint en 2008 pour Grenoble, par contre dans la m\u00e9tropole l\u2019augmentation est continue depuis 2011.<img loading=\"lazy\" decoding=\"async\" class=\"size-full wp-image-13318 aligncenter\" src=\"http:\/\/www.ades-grenoble.org\/wordpress\/wp-content\/uploads\/2017\/09\/loyers.jpg\" alt=\"\" width=\"746\" height=\"452\" srcset=\"https:\/\/www.ades-grenoble.org\/wordpress\/wp-content\/uploads\/2017\/09\/loyers.jpg 746w, https:\/\/www.ades-grenoble.org\/wordpress\/wp-content\/uploads\/2017\/09\/loyers-150x91.jpg 150w, https:\/\/www.ades-grenoble.org\/wordpress\/wp-content\/uploads\/2017\/09\/loyers-300x182.jpg 300w, https:\/\/www.ades-grenoble.org\/wordpress\/wp-content\/uploads\/2017\/09\/loyers-600x364.jpg 600w\" sizes=\"auto, (max-width: 746px) 100vw, 746px\" \/><\/p>\n<p style=\"text-align: justify;\">Pour lire l&rsquo;\u00e9tude cliquez <a href=\"http:\/\/www.clameur.fr\/Dossiers-CLAMEUR\" target=\"_blank\" rel=\"noopener\">ici<\/a>.<\/p>\n","protected":false},"excerpt":{"rendered":"<p>L\u2019association Clameur rend public son analyse de la conjoncture du march\u00e9 locatif priv\u00e9 \u00e0 fin ao\u00fbt 2017. Dans la majorit\u00e9 des grandes villes la moyenne des loyers a l\u00e9g\u00e8rement diminu\u00e9. A Grenoble le loyer moyen en 2017 est de 11,8 \u20ac\/m2 et il a diminu\u00e9 de 1,8% par rapport \u00e0 l\u2019ann\u00e9e pass\u00e9e. Par contre dans [&hellip;]<\/p>\n","protected":false},"author":1,"featured_media":0,"comment_status":"closed","ping_status":"open","sticky":false,"template":"","format":"standard","meta":{"twitterCardType":"","cardImageID":0,"cardImage":"","cardTitle":"","cardDesc":"","cardImageAlt":"","cardPlayer":"","cardPlayerWidth":0,"cardPlayerHeight":0,"cardPlayerStream":"","cardPlayerCodec":"","footnotes":""},"categories":[62,11],"tags":[294,308,280],"class_list":["post-13317","post","type-post","status-publish","format-standard","hentry","category-le-rouge-le-vert-hebdo","category-politique-locale","tag-immobilier","tag-loyers","tag-metropole"],"_links":{"self":[{"href":"https:\/\/www.ades-grenoble.org\/wordpress\/wp-json\/wp\/v2\/posts\/13317","targetHints":{"allow":["GET"]}}],"collection":[{"href":"https:\/\/www.ades-grenoble.org\/wordpress\/wp-json\/wp\/v2\/posts"}],"about":[{"href":"https:\/\/www.ades-grenoble.org\/wordpress\/wp-json\/wp\/v2\/types\/post"}],"author":[{"embeddable":true,"href":"https:\/\/www.ades-grenoble.org\/wordpress\/wp-json\/wp\/v2\/users\/1"}],"replies":[{"embeddable":true,"href":"https:\/\/www.ades-grenoble.org\/wordpress\/wp-json\/wp\/v2\/comments?post=13317"}],"version-history":[{"count":1,"href":"https:\/\/www.ades-grenoble.org\/wordpress\/wp-json\/wp\/v2\/posts\/13317\/revisions"}],"predecessor-version":[{"id":13319,"href":"https:\/\/www.ades-grenoble.org\/wordpress\/wp-json\/wp\/v2\/posts\/13317\/revisions\/13319"}],"wp:attachment":[{"href":"https:\/\/www.ades-grenoble.org\/wordpress\/wp-json\/wp\/v2\/media?parent=13317"}],"wp:term":[{"taxonomy":"category","embeddable":true,"href":"https:\/\/www.ades-grenoble.org\/wordpress\/wp-json\/wp\/v2\/categories?post=13317"},{"taxonomy":"post_tag","embeddable":true,"href":"https:\/\/www.ades-grenoble.org\/wordpress\/wp-json\/wp\/v2\/tags?post=13317"}],"curies":[{"name":"wp","href":"https:\/\/api.w.org\/{rel}","templated":true}]}}