{"id":13349,"date":"2017-09-22T17:46:29","date_gmt":"2017-09-22T15:46:29","guid":{"rendered":"http:\/\/www.ades-grenoble.org\/wordpress\/?p=13349"},"modified":"2017-09-22T18:09:33","modified_gmt":"2017-09-22T16:09:33","slug":"le-rassemblement-citoyen-de-la-gauche-et-des-ecologistes-juge-la-rentree-politique","status":"publish","type":"post","link":"https:\/\/www.ades-grenoble.org\/wordpress\/2017\/09\/22\/le-rassemblement-citoyen-de-la-gauche-et-des-ecologistes-juge-la-rentree-politique\/","title":{"rendered":"Le Rassemblement citoyen de la gauche et des \u00e9cologistes juge la rentr\u00e9e politique"},"content":{"rendered":"<p style=\"text-align: justify;\"><img loading=\"lazy\" decoding=\"async\" class=\"size-full wp-image-8471 alignleft\" src=\"http:\/\/www.ades-grenoble.org\/wordpress\/wp-content\/uploads\/2014\/04\/GrenobleUneVillePourTous-300x141.jpg\" alt=\"\" width=\"300\" height=\"141\" srcset=\"https:\/\/www.ades-grenoble.org\/wordpress\/wp-content\/uploads\/2014\/04\/GrenobleUneVillePourTous-300x141.jpg 300w, https:\/\/www.ades-grenoble.org\/wordpress\/wp-content\/uploads\/2014\/04\/GrenobleUneVillePourTous-300x141-150x70.jpg 150w\" sizes=\"auto, (max-width: 300px) 100vw, 300px\" \/>Communiqu\u00e9 de presse du Rassemblement du 15 septembre 2017\u00a0:<\/p>\n<p style=\"text-align: justify;\">\u00ab\u00a0<em>La coordination du RCGE qui regroupe le R\u00e9seau Citoyen, l\u2019ADES, EELV, le PG, Ensemble\u00a0!, Nouvelle Donne juge la politique gouvernementale tr\u00e8s agressive sur le plan social et \u00e9conomique ce qui va mettre encore plus \u00e0 mal la gestion des collectivit\u00e9s locales\u00a0; elle rappelle son soutien \u00e0 la majorit\u00e9 municipale grenobloise qui se trouve dans une situation financi\u00e8re difficile, mais qui a eu le courage de ne pas augmenter les taux des imp\u00f4ts. En effet, les baisses importantes des dotations budg\u00e9taires aux collectivit\u00e9s mises en \u0153uvre par le gouvernement pr\u00e9c\u00e9dent ont conduit la municipalit\u00e9 \u00e0 faire des choix pour sauver les services publics locaux. <\/em><\/p>\n<p style=\"text-align: justify;\"><em>Cette r\u00e9organisation des services publics locaux \u00e9labor\u00e9e sous une contrainte budg\u00e9taire mena\u00e7ante, s\u2019est faite au prix d\u2019efforts consid\u00e9rables, tout en recherchant une am\u00e9lioration pour l\u2019ensemble des grenoblois.<\/em><\/p>\n<p><!--more--><\/p>\n<p style=\"text-align: justify;\"><em>En effet on peut constater\u00a0(exemples non limitatifs) :<\/em><\/p>\n<p style=\"text-align: justify;\"><em>&#8211; une rentr\u00e9e scolaire bien pr\u00e9par\u00e9e par l&rsquo;\u00e9quipe municipale en d\u00e9pit de l&rsquo;augmentation continue des effectifs, justifiant le plan Ecoles ; le p\u00e9riscolaire n\u2019ayant pas d\u2019emplois aid\u00e9s n\u2019a pas \u00e9t\u00e9 touch\u00e9 par leur non reconduction.<\/em><\/p>\n<p style=\"text-align: justify;\"><em>&#8211; l&rsquo;extension de la zone pi\u00e9tonne (secteur R\u00e9publique\/Grenette) pl\u00e9biscit\u00e9e par habitants et visiteurs qui se sont appropri\u00e9s tr\u00e8s rapidement le nouveau mobilier ;<\/em><\/p>\n<p style=\"text-align: justify;\"><em>&#8211; la mise en valeur du patrimoine avec l&rsquo;illumination\/r\u00e9novation attendue de la tour Perret ;<\/em><\/p>\n<p style=\"text-align: justify;\"><em>&#8211; la mise en place du projet de la biblioth\u00e8que de l\u2019Alliance et le d\u00e9marrage des travaux\u2026<\/em><\/p>\n<p style=\"text-align: justify;\"><em>Par ailleurs, la solidarit\u00e9, l\u2019\u00e9quit\u00e9 et la justice sociale sont au c\u0153ur des projets de la majorit\u00e9 municipale\u00a0: la mise en place effective de\u00a0\u00ab\u00a0l\u2019allocation eau\u00a0\u00bb pour environ 9600 m\u00e9nages dans l\u2019agglom\u00e9ration qui vont recevoir un ch\u00e8que limitant leur facture d\u2019eau \u00e0 2,5% de leurs revenus. Cela compl\u00e8te bien la tarification sociale syst\u00e9matique des services publics grenoblois et la non augmentation des taux des imp\u00f4ts locaux trop injustes\u2026<\/em><\/p>\n<p style=\"text-align: justify;\"><em>Le Rassemblement citoyen de la gauche et des \u00e9cologistes (RCGE) d\u00e9nonce fortement les d\u00e9cisions r\u00e9centes du gouvernement qui dessinent une politique d\u00e9s\u00e9quilibr\u00e9e sur le plan social, n\u00e9gative pour l\u2019emploi local et contre un bon fonctionnement des services publics locaux.<\/em><\/p>\n<p style=\"text-align: justify;\"><em>Utilisant le rapport de la Cour des comptes sur la situation financi\u00e8re de l\u2019Etat laiss\u00e9e par la majorit\u00e9 pr\u00e9c\u00e9dente (dont faisait partie E. Macron), le nouveau gouvernement a pris un certain nombre de d\u00e9cisions tr\u00e8s agressives sur le plan social, notamment la suppression de nombreux emplois aid\u00e9s (qui met en grande difficult\u00e9 de nombreux acteurs de la solidarit\u00e9 notamment des associations, \u00e0 Grenoble ce sont 160 emplois qui sont supprim\u00e9s), la baisse des APL de 5 \u20ac par mois (qui laisse pr\u00e9sager une r\u00e9forme n\u00e9faste des APL et du financement du logement social), la suppression de certains cr\u00e9dits aux collectivit\u00e9s locales\u2026 M\u00eame si la responsabilit\u00e9 de l\u2019ancien gouvernement est claire sur la situation laiss\u00e9e, les d\u00e9cisions prises pour corriger la situation vont toutes dans le mauvais sens, comme dans la loi travail qui organise la flexibilit\u00e9 en supprimant la s\u00e9curit\u00e9 pour les salari\u00e9s.<\/em><\/p>\n<p style=\"text-align: justify;\"><em>Durant cet \u00e9t\u00e9, les associations d\u2019\u00e9lus (Association des Maires, France urbaine\u2026) ont tir\u00e9 le signal d\u2019alarme devant une s\u00e9rie d\u2019annonces tr\u00e8s inqui\u00e9tantes notamment la volont\u00e9 de l\u2019Etat d\u2019imposer 13 milliards d\u2019\u00e9conomies aux collectivit\u00e9s locales d\u2019ici \u00e0 2022. De m\u00eame la suppression d\u2019une partie de la taxe d\u2019habitation, telle qu\u2019elle est impos\u00e9e sans discussion risque d\u2019avoir des r\u00e9percussions n\u00e9gatives sur la capacit\u00e9 d\u2019action de la ville surtout si cette suppression est mal compens\u00e9e par l\u2019\u00c9tat. Rappel\u00a0: la taxe d\u2019habitation rapporte 50 M\u20ac chaque ann\u00e9e en recettes \u00e0 la ville et 54 M\u20ac \u00e0 la M\u00e9tro. Il n\u2019est pas sain qu\u2019une majorit\u00e9 des m\u00e9nages ne payent plus la taxe d\u2019habitation, cela casse un lien entre la population et l\u2019institution politique. Il serait hautement pr\u00e9f\u00e9rable de rendre la taxe proportionnelle aux revenus du m\u00e9nage pour en faire un imp\u00f4t juste et solidaire (sans effet de seuil).<\/em><\/p>\n<p style=\"text-align: justify;\"><em>La recherche d\u2019\u00e9conomies tr\u00e8s importantes dans les d\u00e9penses publiques locales entraine des d\u00e9g\u00e2ts \u00e9conomiques et sociaux importants\u00a0: baisse des investissements utiles, destruction de l\u2019emploi local et mise en danger des services publics locaux essentiels pour la qualit\u00e9 de la vie quotidienne des habitants. <\/em><\/p>\n<p style=\"text-align: justify;\"><em>Le RCGE s\u2019associe aux multiples protestations contre cette politique et se mobilise pour enrayer les d\u00e9cisions gouvernementales n\u00e9gatives en d\u00e9non\u00e7ant la politique d\u2019aust\u00e9rit\u00e9 mortif\u00e8re pour les services publics \u00e0 tous les niveaux. Le Rassemblement s\u2019adressera aux parlementaires pour qu\u2019ils amendent la loi de finance 2018 dans le bon sens.<\/em><\/p>\n<p style=\"text-align: justify;\"><em>La ville de Grenoble a \u00e9t\u00e9 profond\u00e9ment atteinte par cette aust\u00e9rit\u00e9 impos\u00e9e et la politique de sauvegarde des services publics locaux mise en place dans l\u2019urgence a port\u00e9 ses fruits, mais les services publics ne pourraient plus \u00eatre sauvegard\u00e9s si les baisses de ses dotations se poursuivent.<\/em><\/p>\n<p style=\"text-align: justify;\"><em>La m\u00e9tropole, moins atteinte pour l\u2019instant, a besoin de toutes ses ressources pour organiser au mieux l\u2019ensemble des comp\u00e9tences qui lui ont \u00e9t\u00e9 transf\u00e9r\u00e9es. Elle doit rapidement acheter au moins les 2\/3 des actions de la ville de Grenoble dans les SEM GEG et CCIAG pour faire cesser une situation anormale et irr\u00e9guli\u00e8re.<\/em><\/p>\n<p style=\"text-align: justify;\"><em>Nous sommes inquiets quant aux compensations financi\u00e8res qui devraient accompagner tout transfert de comp\u00e9tences. Le gouvernement cherche (tout comme le pr\u00e9c\u00e9dent) \u00e0 \u00e9quilibrer son budget sur le dos (entre autres) des collectivit\u00e9s territoriales d\u00e9j\u00e0 exsangues.<\/em><\/p>\n<p style=\"text-align: justify;\"><em>Nous refusons que la recherche d\u2019un \u00e9quilibre budg\u00e9taire au niveau national se fasse par un d\u00e9sengagement de l\u2019\u00c9tat\u00a0\u00a0 dans les services publics d\u2019\u00c9tat, hospitaliers et territoriaux.\u00a0<\/em>\u00bb<\/p>\n","protected":false},"excerpt":{"rendered":"<p>Communiqu\u00e9 de presse du Rassemblement du 15 septembre 2017\u00a0: \u00ab\u00a0La coordination du RCGE qui regroupe le R\u00e9seau Citoyen, l\u2019ADES, EELV, le PG, Ensemble\u00a0!, Nouvelle Donne juge la politique gouvernementale tr\u00e8s agressive sur le plan social et \u00e9conomique ce qui va mettre encore plus \u00e0 mal la gestion des collectivit\u00e9s locales\u00a0; elle rappelle son soutien \u00e0 [&hellip;]<\/p>\n","protected":false},"author":1,"featured_media":0,"comment_status":"closed","ping_status":"open","sticky":false,"template":"","format":"standard","meta":{"twitterCardType":"","cardImageID":0,"cardImage":"","cardTitle":"","cardDesc":"","cardImageAlt":"","cardPlayer":"","cardPlayerWidth":0,"cardPlayerHeight":0,"cardPlayerStream":"","cardPlayerCodec":"","footnotes":""},"categories":[62,11],"tags":[128],"class_list":["post-13349","post","type-post","status-publish","format-standard","hentry","category-le-rouge-le-vert-hebdo","category-politique-locale","tag-rassemblement-2014"],"_links":{"self":[{"href":"https:\/\/www.ades-grenoble.org\/wordpress\/wp-json\/wp\/v2\/posts\/13349","targetHints":{"allow":["GET"]}}],"collection":[{"href":"https:\/\/www.ades-grenoble.org\/wordpress\/wp-json\/wp\/v2\/posts"}],"about":[{"href":"https:\/\/www.ades-grenoble.org\/wordpress\/wp-json\/wp\/v2\/types\/post"}],"author":[{"embeddable":true,"href":"https:\/\/www.ades-grenoble.org\/wordpress\/wp-json\/wp\/v2\/users\/1"}],"replies":[{"embeddable":true,"href":"https:\/\/www.ades-grenoble.org\/wordpress\/wp-json\/wp\/v2\/comments?post=13349"}],"version-history":[{"count":2,"href":"https:\/\/www.ades-grenoble.org\/wordpress\/wp-json\/wp\/v2\/posts\/13349\/revisions"}],"predecessor-version":[{"id":13351,"href":"https:\/\/www.ades-grenoble.org\/wordpress\/wp-json\/wp\/v2\/posts\/13349\/revisions\/13351"}],"wp:attachment":[{"href":"https:\/\/www.ades-grenoble.org\/wordpress\/wp-json\/wp\/v2\/media?parent=13349"}],"wp:term":[{"taxonomy":"category","embeddable":true,"href":"https:\/\/www.ades-grenoble.org\/wordpress\/wp-json\/wp\/v2\/categories?post=13349"},{"taxonomy":"post_tag","embeddable":true,"href":"https:\/\/www.ades-grenoble.org\/wordpress\/wp-json\/wp\/v2\/tags?post=13349"}],"curies":[{"name":"wp","href":"https:\/\/api.w.org\/{rel}","templated":true}]}}