{"id":13369,"date":"2017-09-29T14:04:09","date_gmt":"2017-09-29T12:04:09","guid":{"rendered":"http:\/\/www.ades-grenoble.org\/wordpress\/?p=13369"},"modified":"2017-09-29T14:41:01","modified_gmt":"2017-09-29T12:41:01","slug":"attention-aux-exces-et-derives-de-la-lutte-contre-la-fraude-aux-prestations","status":"publish","type":"post","link":"https:\/\/www.ades-grenoble.org\/wordpress\/2017\/09\/29\/attention-aux-exces-et-derives-de-la-lutte-contre-la-fraude-aux-prestations\/","title":{"rendered":"Attention aux exc\u00e8s et d\u00e9rives de la lutte contre la fraude aux prestations"},"content":{"rendered":"<p style=\"text-align: justify;\"><img loading=\"lazy\" decoding=\"async\" class=\"size-full wp-image-13370 alignleft\" src=\"http:\/\/www.ades-grenoble.org\/wordpress\/wp-content\/uploads\/2017\/09\/DefenseurDroits.jpg\" alt=\"\" width=\"360\" height=\"81\" srcset=\"https:\/\/www.ades-grenoble.org\/wordpress\/wp-content\/uploads\/2017\/09\/DefenseurDroits.jpg 360w, https:\/\/www.ades-grenoble.org\/wordpress\/wp-content\/uploads\/2017\/09\/DefenseurDroits-150x34.jpg 150w, https:\/\/www.ades-grenoble.org\/wordpress\/wp-content\/uploads\/2017\/09\/DefenseurDroits-300x68.jpg 300w\" sizes=\"auto, (max-width: 360px) 100vw, 360px\" \/>Le d\u00e9fenseur des droits vient de rendre public un rapport intitul\u00e9\u00a0: \u00ab\u00a0<em>Lutte contre la fraude aux prestations sociales : \u00e0 quels prix pour les droits des usagers ?\u00a0\u00bb<\/em>\u00a0 dans lequel il a identifi\u00e9 et \u00e9valu\u00e9 les effets des dispositifs de lutte contre la fraude aux prestations sociales sur les droits des usagers des services publics.<\/p>\n<p style=\"text-align: justify;\"><em>\u00ab\u00a0Il rel\u00e8ve que l\u2019usager est pris en tenaille entre une proc\u00e9dure d\u00e9clarative d\u2019acc\u00e8s aux prestations sociales, simplifi\u00e9e mais propice aux erreurs et un dispositif de lutte contre la fraude de plus en plus \u00e9toff\u00e9. \u00ab\u00a0La lutte renforc\u00e9e contre la fraude aux prestations sociales, combin\u00e9e aux erreurs de d\u00e9claration des b\u00e9n\u00e9ficiaires, v\u00e9hicule la suspicion d\u2019une fraude massive et peut s\u2019av\u00e9rer probl\u00e9matique pour les droits des usagers des services publics \u00bb estime ainsi le D\u00e9fenseur des droits, Jacques Toubon. Pourtant, la fraude aux prestations sociales dans les branches maladie, retraite, famille et \u00e0 P\u00f4le Emploi, ne repr\u00e9sente que 3% du montant total de la fraude d\u00e9tect\u00e9e en France en 2015\u00a0\u00bb<\/em><\/p>\n<p><!--more--><\/p>\n<p style=\"text-align: justify;\">Il rel\u00e8ve \u00e9galement que <em>\u00ab\u00a0les larges pouvoirs accord\u00e9s aux caisses d\u2019allocations familiales (CAF), d\u2019assurance retraite et de sant\u00e9 au travail (CARSAT), du r\u00e9gime social des ind\u00e9pendants (RSI), de l\u2019assurance maladie (CPAM), de la mutualit\u00e9 sociale agricole (MSA) ou aux agences P\u00f4le emploi ont entrain\u00e9 des d\u00e9rives dans les proc\u00e9dures de contr\u00f4le, de qualification et de sanction de la fraude. Leurs effets sont d\u2019autant plus d\u00e9vastateurs, telles que l\u2019obligation de remboursement d\u2019indus consid\u00e9rables par rapport au budget du foyer ou la rupture des ressources, qu\u2019ils atteignent une population d\u00e9j\u00e0 fragilis\u00e9e qui parfois ignore ses droits.\u00a0\u00bb<\/em><\/p>\n<p style=\"text-align: justify;\">Afin de garantir le respect des droits des demandeurs ou b\u00e9n\u00e9ficiaires de prestations sociales, le D\u00e9fenseur des droits formule seize recommandations qui visent, notamment \u00e0\u00a0: mieux informer les demandeurs\/b\u00e9n\u00e9ficiaires de prestations sur les proc\u00e9dures de contr\u00f4le et de sanction de la fraude\u00a0; renforcer les droits de la d\u00e9fense\u00a0et pr\u00e9server la dignit\u00e9 des personnes.<\/p>\n<p style=\"text-align: justify;\">Pour lire la synth\u00e8se du rapport cliquez <a href=\"https:\/\/www.defenseurdesdroits.fr\/sites\/default\/files\/atoms\/files\/synthese-fraudessoc-v3.pdf\" target=\"_blank\" rel=\"noopener\">ici<\/a> et le rapport complet <a href=\"https:\/\/www.defenseurdesdroits.fr\/sites\/default\/files\/atoms\/files\/rapportfraudessociales-v6-06.09.17_0.pdf\" target=\"_blank\" rel=\"noopener\">l\u00e0<\/a>.<\/p>\n","protected":false},"excerpt":{"rendered":"<p>Le d\u00e9fenseur des droits vient de rendre public un rapport intitul\u00e9\u00a0: \u00ab\u00a0Lutte contre la fraude aux prestations sociales : \u00e0 quels prix pour les droits des usagers ?\u00a0\u00bb\u00a0 dans lequel il a identifi\u00e9 et \u00e9valu\u00e9 les effets des dispositifs de lutte contre la fraude aux prestations sociales sur les droits des usagers des services publics. [&hellip;]<\/p>\n","protected":false},"author":1,"featured_media":0,"comment_status":"closed","ping_status":"open","sticky":false,"template":"","format":"standard","meta":{"twitterCardType":"","cardImageID":0,"cardImage":"","cardTitle":"","cardDesc":"","cardImageAlt":"","cardPlayer":"","cardPlayerWidth":0,"cardPlayerHeight":0,"cardPlayerStream":"","cardPlayerCodec":"","footnotes":""},"categories":[62,11],"tags":[295,243,33],"class_list":["post-13369","post","type-post","status-publish","format-standard","hentry","category-le-rouge-le-vert-hebdo","category-politique-locale","tag-droits","tag-justice","tag-social"],"_links":{"self":[{"href":"https:\/\/www.ades-grenoble.org\/wordpress\/wp-json\/wp\/v2\/posts\/13369","targetHints":{"allow":["GET"]}}],"collection":[{"href":"https:\/\/www.ades-grenoble.org\/wordpress\/wp-json\/wp\/v2\/posts"}],"about":[{"href":"https:\/\/www.ades-grenoble.org\/wordpress\/wp-json\/wp\/v2\/types\/post"}],"author":[{"embeddable":true,"href":"https:\/\/www.ades-grenoble.org\/wordpress\/wp-json\/wp\/v2\/users\/1"}],"replies":[{"embeddable":true,"href":"https:\/\/www.ades-grenoble.org\/wordpress\/wp-json\/wp\/v2\/comments?post=13369"}],"version-history":[{"count":1,"href":"https:\/\/www.ades-grenoble.org\/wordpress\/wp-json\/wp\/v2\/posts\/13369\/revisions"}],"predecessor-version":[{"id":13371,"href":"https:\/\/www.ades-grenoble.org\/wordpress\/wp-json\/wp\/v2\/posts\/13369\/revisions\/13371"}],"wp:attachment":[{"href":"https:\/\/www.ades-grenoble.org\/wordpress\/wp-json\/wp\/v2\/media?parent=13369"}],"wp:term":[{"taxonomy":"category","embeddable":true,"href":"https:\/\/www.ades-grenoble.org\/wordpress\/wp-json\/wp\/v2\/categories?post=13369"},{"taxonomy":"post_tag","embeddable":true,"href":"https:\/\/www.ades-grenoble.org\/wordpress\/wp-json\/wp\/v2\/tags?post=13369"}],"curies":[{"name":"wp","href":"https:\/\/api.w.org\/{rel}","templated":true}]}}