{"id":13388,"date":"2017-09-29T14:29:35","date_gmt":"2017-09-29T12:29:35","guid":{"rendered":"http:\/\/www.ades-grenoble.org\/wordpress\/?p=13388"},"modified":"2017-09-29T14:42:31","modified_gmt":"2017-09-29T12:42:31","slug":"bibliotheques-une-restructuration-importante","status":"publish","type":"post","link":"https:\/\/www.ades-grenoble.org\/wordpress\/2017\/09\/29\/bibliotheques-une-restructuration-importante\/","title":{"rendered":"Biblioth\u00e8ques : une restructuration importante"},"content":{"rendered":"<p style=\"text-align: justify;\"><img loading=\"lazy\" decoding=\"async\" class=\"size-full wp-image-11744 alignleft\" src=\"http:\/\/www.ades-grenoble.org\/wordpress\/wp-content\/uploads\/2016\/06\/Bibliotheque-Hauquelin-1.jpg\" alt=\"\" width=\"400\" height=\"267\" srcset=\"https:\/\/www.ades-grenoble.org\/wordpress\/wp-content\/uploads\/2016\/06\/Bibliotheque-Hauquelin-1.jpg 400w, https:\/\/www.ades-grenoble.org\/wordpress\/wp-content\/uploads\/2016\/06\/Bibliotheque-Hauquelin-1-150x100.jpg 150w, https:\/\/www.ades-grenoble.org\/wordpress\/wp-content\/uploads\/2016\/06\/Bibliotheque-Hauquelin-1-300x200.jpg 300w\" sizes=\"auto, (max-width: 400px) 100vw, 400px\" \/>Le Conseil municipal du 25 septembre a pris des engagements importants concernant l&rsquo;\u00e9volution du r\u00e9seau de lecture publique\u00a0notamment il a confirm\u00e9 le maintien de la biblioth\u00e8que Alliance et l\u2019ouverture de relais lecture \u00e0 l\u2019IleVerte\/Notre Dame\/Alma Tr\u00e8s-Cloitres et au Village Olympique et il s\u2019est engag\u00e9 \u00e0 associer les usagers et les habitants \u00e0 la vie et \u00e0 l\u2019\u00e9volution du r\u00e9seau de lecture publique grenoblois.<\/p>\n<p style=\"text-align: justify;\">Une cons\u00e9quence douloureuse de l\u2019aust\u00e9rit\u00e9 impos\u00e9e par les violentes baisses des dotations de l\u2019Etat conjugu\u00e9es avec la situation financi\u00e8re d\u00e9sastreuse laiss\u00e9e par l\u2019ancienne majorit\u00e9 a \u00e9t\u00e9 de restructurer l\u2019ensemble du r\u00e9seau des biblioth\u00e8ques et de commencer \u00e0 r\u00e9fl\u00e9chir \u00e0 l\u2019am\u00e9lioration de la politique de lecture publique dans la ville qui est une des priorit\u00e9s politique affirm\u00e9e. L\u2019impossibilit\u00e9 financi\u00e8re \u00e0 court, moyen et long terme de remplacer de nombreux d\u00e9parts \u00e0 la retraite a impliqu\u00e9 pour de nombreux services des restructurations tr\u00e8s rapides, sinon c\u2019\u00e9tait la mise sous tutelle de la ville d\u00e8s 2015.<\/p>\n<p style=\"text-align: justify;\">La d\u00e9cision de fermer ces trois biblioth\u00e8ques a \u00e9t\u00e9 critiqu\u00e9e (surtout la fermeture d\u2019Alliance) et une p\u00e9tition (qui a obtenu 4500 signatures) exigeait le maintien \u00e0 l\u2019identique de ces trois biblioth\u00e8ques avec le personnel\u00a0permettant leur fonctionnement : <em>\u00ab\u00a0Nous demandons la r\u00e9ouverture des biblioth\u00e8ques Pr\u00e9mol, Hauquelin et le maintien de la biblioth\u00e8que Alliance et celui des professionnels permettant leur fonctionnement\u00a0\u00bb.<\/em><\/p>\n<p><!--more--><\/p>\n<p style=\"text-align: justify;\">La majorit\u00e9 a revu sa copie et a fait l\u2019effort de maintenir la biblioth\u00e8que Alliance car dans ce quartier il y a un d\u00e9ficit de service public de proximit\u00e9, en la restructurant pour offrir d\u2019autres services et en faire un lieu de rencontre pour les habitants du quartier.<\/p>\n<p style=\"text-align: justify;\">De longues discussions avec les porteurs de la p\u00e9tition ont abouti \u00e0 de nouvelles propositions de la majorit\u00e9 pour r\u00e9organiser au mieux la lecture publique dans un cadre financier tr\u00e8s contraint.<\/p>\n<p style=\"text-align: justify;\"><u>Le Conseil municipal a d\u00e9cid\u00e9\u00a0: <\/u><\/p>\n<p style=\"text-align: justify;\"><em>\u00ab\u00a0Conform\u00e9ment aux engagements pris par le Maire, la Ville de Grenoble mettra en \u0153uvre \u00e0 partir du mois d&rsquo;octobre et pendant plusieurs mois une consultation des Grenoblois et usagers du r\u00e9seau\u2026<\/em><\/p>\n<p style=\"text-align: justify;\"><em>Cette consultation poursuivra plusieurs objectifs :<\/em><\/p>\n<p style=\"text-align: justify;\"><em>&#8211; Consolider le dialogue avec les Grenoblois autour des enjeux de la lecture publique et des \u00e9volutions du r\u00e9seau. Un espace d\u00e9di\u00e9 sera am\u00e9nag\u00e9 sur le site Internet de la Ville afin de permettre \u00e0 chacun d\u2019acc\u00e9der aux donn\u00e9es relatives au r\u00e9seau ainsi qu\u2019aux ressources documentaires concernant son \u00e9volution et d\u2019exprimer son avis sur les enjeux de la lecture publique \u00e0 Grenoble.<\/em><\/p>\n<p style=\"text-align: justify;\"><em>&#8211; Construire une analyse approfondie des pratiques de lecture publique des Grenoblois et usagers du r\u00e9seau. Depuis plus d\u2019une d\u00e9cennie, les pratiques se sont profond\u00e9ment transform\u00e9es, les biblioth\u00e8ques ont entam\u00e9 leur \u00e9volution en r\u00e9ponse aux nouveaux besoins des usagers et professionnels. La consultation, \u00e9tay\u00e9e par les professionnels, nourrira les orientations port\u00e9es par la Ville en mati\u00e8re de lecture publique afin de r\u00e9pondre aux besoins et attentes des Grenoblois, des usagers et non usagers du r\u00e9seau.<\/em><\/p>\n<p style=\"text-align: justify;\"><em>&#8211; Nourrir une approche prospective de la lecture publique \u00e0 Grenoble et des investissements n\u00e9cessaires \u00e0 son d\u00e9veloppement.\u00a0\u00bb<\/em><\/p>\n<p style=\"text-align: justify;\"><strong><em>\u00a0<\/em><\/strong><\/p>\n<p style=\"text-align: justify;\"><u>Pour la biblioth\u00e8que Alliance\u00a0:<\/u><\/p>\n<p style=\"text-align: justify;\"><em>\u00ab\u00a0En d\u00e9cembre 2016 a \u00e9t\u00e9 annonce le maintien de la biblioth\u00e8que Alliance, biblioth\u00e8que partie prenante du r\u00e9seau, anim\u00e9e par une \u00e9quipe professionnelle et dot\u00e9e de collections.<\/em><\/p>\n<p style=\"text-align: justify;\"><em>L\u2019\u00e9quipe de professionnels, en place et au complet, s\u2019appuiera sur le r\u00e9seau et concentrera son activit\u00e9 sur l\u2019accueil des publics et les partenariats. La collection de 10 000 \u00e0 12\u00a0000 documents sera sous la responsabilit\u00e9 de ces personnels et renouvel\u00e9e gr\u00e2ce \u00e0 un budget d\u2019acquisitions propre. Les usagers auront la possibilit\u00e9 d\u2019emprunter des documents venant d\u2019une autre biblioth\u00e8que du r\u00e9seau au travers de la navette documentaire.<\/em><\/p>\n<p style=\"text-align: justify;\"><em>La concertation a montr\u00e9 que le b\u00e2timent pouvait \u00eatre repense pour en am\u00e9liorer les usages et la convivialit\u00e9, des travaux et am\u00e9nagements sont donc en cours pour une r\u00e9ouverture au 1er trimestre 2018 de l\u2019ensemble des espaces : ouverture sur le parc et la terrasse, renouvellement du mobilier, possibilit\u00e9s de cloisonnement et modularit\u00e9 des espaces\u2026<\/em><\/p>\n<p style=\"text-align: justify;\"><em>L\u2019ouverture de l\u2019\u00e9quipement en pr\u00e9sence des professionnels sera de 14 heures par semaine hors vacances scolaires, auquel s\u2019ajoute les nombreux accueils de groupes, notamment scolaires. Le b\u00e2timent sera \u00e9galement en partie accessible en dehors de la pr\u00e9sence des professionnels, notamment pour l\u2019accueil de projets ou de temps de rencontre proposes par les acteurs du territoire. L\u2019\u00e9quipe de professionnels veillera \u00e0 la coh\u00e9rence de l\u2019ensemble des activit\u00e9s accueillies avec le projet de la biblioth\u00e8que\u2026\u00a0\u00bb<\/em><\/p>\n<p style=\"text-align: justify;\"><strong><em>\u00a0<\/em><\/strong><\/p>\n<p style=\"text-align: justify;\"><u>Pour la mise en place des relais lecture\u00a0:<\/u><\/p>\n<p style=\"text-align: justify;\"><em>\u00ab\u00a0Dans le quartier Ile Verte\/Notre Dame\/Alma Tr\u00e8s-Cloitres, le relais lecture sera accueilli dans une structure proche des locaux Hauquelin, soit au mus\u00e9e de Grenoble qui dispose d\u2019une biblioth\u00e8que sp\u00e9cialis\u00e9e, soit \u00e0 la MJC des Allobroges. Un travail de comparaison des deux hypoth\u00e8ses est en cours et sera pr\u00e9sent\u00e9 et d\u00e9battu lors d\u2019un comit\u00e9 de suivi \u00e0 la fin du mois de septembre.<\/em><\/p>\n<p style=\"text-align: justify;\"><em>Dans le quartier Village Olympique, le relais lecture a vocation \u00e0 rester dans les locaux de l\u2019ancienne biblioth\u00e8que Pr\u00e9mol, au sein de laquelle la barque est conserv\u00e9e. L\u2019exposition hors les murs du mus\u00e9e pourra s\u2019y tenir du 26\/02\/2018 au 23\/03\/2018.<\/em><\/p>\n<p style=\"text-align: justify;\"><em>Pour permettre la mise en \u0153uvre du relais lecture, il devra s\u2019appuyer sur un projet porte par les acteurs du quartier, permettant ainsi \u00e0 la collection d\u2019\u00eatre accessible largement et aux professionnels et de travailler en partenariats avec des acteurs du quartier. Ce sera l\u2019objet de la r\u00e9union du comit\u00e9 de suivi de septembre.<\/em><\/p>\n<p style=\"text-align: justify;\"><em>Les comptes-rendus des comit\u00e9s de suivi relatifs aux relais lecture seront publi\u00e9s sur le site <\/em><em>Internet de la Ville.\u00a0\u00bb<\/em><\/p>\n<p style=\"text-align: justify;\">La pol\u00e9mique s\u2019est poursuivie sur le fait de passer ou pas la p\u00e9tition \u00e0 la votation citoyenne dont le contenu n\u2019\u00e9tait plus adapt\u00e9 \u00e0 la nouvelle situation puisqu\u2019il \u00e9tait act\u00e9 que la biblioth\u00e8que Alliance serait maintenue. En outre les citoyens du collectif porteurs de la p\u00e9tition qui avaient dialogu\u00e9 avec la mairie pendant 2 mois ont d\u00e9missionn\u00e9 \u00e0 48 h du conseil municipal du 10 juillet car, mis en minorit\u00e9 lors d&rsquo;une AG, ils ne souhaitaient plus soutenir la position \u00ab\u00a0votation sur le texte de la p\u00e9tition\u00a0\u00bb qui restait le choix de la majorit\u00e9 des pr\u00e9sents. A noter que les p\u00e9titionnaires n&rsquo;ont pas \u00e9t\u00e9 consult\u00e9s sur les suites \u00e0 r\u00e9server au dialogue avec la mairie, ce qui aurait sans doute permis au collectif de voir son mandat de repr\u00e9sentation mieux fix\u00e9 vu les \u00e9volutions accept\u00e9es par la mairie au terme du processus de discussion.<\/p>\n<p style=\"text-align: justify;\">Il aurait fallu, pour permettre une votation claire et qui aurait eu un sens, demander un vote pour ou contre la nouvelle situation des biblioth\u00e8ques, ce qui n\u2019\u00e9tait pas le contenu de la p\u00e9tition initiale. L&rsquo;ex\u00e9cutif municipal a d\u00e9cid\u00e9 d&rsquo;acter les \u00e9volutions issues du dialogue dans cette d\u00e9lib\u00e9ration et donc de ne pas donner suite \u00e0 une votation sur les termes pr\u00e9cis de la p\u00e9tition. Les porteurs de la p\u00e9tition ont d\u00e9cid\u00e9 d\u2019arr\u00eater l\u00e0 leurs actions en organisant une petite manifestation devant la mairie sous la forme d\u2019un enterrement symbolique de la d\u00e9mocratie participative.<\/p>\n<p style=\"text-align: justify;\">Pourtant le sujet m\u00e9ritait mieux que toutes ces manifestations devant la mairie et les perturbations du Conseil municipal, car la priorit\u00e9 accord\u00e9e \u00e0 la lecture publique par la municipalit\u00e9 est visible\u00a0: budget de 8 millions d\u2019euros, soit le quart du budget culturel. Et depuis 2014 il y a eu de nombreuses actions pour la rendre plus accessible encore aux usagers\u00a0:<\/p>\n<ul>\n<li style=\"text-align: justify;\">gratuit\u00e9 d\u2019inscription jusqu\u2019\u00e0 26 ans (mai 2016)<\/li>\n<li style=\"text-align: justify;\">ouverture de la numoth\u00e8que (octobre 2016)<\/li>\n<li style=\"text-align: justify;\">ouverture au pr\u00eat des collections contemporaines de la BEP (Biblioth\u00e8que d&rsquo;Etudes et du Patrimoine de Chavant, en janvier 2017)<\/li>\n<li style=\"text-align: justify;\">am\u00e9nagement de la biblioth\u00e8que Arlequin en lien avec le Patio et le Barathym (f\u00e9vrier 2017)<\/li>\n<li style=\"text-align: justify;\">mise en place de la navette documentaire (mars 2017)<\/li>\n<li style=\"text-align: justify;\">installation de l\u2019artoth\u00e8que \u00e0 la BEP (septembre 2017)<\/li>\n<li style=\"text-align: justify;\">ouverture du secteur jeunesse \u00e0 Kateb Yacine (septembre 2017)<\/li>\n<\/ul>\n<p style=\"text-align: justify;\">Enfin le maire a confirm\u00e9 avoir demand\u00e9 au minist\u00e8re de la culture de venir apporter son appui aux r\u00e9flexions \u00e0 venir sur la lecture publique \u00e0 Grenoble, ce qui est une fa\u00e7on intelligente de profiter des comp\u00e9tences et &#8230;de mettre le gouvernement au pied du mur sur ses d\u00e9clarations sur le sujet (volont\u00e9 d&rsquo;\u00e9largir les horaires, y compris le dimanche, de soutenir la num\u00e9risation, etc.). Il y aura donc d&rsquo;autres \u00e9volutions apr\u00e8s l&rsquo;enqu\u00eate de besoins aupr\u00e8s des citoyens et usagers des biblioth\u00e8ques. Cette d\u00e9marche mobilisera les professionnels du r\u00e9seau et associera 18 mois durant habitants et usagers, afin de construire une vision partag\u00e9e des biblioth\u00e8ques de demain et d\u2019investir pour leur d\u00e9veloppement.<\/p>\n<p style=\"text-align: justify;\">Pour suivre ce dossier <a href=\"http:\/\/www.grenoble.fr\/1117-plan-lecture-18-mois-pour-batir-les-bibliotheques-de-demain.htm\" target=\"_blank\" rel=\"noopener\">une page internet du site municipal<\/a> est d\u00e9j\u00e0 ouverte et permet de recueillir d\u00e9j\u00e0 des avis\u00a0:<\/p>\n<p style=\"text-align: justify;\">\n<p style=\"text-align: justify;\"><strong>\u00a0<\/strong><\/p>\n","protected":false},"excerpt":{"rendered":"<p>Le Conseil municipal du 25 septembre a pris des engagements importants concernant l&rsquo;\u00e9volution du r\u00e9seau de lecture publique\u00a0notamment il a confirm\u00e9 le maintien de la biblioth\u00e8que Alliance et l\u2019ouverture de relais lecture \u00e0 l\u2019IleVerte\/Notre Dame\/Alma Tr\u00e8s-Cloitres et au Village Olympique et il s\u2019est engag\u00e9 \u00e0 associer les usagers et les habitants \u00e0 la vie et [&hellip;]<\/p>\n","protected":false},"author":1,"featured_media":0,"comment_status":"closed","ping_status":"open","sticky":false,"template":"","format":"standard","meta":{"twitterCardType":"","cardImageID":0,"cardImage":"","cardTitle":"","cardDesc":"","cardImageAlt":"","cardPlayer":"","cardPlayerWidth":0,"cardPlayerHeight":0,"cardPlayerStream":"","cardPlayerCodec":"","footnotes":""},"categories":[62,11],"tags":[194,67,309],"class_list":["post-13388","post","type-post","status-publish","format-standard","hentry","category-le-rouge-le-vert-hebdo","category-politique-locale","tag-austerite","tag-conseil-municipal","tag-lecture-publique"],"_links":{"self":[{"href":"https:\/\/www.ades-grenoble.org\/wordpress\/wp-json\/wp\/v2\/posts\/13388","targetHints":{"allow":["GET"]}}],"collection":[{"href":"https:\/\/www.ades-grenoble.org\/wordpress\/wp-json\/wp\/v2\/posts"}],"about":[{"href":"https:\/\/www.ades-grenoble.org\/wordpress\/wp-json\/wp\/v2\/types\/post"}],"author":[{"embeddable":true,"href":"https:\/\/www.ades-grenoble.org\/wordpress\/wp-json\/wp\/v2\/users\/1"}],"replies":[{"embeddable":true,"href":"https:\/\/www.ades-grenoble.org\/wordpress\/wp-json\/wp\/v2\/comments?post=13388"}],"version-history":[{"count":1,"href":"https:\/\/www.ades-grenoble.org\/wordpress\/wp-json\/wp\/v2\/posts\/13388\/revisions"}],"predecessor-version":[{"id":13389,"href":"https:\/\/www.ades-grenoble.org\/wordpress\/wp-json\/wp\/v2\/posts\/13388\/revisions\/13389"}],"wp:attachment":[{"href":"https:\/\/www.ades-grenoble.org\/wordpress\/wp-json\/wp\/v2\/media?parent=13388"}],"wp:term":[{"taxonomy":"category","embeddable":true,"href":"https:\/\/www.ades-grenoble.org\/wordpress\/wp-json\/wp\/v2\/categories?post=13388"},{"taxonomy":"post_tag","embeddable":true,"href":"https:\/\/www.ades-grenoble.org\/wordpress\/wp-json\/wp\/v2\/tags?post=13388"}],"curies":[{"name":"wp","href":"https:\/\/api.w.org\/{rel}","templated":true}]}}