{"id":13395,"date":"2017-10-06T17:47:14","date_gmt":"2017-10-06T15:47:14","guid":{"rendered":"http:\/\/www.ades-grenoble.org\/wordpress\/?p=13395"},"modified":"2017-10-06T18:26:11","modified_gmt":"2017-10-06T16:26:11","slug":"prefiguration-dun-service-public-de-la-donnee-energetique","status":"publish","type":"post","link":"https:\/\/www.ades-grenoble.org\/wordpress\/2017\/10\/06\/prefiguration-dun-service-public-de-la-donnee-energetique\/","title":{"rendered":"Pr\u00e9figuration d\u2019un service public de la donn\u00e9e \u00e9nerg\u00e9tique"},"content":{"rendered":"<p style=\"text-align: justify;\"><img loading=\"lazy\" decoding=\"async\" class=\"size-full wp-image-8502 alignleft\" src=\"http:\/\/www.ades-grenoble.org\/wordpress\/wp-content\/uploads\/2014\/05\/logoMetro-e1402725527726.png\" alt=\"\" width=\"300\" height=\"278\" \/>Le 29 septembre le Conseil de m\u00e9tropole a d\u00e9cid\u00e9 d\u2019exp\u00e9rimenter une plateforme des donn\u00e9es \u00e9nerg\u00e9tiques sur son territoire qui sera pilot\u00e9e et contr\u00f4l\u00e9e par la puissance publique et non laiss\u00e9e aux int\u00e9r\u00eats priv\u00e9s. La M\u00e9tro est autorit\u00e9 organisatrice de la distribution d\u2019\u00e9nergie sur son territoire (sauf pour l\u2019\u00e9lectricit\u00e9 o\u00f9 39 communes sont sous la comp\u00e9tence du SEDI, le syndicat des \u00e9nergies de l\u2019Is\u00e8re). A ce titre, elle est comp\u00e9tente en mati\u00e8re de contribution \u00e0 la transition \u00e9nerg\u00e9tique, de soutien aux actions de la ma\u00eetrise d\u2019\u00e9nergie, de concession de distribution publique d\u2019\u00e9lectricit\u00e9 et de gaz, de cr\u00e9ation, d\u2019am\u00e9nagement, d\u2019entretien et de gestion des r\u00e9seaux de chaleur et de froid. Elle est en train d\u2019\u00e9laborer son sch\u00e9ma directeur de l\u2019\u00e9nergie et m\u00e8ne une \u00e9tude de pr\u00e9figuration pour la mise en place d\u2019un p\u00f4le public local de l\u2019\u00e9nergie avec les gestionnaires de r\u00e9seau et l\u2019ALEC (Agence Locale de l\u2019Energie et du Climat). Ce p\u00f4le public devra remplir la fonction de service public de la donn\u00e9e \u00e9nerg\u00e9tique en assurant la gestion et l\u2019exploitation de donn\u00e9es relatives aux consommations \u00e9nerg\u00e9tiques du territoire afin de r\u00e9pondre \u00e0 trois objectifs :<\/p>\n<ul style=\"text-align: justify;\">\n<li>donner aux habitants la possibilit\u00e9 de ma\u00eetriser leurs consommations \u00e9nerg\u00e9tiques,<\/li>\n<li>permettre aux gestionnaires de b\u00e2timents d\u2019optimiser leur fonctionnement \u00e9nerg\u00e9tique,<\/li>\n<li>\u00e9valuer la performance des politiques publiques de ma\u00eetrise de la demande en \u00e9nergie.<\/li>\n<\/ul>\n<p style=\"text-align: justify;\"><!--more-->Pour l\u2019instant une exp\u00e9rimentation de gestion collaborative des donn\u00e9es a \u00e9t\u00e9 mise en place depuis 2012 sur la Presqu\u2019ile \u00e0 Grenoble. Cette plateforme collaborative et partag\u00e9e donne acc\u00e8s \u00e0 la gestion des donn\u00e9es \u00e9nerg\u00e9tiques, regroupant toutes les consommations d\u2019\u00e9nergie, de gaz, de chaleur et d\u2019eau. Cette plateforme peut servir de base au service public de la donn\u00e9e \u00e9nerg\u00e9tique.<\/p>\n<p style=\"text-align: justify;\">La d\u00e9lib\u00e9ration vot\u00e9e le 29 septembre d\u00e9cide de lancer une exp\u00e9rimentation qui permettra de tester la possibilit\u00e9 d\u2019\u00e9tendre la plateforme existante \u00e0 l\u2019ensemble du territoire m\u00e9tropolitain qui a environ 400\u00a0000 compteurs pour ces diff\u00e9rents services, dont les nouveaux compteurs communicants\u00a0:<\/p>\n<p style=\"text-align: justify;\"><em>\u00ab\u00a0Cette g\u00e9n\u00e9ralisation et cette extension se feront sous le pilotage de la M\u00e9tropole en tant qu\u2019autorit\u00e9 comp\u00e9tente pour le soutien aux actions de Maitrise de l\u2019Energie. Elle communiquera sur le d\u00e9ploiement de cette plateforme et sur ses diff\u00e9rents usages : outil au service du citoyen, outil professionnel au service des gestionnaires de b\u00e2timents et outil au service de la politique \u00e9nerg\u00e9tique locale. La M\u00e9tropole donnera la garantie que les donn\u00e9es sont utilis\u00e9es en toute transparence, dans le respect de la l\u00e9gislation et de la protection des donn\u00e9es personnelles, et \u00e0 bon escient : \u00e0 l&rsquo;\u00e9chelle individuelle dans un parfait respect de la transparence sur la protection de la donn\u00e9e individuelle et \u00e0 l&rsquo;\u00e9chelle territoriale comme outil d&rsquo;aide \u00e0 la d\u00e9cision pour des actions \u00e0 mener au service de la transition \u00e9nerg\u00e9tique. De tels \u00e9l\u00e9ments feront l\u2019objet de pr\u00e9sentation au comit\u00e9 des usagers de l\u2019\u00e9nergie de la M\u00e9tropole, s\u2019agissant particuli\u00e8rement de la mise en place des contrats de tiers de confiance entre la M\u00e9tropole et chacun des gestionnaires de r\u00e9seau.<\/em><\/p>\n<p style=\"text-align: justify;\"><em>Il s\u2019agira d\u2019exp\u00e9rimenter une gestion multi-\u00e9nergies et coop\u00e9rative du territoire au service de la transition \u00e9nerg\u00e9tique qui offrira \u00e0 la fois la possibilit\u00e9 d\u2019une implication citoyenne tout en validant les performances d\u2019un outil de suivi \u00e0 l\u2019\u00e9chelle m\u00e9tropolitaine.<\/em><\/p>\n<p style=\"text-align: justify;\"><em>La nouvelle plateforme, via son portail \u00e9co-citoyen, sera un outil propos\u00e9 aux habitants, leur permettant de mieux conna\u00eetre leurs consommations et de les accompagner dans des actions de sobri\u00e9t\u00e9 \u00e9nerg\u00e9tique. En effet, les citoyens constitueront le premier niveau d\u2019utilisateurs de la plateforme. Le service sera enti\u00e8rement gratuit pour l\u2019habitant, il ne n\u00e9cessitera aucun ajout de mat\u00e9riel si ce n\u2019est un outil d\u2019acc\u00e8s internet, la donn\u00e9e \u00e9tant collect\u00e9e \u00e0 partir des compteurs\u2026\u00a0<\/em><\/p>\n<p style=\"text-align: justify;\"><em>Cette plateforme sera accessible aux gestionnaires de b\u00e2timent, syndics de copropri\u00e9t\u00e9 ou bailleurs sociaux qui constituent le deuxi\u00e8me niveau d\u2019utilisateurs. Ils pourront ainsi b\u00e9n\u00e9ficier d\u2019un suivi \u00e9nerg\u00e9tique du b\u00e2timent avec des donn\u00e9es adapt\u00e9es qui pourront servir d\u2019\u00e9l\u00e9ments d\u2019analyse pour les actions de r\u00e9novation et d\u2019un accompagnement pour pr\u00e9parer les assembl\u00e9es g\u00e9n\u00e9rales avec les donn\u00e9es pertinentes. Dans le cas de chauffage collectif, les gestionnaires de b\u00e2timent pourront \u00e9galement informer les habitants sur la part du chauffage collectif qui est pris en compte dans leurs charges.<\/em><\/p>\n<p style=\"text-align: justify;\"><em>Enfin, cet outil pourra permettre un v\u00e9ritable pilotage des politiques \u00e9nerg\u00e9tiques du territoire. En effet, les donn\u00e9es extraites de cette plateforme et agr\u00e9g\u00e9es \u00e0 diff\u00e9rentes \u00e9chelles (ensemble de la m\u00e9tropole, territoire, quartier, b\u00e2timent) permettront de mieux conna\u00eetre le territoire en mati\u00e8re de consommation \u00e9nerg\u00e9tique, d\u2019en comprendre les \u00e9volutions et d\u2019aider aux arbitrages\u2026<\/em><\/p>\n<p style=\"text-align: justify;\"><em>La M\u00e9tropole est seule ma\u00eetre d\u2019ouvrage de la plateforme et \u00e0 ce titre assure le pilotage du projet. Elle s\u2019engage \u00e0 d\u00e9finir les besoins et le cadre d\u2019utilisation des donn\u00e9es, \u00e0 s\u2019assurer du respect de la l\u00e9gislation en mati\u00e8re de protection des donn\u00e9es et de la r\u00e9plicabilit\u00e9 des travaux men\u00e9s\u2026\u00a0\u00bb<\/em><\/p>\n<p>&nbsp;<\/p>\n","protected":false},"excerpt":{"rendered":"<p>Le 29 septembre le Conseil de m\u00e9tropole a d\u00e9cid\u00e9 d\u2019exp\u00e9rimenter une plateforme des donn\u00e9es \u00e9nerg\u00e9tiques sur son territoire qui sera pilot\u00e9e et contr\u00f4l\u00e9e par la puissance publique et non laiss\u00e9e aux int\u00e9r\u00eats priv\u00e9s. La M\u00e9tro est autorit\u00e9 organisatrice de la distribution d\u2019\u00e9nergie sur son territoire (sauf pour l\u2019\u00e9lectricit\u00e9 o\u00f9 39 communes sont sous la comp\u00e9tence [&hellip;]<\/p>\n","protected":false},"author":1,"featured_media":0,"comment_status":"closed","ping_status":"open","sticky":false,"template":"","format":"standard","meta":{"twitterCardType":"","cardImageID":0,"cardImage":"","cardTitle":"","cardDesc":"","cardImageAlt":"","cardPlayer":"","cardPlayerWidth":0,"cardPlayerHeight":0,"cardPlayerStream":"","cardPlayerCodec":"","footnotes":""},"categories":[62,11],"tags":[235,280],"class_list":["post-13395","post","type-post","status-publish","format-standard","hentry","category-le-rouge-le-vert-hebdo","category-politique-locale","tag-energie","tag-metropole"],"_links":{"self":[{"href":"https:\/\/www.ades-grenoble.org\/wordpress\/wp-json\/wp\/v2\/posts\/13395","targetHints":{"allow":["GET"]}}],"collection":[{"href":"https:\/\/www.ades-grenoble.org\/wordpress\/wp-json\/wp\/v2\/posts"}],"about":[{"href":"https:\/\/www.ades-grenoble.org\/wordpress\/wp-json\/wp\/v2\/types\/post"}],"author":[{"embeddable":true,"href":"https:\/\/www.ades-grenoble.org\/wordpress\/wp-json\/wp\/v2\/users\/1"}],"replies":[{"embeddable":true,"href":"https:\/\/www.ades-grenoble.org\/wordpress\/wp-json\/wp\/v2\/comments?post=13395"}],"version-history":[{"count":1,"href":"https:\/\/www.ades-grenoble.org\/wordpress\/wp-json\/wp\/v2\/posts\/13395\/revisions"}],"predecessor-version":[{"id":13396,"href":"https:\/\/www.ades-grenoble.org\/wordpress\/wp-json\/wp\/v2\/posts\/13395\/revisions\/13396"}],"wp:attachment":[{"href":"https:\/\/www.ades-grenoble.org\/wordpress\/wp-json\/wp\/v2\/media?parent=13395"}],"wp:term":[{"taxonomy":"category","embeddable":true,"href":"https:\/\/www.ades-grenoble.org\/wordpress\/wp-json\/wp\/v2\/categories?post=13395"},{"taxonomy":"post_tag","embeddable":true,"href":"https:\/\/www.ades-grenoble.org\/wordpress\/wp-json\/wp\/v2\/tags?post=13395"}],"curies":[{"name":"wp","href":"https:\/\/api.w.org\/{rel}","templated":true}]}}