{"id":134,"date":"2008-07-12T18:28:24","date_gmt":"2008-07-12T16:28:24","guid":{"rendered":"http:\/\/www.ades-grenoble.org\/wordpress\/?p=134"},"modified":"2010-04-05T18:02:12","modified_gmt":"2010-04-05T16:02:12","slug":"grenoble-irradiation-alpine-nucleaire-transgenerationnelle-giant","status":"publish","type":"post","link":"https:\/\/www.ades-grenoble.org\/wordpress\/2008\/07\/12\/grenoble-irradiation-alpine-nucleaire-transgenerationnelle-giant\/","title":{"rendered":"Grenoble Irradiation Alpine Nucl\u00e9aire Transg\u00e9n\u00e9rationnelle (GIANT)"},"content":{"rendered":"<h3 style=\"text-align: center;\"><img loading=\"lazy\" decoding=\"async\" class=\"alignleft alignnone size-thumbnail wp-image-137\" style=\"margin: 5px; float: left;\" title=\"giant-2\" src=\"http:\/\/www.ades-grenoble.org\/wordpress\/wp-content\/uploads\/2008\/07\/giant-2-150x150.jpg\" alt=\"sites d\\'implantation\" width=\"150\" height=\"150\" \/>Conf\u00e9rence de presse du 2 juillet 2008- <a href=\"http:\/\/www.ades-grenoble.org\" target=\"_self\">ADES<\/a> &#8211; <a href=\"http:\/\/lesverts38.org\/\" target=\"_blank\">Verts Is\u00e8re<\/a> &#8211; <a href=\"http:\/\/www.grenoble-ecologie-solidarite.fr\" target=\"_blank\">EluEs Ecologie &amp; Solidarit\u00e9<\/a><\/h3>\n<h2 style=\"text-align: center;\">Grenoble ville de rayonnement international pour de longues ann\u00e9es<\/h2>\n<h3 style=\"text-align: center;\">Grenoble ville de rayonnement international pour de longues ann\u00e9es : que Grenoble soit candidate au site de stockage des d\u00e9chets nucl\u00e9aires \u00e0 vie longue mis en service en 2018.<\/h3>\n<p>\u00ab Le 2 juin 2008, Jean-Louis Borloo, le Ministre d&rsquo;\u00c9tat, ministre de l&rsquo;\u00e9cologie, de l&rsquo;\u00e9nergie, du d\u00e9veloppement durable et de l&rsquo;am\u00e9nagement du territoire (MEEDDAT) a charg\u00e9 le Pr\u00e9sident de l&rsquo;Andra \u00ab\u00a0d&rsquo;engager sans attendre, la recherche de sites susceptibles d&rsquo;accueillir un nouveau centre de stockage de d\u00e9chets FA-VL afin de garantir la mise en service en 2019\u00a0\u00bb. \u00bb<\/p>\n<p>Comme l&rsquo;indiquent les autorit\u00e9s gouvernementales :<\/p>\n<p>\u00ab Pour mettre en \u0153uvre ce nouveau projet ambitieux de recherche d&rsquo;un site pour le stockage des d\u00e9chets FA-VL, l&rsquo;\u00c9tat et l&rsquo;Andra ont souhait\u00e9 une d\u00e9marche ouverte et progressive, fond\u00e9e sur le volontariat des collectivit\u00e9s locales \u00bb<\/p>\n<p>\u00ab L&rsquo;\u00c9tat, l&rsquo;Andra et les propri\u00e9taires de d\u00e9chets que sont EDF, le CEA, AREVA et Rhodia, les accompagneront pour faire de ce projet, un projet ambitieux et durable. \u00bb<\/p>\n<p><strong>Il est propos\u00e9 la candidature de Grenoble pour la mise en service d&rsquo;un centre de stockage des d\u00e9chets nucl\u00e9aires \u00e0 vie longue, simultan\u00e9ment aux Jeux Olympiques d&rsquo;hiver de 2018.<\/strong><\/p>\n<p style=\"text-align: center;\"><!--more--><img loading=\"lazy\" decoding=\"async\" class=\"alignnone size-full wp-image-136 aligncenter\" title=\"giant-1\" src=\"http:\/\/www.ades-grenoble.org\/wordpress\/wp-content\/uploads\/2008\/07\/giant-1.jpg\" alt=\"sites d\\'implantation\" width=\"500\" height=\"169\" srcset=\"https:\/\/www.ades-grenoble.org\/wordpress\/wp-content\/uploads\/2008\/07\/giant-1.jpg 626w, https:\/\/www.ades-grenoble.org\/wordpress\/wp-content\/uploads\/2008\/07\/giant-1-300x101.jpg 300w\" sizes=\"auto, (max-width: 500px) 100vw, 500px\" \/><\/p>\n<p style=\"text-align: center;\"><img loading=\"lazy\" decoding=\"async\" class=\"aligncenter size-full wp-image-137\" title=\"giant-2\" src=\"http:\/\/www.ades-grenoble.org\/wordpress\/wp-content\/uploads\/2008\/07\/giant-2.jpg\" alt=\"sites d\\'implantation\" width=\"500\" height=\"284\" srcset=\"https:\/\/www.ades-grenoble.org\/wordpress\/wp-content\/uploads\/2008\/07\/giant-2.jpg 622w, https:\/\/www.ades-grenoble.org\/wordpress\/wp-content\/uploads\/2008\/07\/giant-2-300x170.jpg 300w\" sizes=\"auto, (max-width: 500px) 100vw, 500px\" \/><\/p>\n<p><strong>Un partenariat public-priv\u00e9<\/strong> est propos\u00e9 pour ce projet des mill\u00e9naires \u00e0 venir, avec :<\/p>\n<ul>\n<li> Les producteurs r\u00e9gionaux de d\u00e9chets nucl\u00e9aires : CEA (et ses filiales Minalogic, Minatec, Clinatec, Nanobio), la soci\u00e9t\u00e9 des participations du CEA AREVA Technicatome (et leurs filiales ST Microelectronics, CORYS), EDF, Rhodia, Cezus ;<\/li>\n<li> La chambre de commerce et d&rsquo;industrie de Grenoble, interm\u00e9diaire pour le choix des march\u00e9s et des entreprises priv\u00e9es ; la FNBTP ; les soci\u00e9t\u00e9s d&rsquo;assurance ;<\/li>\n<li> Les groupes pilotes des march\u00e9s du nucl\u00e9aire et du traitement des d\u00e9chets : Schneider Electric, Alstom, Suez-Lyonnaise des Eaux-Tractebel (candidat \u00e0 un EPR priv\u00e9) (et sa filiale GEG), Bouygues (constucteur de l&rsquo;EPR), V\u00e9olia-Dalkia, Sofradir Ulis ;<\/li>\n<li> La soci\u00e9t\u00e9 Vicat qui dispose de galeries sous la Bastille et produit le ciment n\u00e9cessaire ;<\/li>\n<li> La Compagnie de chauffage (Dalkia V\u00e9olia) pour la r\u00e9cup\u00e9ration de l&rsquo;\u00e9nergie produite par les d\u00e9chets et pour le refroidissement des galeries ; le CHURG pour le registre du cancer ;<\/li>\n<li> Les partis politiques qui ont promu cette production de d\u00e9chets.<\/li>\n<\/ul>\n<p><strong> Ce projet ambitieux permettra une synergie durable des diff\u00e9rents acteurs de la comp\u00e9titivit\u00e9 de l&rsquo;agglom\u00e9ration grenobloise, de nombreux emplois induits et d&rsquo;importantes retomb\u00e9es.<\/strong><\/p>\n<p><strong>Un site double est propos\u00e9 :<\/strong><\/p>\n<ul>\n<li> Un site A : le polygone du CEA, site A comme Atome, site historique du nucl\u00e9aire disposant d\u00e9j\u00e0 d&rsquo;un savoir dans le stockage depuis plus de 50 ans des d\u00e9chets nucl\u00e9aires, et d&rsquo;une sinergie avec les \u00e9quipements exp\u00e9rimentaux de haute technologie ;<\/li>\n<li> Un site B : sous le Bastille, site historique militaire grenoblois.<\/li>\n<\/ul>\n<p>Ce double site du futur sera parfaitement desservi par une future autoroute en viaduc et tunnel, et sera reli\u00e9 au CHURG, au CRSSA.<\/p>\n<p>Cette localisation b\u00e9n\u00e9ficiera d&rsquo;une image mondiale de la r\u00e9gion Rh\u00f4ne-Alpes, r\u00e9gion la plus nucl\u00e9aris\u00e9e du monde, et d&rsquo;une multiplicit\u00e9 des d\u00e9chets nucl\u00e9aires d\u00e9j\u00e0 nombreux dans cette r\u00e9gion (cf. carte extraite du dernier Inventaire des d\u00e9chets nucl\u00e9aires de l&rsquo;ANDRA).<\/p>\n<p style=\"text-align: center;\"><img loading=\"lazy\" decoding=\"async\" class=\"size-full wp-image-138\" title=\"giant-3\" src=\"http:\/\/www.ades-grenoble.org\/wordpress\/wp-content\/uploads\/2008\/07\/giant-3.jpg\" alt=\"sites nucl\u00e9aires en Rh\u00f4ne-Alpes\" width=\"499\" height=\"452\" srcset=\"https:\/\/www.ades-grenoble.org\/wordpress\/wp-content\/uploads\/2008\/07\/giant-3.jpg 531w, https:\/\/www.ades-grenoble.org\/wordpress\/wp-content\/uploads\/2008\/07\/giant-3-300x271.jpg 300w\" sizes=\"auto, (max-width: 499px) 100vw, 499px\" \/><\/p>\n<h3>Des risques ma\u00eetris\u00e9s et des profits consid\u00e9rables.<\/h3>\n<p>Le projet sera financ\u00e9 par les fonds publics, les march\u00e9s seront au b\u00e9n\u00e9fice des soci\u00e9t\u00e9s priv\u00e9es et donc de l&#8217;emploi. Les risques seront pris en charge par la collectivit\u00e9 publique.<\/p>\n<p>Le retour d&rsquo;investissement est \u00e0 vie longue : les taxes professionnelles et fonci\u00e8re seront vers\u00e9es pendant 10 000 ans, au moins.<\/p>\n<h4>Un pilotage de nucl\u00e9ocrates avertis :<\/h4>\n<p>La planification permet que ce projet ambitieux et de renom international soit mis en service en 2018, en synchronisation avec les Jeux Olympiques d&rsquo;hiver&#8230; nucl\u00e9aire.<\/p>\n<p>Un m\u00eame groupe de pilotage comp\u00e9tif comprenant le maire, l&rsquo;adjointe au d\u00e9veloppement \u00e9conomique, l&rsquo;adjoint aux Jeux Olympiques, l&rsquo;adjoint \u00e0 l&rsquo;Europe, les pr\u00e9sidents du conseil g\u00e9n\u00e9ral et de la M\u00e9tro, le fonds de pension Lyondell-Rhodia, le directeur de la communication d&rsquo;AREVA (ancien chef de cabinet du maire de Grenoble), sera dirig\u00e9 par le directeur du CEA et son adjoint.<\/p>\n<p>Les conseils en communication et juridiques seront en lien avec le pr\u00e9sident de la LFP et le pr\u00e9sident de Canal + Events (ancien directeur de cabinet du maire de Grenoble et avocat international de formation).<\/p>\n<p style=\"text-align: center;\"><img loading=\"lazy\" decoding=\"async\" class=\"size-full wp-image-139\" title=\"giant-4\" src=\"http:\/\/www.ades-grenoble.org\/wordpress\/wp-content\/uploads\/2008\/07\/giant-4.jpg\" alt=\"vue a\u00e9rienne du site\" width=\"500\" height=\"284\" srcset=\"https:\/\/www.ades-grenoble.org\/wordpress\/wp-content\/uploads\/2008\/07\/giant-4.jpg 605w, https:\/\/www.ades-grenoble.org\/wordpress\/wp-content\/uploads\/2008\/07\/giant-4-300x170.jpg 300w\" sizes=\"auto, (max-width: 500px) 100vw, 500px\" \/><\/p>\n<p style=\"text-align: center;\"><img loading=\"lazy\" decoding=\"async\" class=\"size-full wp-image-140\" title=\"giant-5\" src=\"http:\/\/www.ades-grenoble.org\/wordpress\/wp-content\/uploads\/2008\/07\/giant-5.jpg\" alt=\"d\u00e9tail des implantations au polygone\" width=\"487\" height=\"332\" srcset=\"https:\/\/www.ades-grenoble.org\/wordpress\/wp-content\/uploads\/2008\/07\/giant-5.jpg 487w, https:\/\/www.ades-grenoble.org\/wordpress\/wp-content\/uploads\/2008\/07\/giant-5-300x204.jpg 300w\" sizes=\"auto, (max-width: 487px) 100vw, 487px\" \/><\/p>\n<h3>De nombreuses retomb\u00e9es durables :<\/h3>\n<p>Nous reprenons l&rsquo;argumentaire gouvernemental.<\/p>\n<p>\u00ab Quelles retomb\u00e9es pour le territoire concern\u00e9 ?<\/p>\n<p>L&rsquo;accueil d&rsquo;un centre de stockage est pour la collectivit\u00e9 d&rsquo;accueil l&rsquo;opportunit\u00e9 d&rsquo;<strong>un d\u00e9veloppement \u00e9conomique dynamis\u00e9 par une activit\u00e9 industrielle p\u00e9renne, qui fonctionne en interaction avec le territoire sur lequel elle est implant\u00e9e.<\/strong> \u00bb<\/p>\n<p>\u00ab Les impacts socio-\u00e9conomiques<\/p>\n<p>L&rsquo;activit\u00e9 locale g\u00e9n\u00e9r\u00e9e par le projet<\/p>\n<p>Depuis sa phase de construction jusqu&rsquo;\u00e0 la fin d&rsquo;exploitation du site, le projet va engendrer diff\u00e9rentes activit\u00e9s et mobiliser un certain nombre d&rsquo;<strong>acteurs \u00e9conomiques<\/strong> et d&rsquo;entreprises.<\/p>\n<p>Pour la construction du centre, le projet fera appel \u00e0 des <strong>entreprises de travaux publics<\/strong> ce qui impliquera <strong>l&#8217;emploi<\/strong> d&rsquo;une centaine de personnes.<\/p>\n<p>En phase d&rsquo;exploitation, pendant plus d&rsquo;une vingtaine d&rsquo;ann\u00e9es, le centre de stockage contribuera \u00e0 <strong>d\u00e9velopper les activit\u00e9s et les emplois locaux<\/strong> gr\u00e2ce \u00e0 l&rsquo;accueil de nouveaux habitants, salari\u00e9s ou sous-traitants du centre qui vivront \u00e0 proximit\u00e9, au <strong>d\u00e9veloppement d&rsquo;infrastructures de transports<\/strong> et d&rsquo;<strong>\u00e9quipements<\/strong> collectifs (culturels, <strong>sportifs<\/strong>, d&rsquo;enseignement, de sant\u00e9&#8230;) mais aussi \u00e0 l&rsquo;implantation d&rsquo;entreprises de services.<\/p>\n<p>On estime que le site pourra employer une cinquantaine de personnes \u00e0 temps plein pendant toute cette phase.<\/p>\n<p>La fermeture du site pourra \u00e9galement g\u00e9n\u00e9rer un surcro\u00eet d&rsquo;activit\u00e9 et de travaux mobilisant ainsi des entreprises sp\u00e9cialis\u00e9es.<\/p>\n<p>Enfin, pendant la phase de surveillance apr\u00e8s la fermeture du site, une \u00e9quipe d&rsquo;environ cinq personnes sera maintenue sur place pour assurer <strong>le suivi environnemental<\/strong>, la surveillance de l&rsquo;installation et l&rsquo;<strong>information aux populations locales<\/strong>. \u00bb<\/p>\n<p>\u00ab Les ressources fiscales<\/p>\n<p>L&rsquo;installation du centre de stockage apportera de <strong>nouvelles ressources fiscales aux collectivit\u00e9s locales<\/strong>. Comme toute entreprise, l&rsquo;Andra doit s&rsquo;acquitter de la taxe professionnelle per\u00e7ue directement par les communes d&rsquo;accueil ou \u00e0 l&rsquo;\u00e9chelle des communaut\u00e9s de communes.<\/p>\n<p>Un centre de stockage est \u00e9galement soumis \u00e0 la taxe fonci\u00e8re.<\/p>\n<p><strong>L&rsquo;image du territoire<\/strong><\/p>\n<p>Un centre de stockage reste <strong>une installation \u00ab\u00a0rare\u00a0\u00bb<\/strong>, en ce sens qu&rsquo;il n&rsquo;existe que peu d&rsquo;installations industrielles de ce type en France ou m\u00eame <strong>dans le monde<\/strong>. Il est donc possible de proposer une offre de <strong>parcours de visite<\/strong> adapt\u00e9e \u00e0 diff\u00e9rents publics et en lien avec <strong>les acteurs du territoire<\/strong>. Le site peut ainsi contribuer \u00e0 <strong>la notori\u00e9t\u00e9 du territoire<\/strong>. Il peut aussi faire l&rsquo;objet d&rsquo;<strong>\u00e9changes<\/strong> entre experts et chercheurs nationaux et <strong>internationaux<\/strong>.<\/p>\n<p>L&rsquo;installation peut \u00e9galement contribuer \u00e0 la <strong>vie citoyenne locale<\/strong> par la cr\u00e9ation de nouveaux <strong>partenariats<\/strong> : actions p\u00e9dagogiques pour expliquer la gestion des d\u00e9chets, organisation d&rsquo;une vigilance partag\u00e9e de <strong>l&rsquo;environnement<\/strong>, ou encore appui \u00e0 la <strong>vie associative<\/strong> par le partage d&rsquo;\u00e9quipements (salle de conf\u00e9rence&#8230;). \u00bb<\/p>\n<p>\u00ab <strong>L&rsquo;am\u00e9nagement du territoire<\/strong><\/p>\n<p>En amont de la construction et jusqu&rsquo;\u00e0 l&rsquo;exploitation du centre de stockage, l&rsquo;\u00c9tat et l&rsquo;Andra proposeront aux collectivit\u00e9s int\u00e9ress\u00e9es de construire et de mettre en \u0153uvre, ensemble, <strong>un v\u00e9ritable projet de d\u00e9veloppement pour leur territoire.<\/strong><\/p>\n<p>Les propri\u00e9taires de d\u00e9chets (EDF, CEA, AREVA, Rhodia, Cezus&#8230;) seront appel\u00e9s \u00e0 participer \u00e0 cette d\u00e9marche.<\/p>\n<p>\u00c0 titre d&rsquo;exemples, et pour des installations comparables, les actions men\u00e9es \u00e0 ce jour ont concern\u00e9 plus particuli\u00e8rement :<\/p>\n<ul>\n<li><strong> la valorisation<\/strong> des savoir-faire et des atouts du territoire,<\/li>\n<li><strong> l&rsquo;appui au d\u00e9veloppement d&rsquo;entreprises sur le territoire et d&rsquo;activit\u00e9s de services de proximit\u00e9,<\/strong><\/li>\n<li><strong> la contribution \u00e0 des projets locaux li\u00e9s \u00e0 la r\u00e9duction des consommations d&rsquo;\u00e9nergie et d&rsquo;\u00e9mission des gaz \u00e0 effet de serre, pour lutter contre le r\u00e9chauffement climatique,<\/strong><\/li>\n<li><strong> la coop\u00e9ration avec des organismes de recherche et d&rsquo;enseignement avec un renforcement des liens de ces organismes avec le territoire. <\/strong>\u00bb<\/li>\n<\/ul>\n<p style=\"text-align: center;\"><img loading=\"lazy\" decoding=\"async\" class=\"size-full wp-image-141\" title=\"giant-6\" src=\"http:\/\/www.ades-grenoble.org\/wordpress\/wp-content\/uploads\/2008\/07\/giant-6.jpg\" alt=\"CEA\" width=\"500\" height=\"301\" srcset=\"https:\/\/www.ades-grenoble.org\/wordpress\/wp-content\/uploads\/2008\/07\/giant-6.jpg 639w, https:\/\/www.ades-grenoble.org\/wordpress\/wp-content\/uploads\/2008\/07\/giant-6-300x180.jpg 300w\" sizes=\"auto, (max-width: 500px) 100vw, 500px\" \/><\/p>\n<address>Pour plus d&rsquo;informations :<\/address>\n<address><a href=\"http:\/\/www.sortirdunucleaire.org\" target=\"_blank\"> www.sortirdunucleaire.org<\/a><\/address>\n<address><a href=\"http:\/\/www.andra.fr\" target=\"_blank\"> www.andra.fr<\/a><\/address>\n<address> <\/address>\n<blockquote>\n<h2>Annexe 1<\/h2>\n<h3>Historique de l&rsquo;\u00e9tablissement<\/h3>\n<p><strong>Le CEA <\/strong>comprend 6 Installations Nucl\u00e9aires de Base (INB) dont 3 r\u00e9acteurs qui sont arr\u00eat\u00e9s. Les installations nucl\u00e9aires \u00e0 l&rsquo;arr\u00eat ont engag\u00e9 un programme de d\u00e9mant\u00e8lement.<\/p>\n<p>La construction du 3e centre d&rsquo;Etudes Nucl\u00e9aires du CEA est engag\u00e9e le 8 d\u00e9cembre 1956 \u00e0 Grenoble.<\/p>\n<p>En mai 1957, commence la construction de \u00ab\u00a0M\u00e9lusine\u00a0\u00bb, r\u00e9acteur exp\u00e9rimental de type piscine \u00e0 coeur ouvert, qui est mis en service le 30 juin 1958.<\/p>\n<p>Le Centre d&rsquo;Etudes Nucl\u00e9aires de Grenoble est inaugur\u00e9 le 26 janvier 1959.<\/p>\n<p>Le r\u00e9acteur exp\u00e9rimental Silo\u00e9 est mis en service le 18 mars 1963.<\/p>\n<p>En 1985, le b\u00e2timent 40 du Cea\/L\u00e9ti d\u00e9di\u00e9 \u00e0 la micro\u00e9lectronique est inaugur\u00e9. Par suite, le b\u00e2timent 41 incluant les salles blanches pour la recherche en \u00e9lectronique devient op\u00e9rationnel en 1990.<\/p>\n<p>Le CEA Grenoble se caract\u00e9rise par la pr\u00e9dominance des recherches consacr\u00e9es aux technologies avanc\u00e9es.<\/p>\n<p>Les Installations Nucl\u00e9aires de Base, INB 19, 20, 21, 61 (M\u00e9lusine, Silo\u00e9, Siloette, LAMA) ont arr\u00eat\u00e9 leur activit\u00e9 de recherche en 2002. Leur d\u00e9mant\u00e8lement g\u00e9n\u00e8re des d\u00e9chets nucl\u00e9aires.<\/p>\n<p>Les Installations Nucl\u00e9aires de Base, INB 36, 79 (STED station de traitement des effluents et des d\u00e9chets radioactifs, entrep\u00f4t de stockage des d\u00e9chets de haute activit\u00e9) sont en activit\u00e9.<\/p>\n<h3>Inventaire national des d\u00e9chets radioactifs<\/h3>\n<ul>\n<li><a href=\"http:\/\/www.ades-grenoble.org\/wordpress\/wp-content\/uploads\/2008\/07\/dechets-ill.jpg\" target=\"_blank\">Institut Laue-Langevin, polygone scientifique<\/a><\/li>\n<li><a href=\"http:\/\/www.ades-grenoble.org\/wordpress\/wp-content\/uploads\/2008\/07\/dechets-jarrie.jpg\" target=\"_blank\">Jarrie<\/a><\/li>\n<li><a href=\"http:\/\/www.ades-grenoble.org\/wordpress\/wp-content\/uploads\/2008\/07\/dechets-vif.jpg\" target=\"_blank\">Vif<\/a><\/li>\n<li><a href=\"http:\/\/www.ades-grenoble.org\/wordpress\/wp-content\/uploads\/2008\/07\/dechets-stquentin.jpg\" target=\"_blank\">St Quentin sur Is\u00e8re<\/a><\/li>\n<li><a href=\"http:\/\/www.ades-grenoble.org\/wordpress\/wp-content\/uploads\/2008\/07\/dechets-veurey.jpg\" target=\"_blank\">Veurey Voroize<\/a><\/li>\n<li><a href=\"http:\/\/www.ades-grenoble.org\/wordpress\/wp-content\/uploads\/2008\/07\/dechets-malville.jpg\" target=\"_blank\">Creys Malville<\/a><\/li>\n<li><a href=\"http:\/\/www.ades-grenoble.org\/wordpress\/wp-content\/uploads\/2008\/07\/dechets-stalban.jpg\" target=\"_blank\">St Alban<\/a><\/li>\n<li><a href=\"http:\/\/www.ades-grenoble.org\/wordpress\/wp-content\/uploads\/2008\/07\/dechets-annecy.jpg\" target=\"_blank\">Annecy<\/a><\/li>\n<\/ul>\n<h3><a href=\"http:\/\/www.ades-grenoble.org\/wordpress\/wp-content\/uploads\/2008\/07\/destot1.jpg\" target=\"_blank\">Energie et climat : r\u00e9ponse \u00e0 une crise annonc\u00e9e<\/a> &#8211; M. Destot, A. Ferrari, P. Girard &#8211; Plon<\/h3>\n<p><a href=\"http:\/\/www.ades-grenoble.org\/wordpress\/wp-content\/uploads\/2008\/07\/destot2.jpg\" target=\"_blank\">Quelques extraits \u00e9difiants<\/a><\/p><\/blockquote>\n<blockquote>\n<h2>Annexe 2<\/h2>\n<p><strong>L&rsquo;ANDRA continue de refuser de communiquer la liste des 3115 communes d\u00e9march\u00e9es en vue de l&rsquo;implantation d&rsquo;un site d&rsquo;enfouissement de d\u00e9chets radioactifs. O\u00f9 est la fameuse \u00ab\u00a0transparence\u00a0\u00bb ?<\/strong><\/p>\n<p>Soyons tr\u00e8s nombreux \u00e0 demander cette liste en continuant \u00e0 appeler le n\u00b0 vert (GRATUIT) de l&rsquo;ANDRA au 0 800 000 150.<\/p>\n<p>Il est important \u00e9galement d&rsquo;appeler les num\u00e9ros suivants : le 01 46 11 80 00 et le 01 46 11 82 94.<\/p>\n<p>Renouvelons nos appels r\u00e9guli\u00e8rement.<\/p>\n<p>Interpellez le maire de votre commune par courrier (mod\u00e8le de lettre en fichier joint ou t\u00e9l\u00e9chargeable sur <a href=\"http:\/\/www.sortirdunucleaire.org\/dossiers\/alerte-dechets\" target=\"_blank\">le site de Sortir du nucl\u00e9aire<\/a> :<\/p>\n<ul>\n<li> pour manifester votre opposition \u00e0 ce projet,<\/li>\n<li>pour savoir si votre commune a \u00e9t\u00e9 d\u00e9march\u00e9e pour l&rsquo;implantation de ce site,<\/li>\n<li>pour conna\u00eetre la position de votre maire par rapport \u00e0 ce projet et la mani\u00e8re dont il entend (ou non) consulter ses administr\u00e9s,<\/li>\n<li>pour l&rsquo;inciter \u00e0 exiger la publication de la liste des 3115 communes concern\u00e9es (que l&rsquo;Andra refuse de d\u00e9voiler), par un appel t\u00e9l\u00e9phonique au n\u00b0 vert mis en place \u00e0 destination des maires (0 800 000 150).<\/li>\n<\/ul>\n<p>Transmettez-nous une copie de la r\u00e9ponse de votre maire, par courrier \u00e0 : R\u00e9seau \u00ab\u00a0Sortir du nucl\u00e9aire\u00a0\u00bb, 9 rue Dumenge, 69317 Lyon Cedex 04, ou par email \u00e0 : <a href=\"mailto:contact@sortirdunucleaire.fr\">contact@sortirdunucleaire.fr<\/a><\/p>\n<p>En centralisant ces informations, nous pourrons ainsi conna\u00eetre d&rsquo;une part les communes concern\u00e9es, d&rsquo;autre part la position des \u00e9lus vis-\u00e0-vis du projet, et rendre ces informations publiques.<\/p>\n<p>Faites conna\u00eetre votre d\u00e9marche.<\/p>\n<address>Nous vous remercions par avance pour votre implication et votre soutien. Tr\u00e8s cordialement,<\/address>\n<address> Philippe Brousse<\/address>\n<address> Directeur du R\u00e9seau \u00ab\u00a0Sortir du nucl\u00e9aire\u00a0\u00bb<\/address>\n<address> F\u00e9d\u00e9ration de 820 associations<\/address>\n<address> 9, rue Dumenge 69317 Lyon Cedex 04 &#8211; France<\/address>\n<address> Tel. 04 78 28 29 22 &#8211; Fax : 04 72 07 70 04<\/address>\n<address><a href=\"http:\/\/www.sortirdunucleaire.org\/dossiers\/alerte-dechets\" target=\"_blank\"> http:\/\/www.sortirdunucleaire.org\/dossiers\/alerte-dechets<\/a><\/address>\n<\/blockquote>\n","protected":false},"excerpt":{"rendered":"<p>Conf\u00e9rence de presse du 2 juillet 2008- ADES &#8211; Verts Is\u00e8re &#8211; EluEs Ecologie &amp; Solidarit\u00e9 Grenoble ville de rayonnement international pour de longues ann\u00e9es Grenoble ville de rayonnement international pour de longues ann\u00e9es : que Grenoble soit candidate au site de stockage des d\u00e9chets nucl\u00e9aires \u00e0 vie longue mis en service en 2018. \u00ab [&hellip;]<\/p>\n","protected":false},"author":1,"featured_media":0,"comment_status":"open","ping_status":"open","sticky":false,"template":"","format":"standard","meta":{"twitterCardType":"","cardImageID":0,"cardImage":"","cardTitle":"","cardDesc":"","cardImageAlt":"","cardPlayer":"","cardPlayerWidth":0,"cardPlayerHeight":0,"cardPlayerStream":"","cardPlayerCodec":"","footnotes":""},"categories":[18],"tags":[3,234,64],"class_list":["post-134","post","type-post","status-publish","format-standard","hentry","category-giant","tag-communiques","tag-giant","tag-nucleaire"],"_links":{"self":[{"href":"https:\/\/www.ades-grenoble.org\/wordpress\/wp-json\/wp\/v2\/posts\/134","targetHints":{"allow":["GET"]}}],"collection":[{"href":"https:\/\/www.ades-grenoble.org\/wordpress\/wp-json\/wp\/v2\/posts"}],"about":[{"href":"https:\/\/www.ades-grenoble.org\/wordpress\/wp-json\/wp\/v2\/types\/post"}],"author":[{"embeddable":true,"href":"https:\/\/www.ades-grenoble.org\/wordpress\/wp-json\/wp\/v2\/users\/1"}],"replies":[{"embeddable":true,"href":"https:\/\/www.ades-grenoble.org\/wordpress\/wp-json\/wp\/v2\/comments?post=134"}],"version-history":[{"count":2,"href":"https:\/\/www.ades-grenoble.org\/wordpress\/wp-json\/wp\/v2\/posts\/134\/revisions"}],"predecessor-version":[{"id":1420,"href":"https:\/\/www.ades-grenoble.org\/wordpress\/wp-json\/wp\/v2\/posts\/134\/revisions\/1420"}],"wp:attachment":[{"href":"https:\/\/www.ades-grenoble.org\/wordpress\/wp-json\/wp\/v2\/media?parent=134"}],"wp:term":[{"taxonomy":"category","embeddable":true,"href":"https:\/\/www.ades-grenoble.org\/wordpress\/wp-json\/wp\/v2\/categories?post=134"},{"taxonomy":"post_tag","embeddable":true,"href":"https:\/\/www.ades-grenoble.org\/wordpress\/wp-json\/wp\/v2\/tags?post=134"}],"curies":[{"name":"wp","href":"https:\/\/api.w.org\/{rel}","templated":true}]}}