{"id":13442,"date":"2017-10-13T11:38:19","date_gmt":"2017-10-13T09:38:19","guid":{"rendered":"http:\/\/www.ades-grenoble.org\/wordpress\/?p=13442"},"modified":"2017-10-13T17:08:20","modified_gmt":"2017-10-13T15:08:20","slug":"politique-politicienne-106","status":"publish","type":"post","link":"https:\/\/www.ades-grenoble.org\/wordpress\/2017\/10\/13\/politique-politicienne-106\/","title":{"rendered":"Politique politicienne"},"content":{"rendered":"<p style=\"text-align: justify;\"><img loading=\"lazy\" decoding=\"async\" class=\"size-full wp-image-10315 alignleft\" src=\"http:\/\/www.ades-grenoble.org\/wordpress\/wp-content\/uploads\/2015\/06\/Pins-Safar.jpg\" alt=\"\" width=\"400\" height=\"266\" srcset=\"https:\/\/www.ades-grenoble.org\/wordpress\/wp-content\/uploads\/2015\/06\/Pins-Safar.jpg 400w, https:\/\/www.ades-grenoble.org\/wordpress\/wp-content\/uploads\/2015\/06\/Pins-Safar-150x100.jpg 150w, https:\/\/www.ades-grenoble.org\/wordpress\/wp-content\/uploads\/2015\/06\/Pins-Safar-300x200.jpg 300w\" sizes=\"auto, (max-width: 400px) 100vw, 400px\" \/>On a beaucoup de mal \u00e0 suivre les m\u00e9andres de la pens\u00e9e et des actes politiques de J. Safar. Il s\u2019\u00e9tait retir\u00e9 du PS suite \u00e0 la d\u00e9bacle de l\u2019\u00e9lection pr\u00e9sidentielle et des l\u00e9gislatives, mais il restait pr\u00e9sent \u00e0 Grenoble et tenait son r\u00f4le de chef de file du groupe d\u2019opposition PS et assimil\u00e9s \u00e0 la mairie.<\/p>\n<p style=\"text-align: justify;\">Le 9 octobre il annonce qu\u2019il arr\u00eate sa carri\u00e8re politique, mais imm\u00e9diatement apr\u00e8s dans un communiqu\u00e9 il pr\u00e9cise qu\u2019il reste conseiller municipal jusqu\u2019\u00e0 la fin du mandat. Il arr\u00eate la politique mais continue \u00e0 donner les bons et les mauvais points aux uns et aux autres. Il n\u2019a jamais dig\u00e9r\u00e9 sa d\u00e9faite cuisante de mars 2014, o\u00f9 il se voyait d\u00e9j\u00e0 calife \u00e0 la place du calife pr\u00e9c\u00e9dent qui l\u2019avait intronis\u00e9 dans ce r\u00f4le. Il arr\u00eate sa carri\u00e8re politique mais si on lui demande s\u2019il pourrait avoir un r\u00f4le \u00e0 jouer \u00e0 l\u2019avenir \u00e0 Grenoble, il pousse le directeur de l\u2019\u00e9cole de management de Grenoble comme possible alternative\u2026 Il faut \u00eatre toujours vraiment engag\u00e9 \u00e0 fond dans les man\u0153uvres politiques pour l\u00e2cher une telle information et mouiller ainsi une personnalit\u00e9.<\/p>\n<p><!--more--><\/p>\n<p style=\"text-align: justify;\">Une caract\u00e9ristique tout de m\u00eame c\u2019est qu\u2019en tant que chef de file de l\u2019opposition PS au conseil municipal il n\u2019a jamais propos\u00e9 d\u2019alternative construite \u00e0 la politique de la majorit\u00e9, on ne saura jamais ce qu\u2019il aurait fait pour absorber le choc de l\u2019aust\u00e9rit\u00e9 financi\u00e8re impos\u00e9e par le gouvernement PS \u00e0 la Ville. Il a toujours critiqu\u00e9 les \u00e9conomies qu\u2019\u00e9tait oblig\u00e9e de faire la majorit\u00e9. Il faut rappeler que quand il \u00e9tait aux responsabilit\u00e9s, les r\u00e9sultats se sont sold\u00e9s par une d\u00e9rive financi\u00e8re qui a conduit la ville au bord de la mise sous tutelle. Il n\u2019a pas \u00e9t\u00e9 un mod\u00e8le de vertu pour g\u00e9rer les finances de la ville. De plus il confond sa participation au cabinet du maire avec une fonction d\u2019\u00e9lu quand il affirme qu\u2019il a \u00e9t\u00e9 \u00e9lu durant 20 ans. Il a \u00e9t\u00e9 au cabinet de M. Destot avant d\u2019\u00eatre \u00e9lu en 2001 comme conseiller municipal.<\/p>\n<p style=\"text-align: justify;\">Conclusion, une annonce qui n\u2019en est pas une, mais un coup m\u00e9diatique de plus qui fait flop.<\/p>\n","protected":false},"excerpt":{"rendered":"<p>On a beaucoup de mal \u00e0 suivre les m\u00e9andres de la pens\u00e9e et des actes politiques de J. Safar. Il s\u2019\u00e9tait retir\u00e9 du PS suite \u00e0 la d\u00e9bacle de l\u2019\u00e9lection pr\u00e9sidentielle et des l\u00e9gislatives, mais il restait pr\u00e9sent \u00e0 Grenoble et tenait son r\u00f4le de chef de file du groupe d\u2019opposition PS et assimil\u00e9s \u00e0 [&hellip;]<\/p>\n","protected":false},"author":1,"featured_media":0,"comment_status":"closed","ping_status":"open","sticky":false,"template":"","format":"standard","meta":{"twitterCardType":"","cardImageID":0,"cardImage":"","cardTitle":"","cardDesc":"","cardImageAlt":"","cardPlayer":"","cardPlayerWidth":0,"cardPlayerHeight":0,"cardPlayerStream":"","cardPlayerCodec":"","footnotes":""},"categories":[62,11],"tags":[115,54],"class_list":["post-13442","post","type-post","status-publish","format-standard","hentry","category-le-rouge-le-vert-hebdo","category-politique-locale","tag-municipales-2014","tag-politique-droite-gauche"],"_links":{"self":[{"href":"https:\/\/www.ades-grenoble.org\/wordpress\/wp-json\/wp\/v2\/posts\/13442","targetHints":{"allow":["GET"]}}],"collection":[{"href":"https:\/\/www.ades-grenoble.org\/wordpress\/wp-json\/wp\/v2\/posts"}],"about":[{"href":"https:\/\/www.ades-grenoble.org\/wordpress\/wp-json\/wp\/v2\/types\/post"}],"author":[{"embeddable":true,"href":"https:\/\/www.ades-grenoble.org\/wordpress\/wp-json\/wp\/v2\/users\/1"}],"replies":[{"embeddable":true,"href":"https:\/\/www.ades-grenoble.org\/wordpress\/wp-json\/wp\/v2\/comments?post=13442"}],"version-history":[{"count":1,"href":"https:\/\/www.ades-grenoble.org\/wordpress\/wp-json\/wp\/v2\/posts\/13442\/revisions"}],"predecessor-version":[{"id":13443,"href":"https:\/\/www.ades-grenoble.org\/wordpress\/wp-json\/wp\/v2\/posts\/13442\/revisions\/13443"}],"wp:attachment":[{"href":"https:\/\/www.ades-grenoble.org\/wordpress\/wp-json\/wp\/v2\/media?parent=13442"}],"wp:term":[{"taxonomy":"category","embeddable":true,"href":"https:\/\/www.ades-grenoble.org\/wordpress\/wp-json\/wp\/v2\/categories?post=13442"},{"taxonomy":"post_tag","embeddable":true,"href":"https:\/\/www.ades-grenoble.org\/wordpress\/wp-json\/wp\/v2\/tags?post=13442"}],"curies":[{"name":"wp","href":"https:\/\/api.w.org\/{rel}","templated":true}]}}