{"id":13469,"date":"2017-10-20T16:23:51","date_gmt":"2017-10-20T14:23:51","guid":{"rendered":"http:\/\/www.ades-grenoble.org\/wordpress\/?p=13469"},"modified":"2017-10-20T16:40:38","modified_gmt":"2017-10-20T14:40:38","slug":"budget-participatif-a-grenoble-neuf-projets-adoptes-pour-2018","status":"publish","type":"post","link":"https:\/\/www.ades-grenoble.org\/wordpress\/2017\/10\/20\/budget-participatif-a-grenoble-neuf-projets-adoptes-pour-2018\/","title":{"rendered":"Budget participatif \u00e0 Grenoble, neuf projets adopt\u00e9s pour 2018"},"content":{"rendered":"<p><img loading=\"lazy\" decoding=\"async\" class=\"size-full wp-image-10623 alignleft\" src=\"http:\/\/www.ades-grenoble.org\/wordpress\/wp-content\/uploads\/2015\/09\/budget-participatif.jpg\" alt=\"\" width=\"243\" height=\"244\" srcset=\"https:\/\/www.ades-grenoble.org\/wordpress\/wp-content\/uploads\/2015\/09\/budget-participatif.jpg 243w, https:\/\/www.ades-grenoble.org\/wordpress\/wp-content\/uploads\/2015\/09\/budget-participatif-150x150.jpg 150w, https:\/\/www.ades-grenoble.org\/wordpress\/wp-content\/uploads\/2015\/09\/budget-participatif-144x144.jpg 144w\" sizes=\"auto, (max-width: 243px) 100vw, 243px\" \/>Il y a eu 3547 votants pour d\u00e9partager les 25 projets s\u00e9lectionn\u00e9s pour un financement en 2018 (au d\u00e9part il y a eu 118 propositions d\u00e9pos\u00e9es). Donc moins de votants que l\u2019ann\u00e9e pass\u00e9e o\u00f9 il y avait en m\u00eame temps une consultation sur les tarifs du stationnement r\u00e9sident qui avait mobilis\u00e9 plus de monde. Mais c\u2019est nettement plus qu\u2019en 2015 ann\u00e9e du lancement de l\u2019op\u00e9ration. C\u2019est le projet n\u00b01 qui\u00a0a r\u00e9colt\u00e9 1678 votes\u00a0qui arrive en premier des gros projets (&gt; 200\u00a0000 \u20ac). Il propose un lieu ouvert pour lutter contre la pr\u00e9carit\u00e9 et permettre de fabriquer, s\u2019entraider, cuisiner, se rencontrer, prendre un caf\u00e9. Il propose une autre fa\u00e7on de partager. Comme quoi la solidarit\u00e9 collective envers les plus pr\u00e9caires a encore de nombreux adeptes.<\/p>\n<p><!--more--><\/p>\n<p>Il fallait ensuite\u00a0choisir 6 projets parmi les petits (&lt; 200\u00a0000 \u20ac) et ce sont finalement huit projets qui ont \u00e9t\u00e9 choisis pour arriver \u00e0 la somme totale de 800\u00a0000 \u20ac pr\u00e9vue dans le budget de la ville. Parmi les huit plus petits projets c\u2019est celui des nichoirs pour les chauves-souris, les hirondelles et les m\u00e9sanges qui a rencontr\u00e9 le plus de succ\u00e8s avec 1681 votes.<\/p>\n<p>Pour voir l\u2019ensemble des projets adopt\u00e9s, cliquez <a href=\"http:\/\/www.grenoble.fr\/1132-budget-participatif-les-projets-laureats.htm\" target=\"_blank\" rel=\"noopener\">ici<\/a>.<\/p>\n","protected":false},"excerpt":{"rendered":"<p>Il y a eu 3547 votants pour d\u00e9partager les 25 projets s\u00e9lectionn\u00e9s pour un financement en 2018 (au d\u00e9part il y a eu 118 propositions d\u00e9pos\u00e9es). Donc moins de votants que l\u2019ann\u00e9e pass\u00e9e o\u00f9 il y avait en m\u00eame temps une consultation sur les tarifs du stationnement r\u00e9sident qui avait mobilis\u00e9 plus de monde. Mais [&hellip;]<\/p>\n","protected":false},"author":1,"featured_media":0,"comment_status":"closed","ping_status":"open","sticky":false,"template":"","format":"standard","meta":{"twitterCardType":"","cardImageID":0,"cardImage":"","cardTitle":"","cardDesc":"","cardImageAlt":"","cardPlayer":"","cardPlayerWidth":0,"cardPlayerHeight":0,"cardPlayerStream":"","cardPlayerCodec":"","footnotes":""},"categories":[62,11],"tags":[270,35,217],"class_list":["post-13469","post","type-post","status-publish","format-standard","hentry","category-le-rouge-le-vert-hebdo","category-politique-locale","tag-budget","tag-democratie-locale","tag-investissements"],"_links":{"self":[{"href":"https:\/\/www.ades-grenoble.org\/wordpress\/wp-json\/wp\/v2\/posts\/13469","targetHints":{"allow":["GET"]}}],"collection":[{"href":"https:\/\/www.ades-grenoble.org\/wordpress\/wp-json\/wp\/v2\/posts"}],"about":[{"href":"https:\/\/www.ades-grenoble.org\/wordpress\/wp-json\/wp\/v2\/types\/post"}],"author":[{"embeddable":true,"href":"https:\/\/www.ades-grenoble.org\/wordpress\/wp-json\/wp\/v2\/users\/1"}],"replies":[{"embeddable":true,"href":"https:\/\/www.ades-grenoble.org\/wordpress\/wp-json\/wp\/v2\/comments?post=13469"}],"version-history":[{"count":1,"href":"https:\/\/www.ades-grenoble.org\/wordpress\/wp-json\/wp\/v2\/posts\/13469\/revisions"}],"predecessor-version":[{"id":13470,"href":"https:\/\/www.ades-grenoble.org\/wordpress\/wp-json\/wp\/v2\/posts\/13469\/revisions\/13470"}],"wp:attachment":[{"href":"https:\/\/www.ades-grenoble.org\/wordpress\/wp-json\/wp\/v2\/media?parent=13469"}],"wp:term":[{"taxonomy":"category","embeddable":true,"href":"https:\/\/www.ades-grenoble.org\/wordpress\/wp-json\/wp\/v2\/categories?post=13469"},{"taxonomy":"post_tag","embeddable":true,"href":"https:\/\/www.ades-grenoble.org\/wordpress\/wp-json\/wp\/v2\/tags?post=13469"}],"curies":[{"name":"wp","href":"https:\/\/api.w.org\/{rel}","templated":true}]}}