{"id":13497,"date":"2017-10-27T12:06:27","date_gmt":"2017-10-27T10:06:27","guid":{"rendered":"http:\/\/www.ades-grenoble.org\/wordpress\/?p=13497"},"modified":"2017-11-10T16:04:38","modified_gmt":"2017-11-10T15:04:38","slug":"la-participation-aux-elections-de-2017","status":"publish","type":"post","link":"https:\/\/www.ades-grenoble.org\/wordpress\/2017\/10\/27\/la-participation-aux-elections-de-2017\/","title":{"rendered":"La participation aux \u00e9lections de 2017"},"content":{"rendered":"<p style=\"text-align: justify;\"><img loading=\"lazy\" decoding=\"async\" class=\"size-full wp-image-12478 alignleft\" src=\"http:\/\/www.ades-grenoble.org\/wordpress\/wp-content\/uploads\/2017\/01\/INSEE.jpg\" alt=\"\" width=\"400\" height=\"128\" srcset=\"https:\/\/www.ades-grenoble.org\/wordpress\/wp-content\/uploads\/2017\/01\/INSEE.jpg 400w, https:\/\/www.ades-grenoble.org\/wordpress\/wp-content\/uploads\/2017\/01\/INSEE-150x48.jpg 150w, https:\/\/www.ades-grenoble.org\/wordpress\/wp-content\/uploads\/2017\/01\/INSEE-300x96.jpg 300w\" sizes=\"auto, (max-width: 400px) 100vw, 400px\" \/>Le 19 octobre l\u2019INSEE publie des \u00e9tudes sur la participation \u00e9lectorale \u00e0 l\u2019\u00e9lection pr\u00e9sidentielle et aux \u00e9lections l\u00e9gislatives de cette ann\u00e9e. On y apprend qu\u2019environ 90% des Fran\u00e7ais sont inscrits sur les listes \u00e9lectorales et qu\u2019environ 90% des inscrits ont vot\u00e9 \u00e0 au moins un tour des \u00e9lections pr\u00e9sidentielles et l\u00e9gislatives de 2017. En Auvergne-Rh\u00f4ne-Alpes le taux d\u2019inscription sur les listes \u00e9lectorales est un des plus bas de la France m\u00e9tropolitaine et la participation n\u2019a pas \u00e9t\u00e9 tr\u00e8s forte.<\/p>\n<p style=\"text-align: justify;\"><em> \u00ab\u00a0Depuis 2002, en France m\u00e9tropolitaine, la participation \u00e0 au moins un tour des \u00e9lections pr\u00e9sidentielle ou l\u00e9gislatives reste stable\u00a0: neuf inscrits sur les listes \u00e9lectorales sur dix se d\u00e9placent \u00e0 au moins un tour. Les comportements de vote ont toutefois chang\u00e9 en 2017 par rapport aux \u00e9lections nationales pr\u00e9c\u00e9dentes. Les \u00e9lecteurs ont nettement moins vot\u00e9 que par le pass\u00e9 \u00e0 l\u2019ensemble des tours des \u00e9lections pr\u00e9sidentielle et l\u00e9gislatives (vote syst\u00e9matique). En contrepartie, ils parmi les personnes inscrites et vivant en France m\u00e9tropolitaine (sources), environ neuf sur dix participent \u00e0 au moins un tour de ces \u00e9lections (figure\u00a01).<\/em><\/p>\n<p><!--more--><\/p>\n<p style=\"text-align: justify;\"><em>De m\u00eame, la proportion des Fran\u00e7ais inscrits sur les listes \u00e9lectorales reste \u00e9lev\u00e9e, autour de 90\u00a0% (ont ont davantage vot\u00e9 par intermittence. En particulier, la part des \u00e9lecteurs ayant particip\u00e9 aux deux tours de la pr\u00e9sidentielle et \u00e0 aucun tour des l\u00e9gislatives a continu\u00e9 d\u2019augmenter, accentuant le moindre int\u00e9r\u00eat pour les \u00e9lections l\u00e9gislatives. <\/em><\/p>\n<p style=\"text-align: justify;\"><em>La baisse de la participation syst\u00e9matique en 2017 touche l\u2019ensemble des classes d\u2019\u00e2ge, des niveaux de dipl\u00f4me ou des cat\u00e9gories sociales. <\/em><\/p>\n<p style=\"text-align: justify;\"><em>Les diff\u00e9rences de pratiques de vote selon le dipl\u00f4me ou la cat\u00e9gorie sociale se sont accentu\u00e9es en 2017. L\u2019\u00e9cart de participation entre les plus dipl\u00f4m\u00e9s, les moins abstentionnistes, et les personnes sans dipl\u00f4me, les plus abstentionnistes, s\u2019est progressivement creus\u00e9 depuis 2002\u00a0; l\u2019\u00e9cart entre les cadres, d\u2019une part, et les personnes exer\u00e7ant une profession interm\u00e9diaire, les employ\u00e9s et les ouvriers, d\u2019autre part, s\u2019est aussi \u00e9largi en 2017\u2026\u00a0\u00bb<\/em><\/p>\n<p style=\"text-align: justify;\"><em>\u00ab\u00a0Parmi les 5,2\u00a0millions d\u2019\u00e9lecteurs appel\u00e9s \u00e0 voter en Auvergne-Rh\u00f4ne-Alpes en 2017, 13\u00a0% ne se sont pas du tout rendus aux urnes. \u00c0 l\u2019oppos\u00e9, 35\u00a0% des inscrits ont particip\u00e9 \u00e0 l&rsquo;ensemble des quatre tours propos\u00e9s, une part en nette diminution. Le vote intermittent devient donc une pratique majoritaire dans la r\u00e9gion comme en France. La pr\u00e9sidentielle demeure l\u2019\u00e9lection majeure. En revanche, les l\u00e9gislatives peinent \u00e0 mobiliser l\u2019\u00e9lectorat, notamment les jeunes\u2026\u00a0En Auvergne-Rh\u00f4ne-Alpes, 5\u00a0202\u00a0000\u00a0personnes sont inscrites sur les listes \u00e9lectorales en 2017. Ainsi, 88,6\u00a0% des personnes en capacit\u00e9 de s&rsquo;inscrire y figurent formellement. Ce taux d\u2019inscription est l\u2019un des plus bas de France m\u00e9tropolitaine, o\u00f9 la moyenne s&rsquo;\u00e9tablit \u00e0 89,5\u00a0%. Seules les r\u00e9gions Provence-Alpes-C\u00f4te d&rsquo;Azur, Corse et \u00cele-de-France affichent un score inf\u00e9rieur\u2026\u00bb<\/em><\/p>\n<p style=\"text-align: justify;\"><em>\u00ab\u00a0En 2017, pour les 4 tours des \u00e9lections (pr\u00e9sidentielle et l\u00e9gislatives), sur 44 millions d&rsquo;inscrits, 14\u00a0% se sont abstenus \u00e0 tous les tours de scrutin et 86\u00a0% ont vot\u00e9 \u00e0 au moins un des quatre tours : 35\u00a0% ont vot\u00e9 \u00e0 tous les tours des \u00e9lections et 51\u00a0% ont vot\u00e9 par intermittence. Les inscrits qui s\u2019abstiennent syst\u00e9matiquement aux \u00e9lections de 2017 sont plus souvent jeunes (moins de 30 ans) ou \u00e2g\u00e9s (80 ans ou plus), ils sont aussi plus souvent sans dipl\u00f4me, ils ont un niveau de vie plus faible et sont plus souvent inactifs ou ouvriers que les autres inscrits.<\/em><\/p>\n<p style=\"text-align: justify;\"><em>En France m\u00e9tropolitaine, les \u00e9carts entre r\u00e9gions sont moins marqu\u00e9s que ceux observ\u00e9s avec les DOM, o\u00f9 il y a davantage d&rsquo;abstention syst\u00e9matique. Les habitants de l\u2019ouest de la France (Nouvelle-Aquitaine et Bretagne) et de l\u2019Occitanie votent plus souvent syst\u00e9matiquement que les autres (respectivement 39\u00a0%, 38\u00a0% et 38\u00a0%, contre 35\u00a0% pour l\u2019ensemble de la France hors Mayotte). \u00c0 l\u2019inverse, les personnes r\u00e9sidant en Corse, Provence-Alpes-C\u00f4te-d\u2019Azur et dans les Hauts-de-France s\u2019abstiennent plus souvent syst\u00e9matiquement (respectivement 17\u00a0%, 16\u00a0% et 16\u00a0% des inscrits, contre 14\u00a0% pour l\u2019ensemble de la France hors Mayotte)\u2026\u00a0\u00bb<\/em><\/p>\n<p>Pour en savoir plus, suivre ces liens :<\/p>\n<p style=\"text-align: justify;\"><a href=\"https:\/\/www.insee.fr\/fr\/statistiques\/3138704\">\u00c9lections pr\u00e9sidentielle et l\u00e9gislatives de 2017 : neuf inscrits sur dix ont vot\u00e9 \u00e0 au moins un tour de scrutin<\/a> &#8211; Insee Premi\u00e8re n\u00b0\u00a01670, octobre 2017<\/p>\n<p style=\"text-align: justify;\"><a href=\"https:\/\/www.insee.fr\/fr\/statistiques\/3140794\">\u00c9lections pr\u00e9sidentielles et l\u00e9gislatives de 2002 \u00e0 2017 : une participation atypique en 2017 <\/a>&#8211; Insee Premi\u00e8re n\u00b0\u00a01671, octobre 2017<\/p>\n<p style=\"text-align: justify;\">Auvergne-Rh\u00f4ne-Alpes\u00a0: <a href=\"https:\/\/www.insee.fr\/fr\/statistiques\/3141754\">Participation \u00e9lectorale 2017 : un vote de moins en moins syst\u00e9matique, notamment aux l\u00e9gislatives<\/a> &#8211; Insee Flash Auvergne-Rh\u00f4ne-Alpes n\u00b0\u00a029<\/p>\n","protected":false},"excerpt":{"rendered":"<p>Le 19 octobre l\u2019INSEE publie des \u00e9tudes sur la participation \u00e9lectorale \u00e0 l\u2019\u00e9lection pr\u00e9sidentielle et aux \u00e9lections l\u00e9gislatives de cette ann\u00e9e. On y apprend qu\u2019environ 90% des Fran\u00e7ais sont inscrits sur les listes \u00e9lectorales et qu\u2019environ 90% des inscrits ont vot\u00e9 \u00e0 au moins un tour des \u00e9lections pr\u00e9sidentielles et l\u00e9gislatives de 2017. En Auvergne-Rh\u00f4ne-Alpes [&hellip;]<\/p>\n","protected":false},"author":1,"featured_media":0,"comment_status":"closed","ping_status":"open","sticky":false,"template":"","format":"standard","meta":{"twitterCardType":"","cardImageID":0,"cardImage":"","cardTitle":"","cardDesc":"","cardImageAlt":"","cardPlayer":"","cardPlayerWidth":0,"cardPlayerHeight":0,"cardPlayerStream":"","cardPlayerCodec":"","footnotes":""},"categories":[62,11],"tags":[300,140,285],"class_list":["post-13497","post","type-post","status-publish","format-standard","hentry","category-le-rouge-le-vert-hebdo","category-politique-locale","tag-democratie","tag-elections","tag-insee"],"_links":{"self":[{"href":"https:\/\/www.ades-grenoble.org\/wordpress\/wp-json\/wp\/v2\/posts\/13497","targetHints":{"allow":["GET"]}}],"collection":[{"href":"https:\/\/www.ades-grenoble.org\/wordpress\/wp-json\/wp\/v2\/posts"}],"about":[{"href":"https:\/\/www.ades-grenoble.org\/wordpress\/wp-json\/wp\/v2\/types\/post"}],"author":[{"embeddable":true,"href":"https:\/\/www.ades-grenoble.org\/wordpress\/wp-json\/wp\/v2\/users\/1"}],"replies":[{"embeddable":true,"href":"https:\/\/www.ades-grenoble.org\/wordpress\/wp-json\/wp\/v2\/comments?post=13497"}],"version-history":[{"count":1,"href":"https:\/\/www.ades-grenoble.org\/wordpress\/wp-json\/wp\/v2\/posts\/13497\/revisions"}],"predecessor-version":[{"id":13498,"href":"https:\/\/www.ades-grenoble.org\/wordpress\/wp-json\/wp\/v2\/posts\/13497\/revisions\/13498"}],"wp:attachment":[{"href":"https:\/\/www.ades-grenoble.org\/wordpress\/wp-json\/wp\/v2\/media?parent=13497"}],"wp:term":[{"taxonomy":"category","embeddable":true,"href":"https:\/\/www.ades-grenoble.org\/wordpress\/wp-json\/wp\/v2\/categories?post=13497"},{"taxonomy":"post_tag","embeddable":true,"href":"https:\/\/www.ades-grenoble.org\/wordpress\/wp-json\/wp\/v2\/tags?post=13497"}],"curies":[{"name":"wp","href":"https:\/\/api.w.org\/{rel}","templated":true}]}}