{"id":13523,"date":"2017-11-03T11:45:58","date_gmt":"2017-11-03T10:45:58","guid":{"rendered":"http:\/\/www.ades-grenoble.org\/wordpress\/?p=13523"},"modified":"2017-11-03T14:22:55","modified_gmt":"2017-11-03T13:22:55","slug":"ne-tombons-pas-dans-le-piege-des-canons-a-neige","status":"publish","type":"post","link":"https:\/\/www.ades-grenoble.org\/wordpress\/2017\/11\/03\/ne-tombons-pas-dans-le-piege-des-canons-a-neige\/","title":{"rendered":"Ne tombons pas dans le pi\u00e8ge des canons \u00e0 neige !"},"content":{"rendered":"<p style=\"text-align: justify;\"><img loading=\"lazy\" decoding=\"async\" class=\"size-full wp-image-13524 alignleft\" src=\"http:\/\/www.ades-grenoble.org\/wordpress\/wp-content\/uploads\/2017\/11\/ANEM.jpg\" alt=\"\" width=\"269\" height=\"120\" srcset=\"https:\/\/www.ades-grenoble.org\/wordpress\/wp-content\/uploads\/2017\/11\/ANEM.jpg 269w, https:\/\/www.ades-grenoble.org\/wordpress\/wp-content\/uploads\/2017\/11\/ANEM-150x67.jpg 150w\" sizes=\"auto, (max-width: 269px) 100vw, 269px\" \/>Le congr\u00e8s des \u00e9lus de la montagne (ANEM) s&rsquo;est d\u00e9roul\u00e9 \u00e0 Forcalquier les 19 et 20 octobre\u00a0; un s\u00e9nateur et des \u00e9lus r\u00e9gionaux et locaux ont profit\u00e9 de l\u2019occasion pour \u00e9diter une lettre ouverte \u00e0 l\u2019ensemble des \u00e9lus de la montagne en les appelant \u00e0 arr\u00eater les investissements dans les canons \u00e0 neige, chers \u00e0 M. Wauquiez et la majorit\u00e9 r\u00e9gionale.<\/p>\n<p style=\"text-align: justify;\">Voici ce qu\u2019\u00e9crivent \u00e0 leurs coll\u00e8gues, Corinne Morel Darleux, conseill\u00e8re r\u00e9gionale Auvergne Rh\u00f4ne-Alpes, membre de la commission montagne\u00a0; Guillaume Gontard, s\u00e9nateur de l\u2019Is\u00e8re\u00a0; Pierre M\u00e9riaux, conseiller d\u00e9l\u00e9gu\u00e9 \u00e0 la montagne de la ville de Grenoble\u00a0: Emilie Marche, conseill\u00e8re r\u00e9gionale Auvergne Rh\u00f4ne-Alpes<\/p>\n<p><!--more--><\/p>\n<p style=\"text-align: justify;\"><em>\u00ab\u00a0Nous sommes tous \u00e9lus sur un territoire particulier : la montagne. <strong>Un territoire aussi \u00e9poustouflant que vuln\u00e9rable.<\/strong> Nous sommes les premiers t\u00e9moins des effets du changement climatique, de la fonte des glaces et des \u00e9croulements qui s\u2019aggravent.<\/em><\/p>\n<p style=\"text-align: justify;\"><em>Cette situation particuli\u00e8re qui est la n\u00f4tre, \u00e9lus de montagne, doit nous inciter \u00e0 \u00eatre \u00e0 la pointe des politiques d\u2019adaptation au changement climatique et \u00e0 penser avant tout aux habitants actuels et futurs de nos territoires.<\/em><\/p>\n<p style=\"text-align: justify;\"><em>H\u00e9las, au lieu d\u2019anticiper on nous invite \u00e0 foncer dans le mur : depuis la premi\u00e8re Loi Montagne de Valery Giscard D\u2019Estaing, les politiques publiques n\u2019ont pas beaucoup \u00e9volu\u00e9 et restent majoritairement d\u00e9di\u00e9es au ski et aux canons \u00e0 neige, pour des stations qui ne repr\u00e9sentent que 3 % du territoire de montagne et au b\u00e9n\u00e9fice de touristes de plus en plus fortun\u00e9s. Pourtant, dans nos montagnes, il existe bien d\u2019autres projets, port\u00e9s par des habitants qui y vivent, et en vivent, toute l\u2019ann\u00e9e !<\/em><\/p>\n<p style=\"text-align: justify;\"><em>L\u2019argent public investi dans la neige artificielle non seulement ne va pas sur ces autres projets locaux, mais en plus il met en p\u00e9ril les finances des stations : les canons \u00e0 neige nous endettent.\u00a0 Car si 28 millions d\u2019euros ont d\u00e9j\u00e0 \u00e9t\u00e9 d\u00e9pens\u00e9s sur ces canons pour la seule R\u00e9gion Auvergne Rh\u00f4ne Alpes, les sommes restant \u00e0 charge des communes risquent de se faire \u00e0 perte : en effet, pour fonctionner ces canons ont besoin de beaucoup d\u2019eau, d\u2019\u00e9nergie et de temp\u00e9ratures n\u00e9gatives, autant de choses qui manquent de plus en plus cruellement \u00e0 nos montagnes !<\/em><\/p>\n<p style=\"text-align: justify;\"><em>Ainsi, \u00e0 l\u2019heure o\u00f9 l\u2019on se bat pour garder la gestion communale de l\u2019eau, il est important de noter que pour un hectare de neige artificielle il faut 4.000 m\u00e8tres cube d\u2019eau.<\/em><\/p>\n<p style=\"text-align: justify;\"><em>A l\u2019heure o\u00f9 tous les scientifiques s\u2019accordent sur le r\u00e9chauffement climatique, il est utile de rappeler que ces canons \u00e0 neige ne fonctionnent que quand la temp\u00e9rature est comprise entre -10 et 2\u00b0C.<\/em><\/p>\n<p style=\"text-align: justify;\"><strong><em>Veut-on voir fleurir en montagne des cimeti\u00e8res de canons qu\u2019on n\u2019aura pas fini de payer ?<\/em><\/strong><\/p>\n<p style=\"text-align: justify;\"><em>Les \u00e9tudes les plus r\u00e9centes pr\u00e9voient qu\u2019en 2100 il n\u2019y aura plus une seule station sous 2.500 m\u00e8tres d\u2019altitude.<\/em><\/p>\n<p style=\"text-align: justify;\"><em>Alors ne nous laissons pas berner : misons sur la diversification de nos activit\u00e9s, investissons dans la montagne des 4 saisons ! Choisissons de d\u00e9velopper une activit\u00e9 touristique autour de projets locaux, de paysages pr\u00e9serv\u00e9s, de sports de plein air, du bien-\u00eatre, des circuits aromatiques, des randonn\u00e9es p\u00e9destres et \u00e9questres \u2026<\/em><\/p>\n<p style=\"text-align: justify;\"><strong><em>Amis, coll\u00e8gues : ne tombons pas dans le pi\u00e8ge des effets d\u2019aubaine !\u00a0\u00bb<\/em><\/strong><\/p>\n","protected":false},"excerpt":{"rendered":"<p>Le congr\u00e8s des \u00e9lus de la montagne (ANEM) s&rsquo;est d\u00e9roul\u00e9 \u00e0 Forcalquier les 19 et 20 octobre\u00a0; un s\u00e9nateur et des \u00e9lus r\u00e9gionaux et locaux ont profit\u00e9 de l\u2019occasion pour \u00e9diter une lettre ouverte \u00e0 l\u2019ensemble des \u00e9lus de la montagne en les appelant \u00e0 arr\u00eater les investissements dans les canons \u00e0 neige, chers \u00e0 [&hellip;]<\/p>\n","protected":false},"author":1,"featured_media":0,"comment_status":"closed","ping_status":"open","sticky":false,"template":"","format":"standard","meta":{"twitterCardType":"","cardImageID":0,"cardImage":"","cardTitle":"","cardDesc":"","cardImageAlt":"","cardPlayer":"","cardPlayerWidth":0,"cardPlayerHeight":0,"cardPlayerStream":"","cardPlayerCodec":"","footnotes":""},"categories":[62,11],"tags":[223,232,185],"class_list":["post-13523","post","type-post","status-publish","format-standard","hentry","category-le-rouge-le-vert-hebdo","category-politique-locale","tag-climat","tag-eau","tag-montagne"],"_links":{"self":[{"href":"https:\/\/www.ades-grenoble.org\/wordpress\/wp-json\/wp\/v2\/posts\/13523","targetHints":{"allow":["GET"]}}],"collection":[{"href":"https:\/\/www.ades-grenoble.org\/wordpress\/wp-json\/wp\/v2\/posts"}],"about":[{"href":"https:\/\/www.ades-grenoble.org\/wordpress\/wp-json\/wp\/v2\/types\/post"}],"author":[{"embeddable":true,"href":"https:\/\/www.ades-grenoble.org\/wordpress\/wp-json\/wp\/v2\/users\/1"}],"replies":[{"embeddable":true,"href":"https:\/\/www.ades-grenoble.org\/wordpress\/wp-json\/wp\/v2\/comments?post=13523"}],"version-history":[{"count":2,"href":"https:\/\/www.ades-grenoble.org\/wordpress\/wp-json\/wp\/v2\/posts\/13523\/revisions"}],"predecessor-version":[{"id":13530,"href":"https:\/\/www.ades-grenoble.org\/wordpress\/wp-json\/wp\/v2\/posts\/13523\/revisions\/13530"}],"wp:attachment":[{"href":"https:\/\/www.ades-grenoble.org\/wordpress\/wp-json\/wp\/v2\/media?parent=13523"}],"wp:term":[{"taxonomy":"category","embeddable":true,"href":"https:\/\/www.ades-grenoble.org\/wordpress\/wp-json\/wp\/v2\/categories?post=13523"},{"taxonomy":"post_tag","embeddable":true,"href":"https:\/\/www.ades-grenoble.org\/wordpress\/wp-json\/wp\/v2\/tags?post=13523"}],"curies":[{"name":"wp","href":"https:\/\/api.w.org\/{rel}","templated":true}]}}