{"id":1354,"date":"2010-03-31T21:34:27","date_gmt":"2010-03-31T19:34:27","guid":{"rendered":"http:\/\/www.ades-grenoble.org\/wordpress\/?p=1354"},"modified":"2010-04-15T17:54:46","modified_gmt":"2010-04-15T15:54:46","slug":"conseil-municipal-de-grenoble-la-droite-explose%e2%80%a6","status":"publish","type":"post","link":"https:\/\/www.ades-grenoble.org\/wordpress\/2010\/03\/31\/conseil-municipal-de-grenoble-la-droite-explose%e2%80%a6\/","title":{"rendered":"Conseil municipal de Grenoble, la droite explose\u2026"},"content":{"rendered":"<p>La droite ne sait plus o\u00f9 elle habite\u00a0! Il y a maintenant 6 groupes politiques repr\u00e9sentant la droite au conseil municipal, 3 dans l\u2019opposition et 3 dans la majorit\u00e9, et il y a un \u00e9lu de droite dans le groupe PS et apparent\u00e9s\u00a0! Voici la g\u00e9ographie actuelle de cette balkanisation qui \u00e9volue tous les jours.  Entre parenth\u00e8se la personne qui assure la pr\u00e9sidence du groupe\u00a0:<\/p>\n<p>Dans la majorit\u00e9\u00a0:<\/p>\n<ul>\n<li>groupe Elus D\u00e9mocrates de Grenoble (B. Betto), 2 membres<\/li>\n<li>groupe Grenoble D\u00e9mocrate (Ph. De Longevialle) 3 membres<\/li>\n<li>groupe Modem (M. Bachir Cherif) 3 membres<\/li>\n<\/ul>\n<p>Dans l\u2019opposition\u00a0:<\/p>\n<ul>\n<li>groupe UMP, Majorit\u00e9 Pr\u00e9sidentielle, Divers droite et Soci\u00e9t\u00e9 civile (F. De Sans Nicolas) 4 membres<\/li>\n<li>groupe Union pour un Mouvement Populaire (N. B\u00e9ranger) 2 membres<\/li>\n<li>groupe Majorit\u00e9 Pr\u00e9sidentielle (M. Chamussy) 3 membres.<\/li>\n<\/ul>\n<p>A noter que ces deux derniers groupes forment un intergroupe d\u00e9nomm\u00e9 Rassemblement pour Grenoble\u00a0!<\/p>\n<p>Rajoutons que lors du conseil municipal du 29 mars, MM. Chamussy et De Sans Nicolas se sont r\u00e9jouis de la mise \u00e0 bas de la rocade-nord par la commission d\u2019enqu\u00eate, oubliant les promesses qu\u2019ils avaient faites lors de la campagne des \u00e9lections municipales en s\u2019engageant pour \u00ab\u00a0la r\u00e9alisation prioritaire de la Rocade Nord\u00a0\u00bb\u00a0!<\/p>\n","protected":false},"excerpt":{"rendered":"<p>La droite ne sait plus o\u00f9 elle habite\u00a0! Il y a maintenant 6 groupes politiques repr\u00e9sentant la droite au conseil municipal, 3 dans l\u2019opposition et 3 dans la majorit\u00e9, et il y a un \u00e9lu de droite dans le groupe PS et apparent\u00e9s\u00a0! Voici la g\u00e9ographie actuelle de cette balkanisation qui \u00e9volue tous les jours. [&hellip;]<\/p>\n","protected":false},"author":1,"featured_media":0,"comment_status":"open","ping_status":"open","sticky":false,"template":"","format":"standard","meta":{"twitterCardType":"","cardImageID":0,"cardImage":"","cardTitle":"","cardDesc":"","cardImageAlt":"","cardPlayer":"","cardPlayerWidth":0,"cardPlayerHeight":0,"cardPlayerStream":"","cardPlayerCodec":"","footnotes":""},"categories":[62,11],"tags":[67,24],"class_list":["post-1354","post","type-post","status-publish","format-standard","hentry","category-le-rouge-le-vert-hebdo","category-politique-locale","tag-conseil-municipal","tag-rocade-nord"],"_links":{"self":[{"href":"https:\/\/www.ades-grenoble.org\/wordpress\/wp-json\/wp\/v2\/posts\/1354","targetHints":{"allow":["GET"]}}],"collection":[{"href":"https:\/\/www.ades-grenoble.org\/wordpress\/wp-json\/wp\/v2\/posts"}],"about":[{"href":"https:\/\/www.ades-grenoble.org\/wordpress\/wp-json\/wp\/v2\/types\/post"}],"author":[{"embeddable":true,"href":"https:\/\/www.ades-grenoble.org\/wordpress\/wp-json\/wp\/v2\/users\/1"}],"replies":[{"embeddable":true,"href":"https:\/\/www.ades-grenoble.org\/wordpress\/wp-json\/wp\/v2\/comments?post=1354"}],"version-history":[{"count":3,"href":"https:\/\/www.ades-grenoble.org\/wordpress\/wp-json\/wp\/v2\/posts\/1354\/revisions"}],"predecessor-version":[{"id":1486,"href":"https:\/\/www.ades-grenoble.org\/wordpress\/wp-json\/wp\/v2\/posts\/1354\/revisions\/1486"}],"wp:attachment":[{"href":"https:\/\/www.ades-grenoble.org\/wordpress\/wp-json\/wp\/v2\/media?parent=1354"}],"wp:term":[{"taxonomy":"category","embeddable":true,"href":"https:\/\/www.ades-grenoble.org\/wordpress\/wp-json\/wp\/v2\/categories?post=1354"},{"taxonomy":"post_tag","embeddable":true,"href":"https:\/\/www.ades-grenoble.org\/wordpress\/wp-json\/wp\/v2\/tags?post=1354"}],"curies":[{"name":"wp","href":"https:\/\/api.w.org\/{rel}","templated":true}]}}