{"id":13565,"date":"2017-11-10T15:37:21","date_gmt":"2017-11-10T14:37:21","guid":{"rendered":"http:\/\/www.ades-grenoble.org\/wordpress\/?p=13565"},"modified":"2017-11-10T16:00:24","modified_gmt":"2017-11-10T15:00:24","slug":"politique-politicienne-109","status":"publish","type":"post","link":"https:\/\/www.ades-grenoble.org\/wordpress\/2017\/11\/10\/politique-politicienne-109\/","title":{"rendered":"Politique politicienne"},"content":{"rendered":"<p style=\"text-align: justify;\"><img loading=\"lazy\" decoding=\"async\" class=\"size-full wp-image-9634 alignleft\" src=\"http:\/\/www.ades-grenoble.org\/wordpress\/wp-content\/uploads\/2015\/01\/fou1.png\" alt=\"\" width=\"200\" height=\"234\" srcset=\"https:\/\/www.ades-grenoble.org\/wordpress\/wp-content\/uploads\/2015\/01\/fou1.png 200w, https:\/\/www.ades-grenoble.org\/wordpress\/wp-content\/uploads\/2015\/01\/fou1-128x150.png 128w\" sizes=\"auto, (max-width: 200px) 100vw, 200px\" \/>L\u2019opposition de droite ne connait plus les r\u00e8gles qui s\u2019imposent lors de la pr\u00e9paration d\u2019un budget municipal\u00a0! Le maire a demand\u00e9 au conseil municipal de prendre acte par le vote d\u2019une d\u00e9lib\u00e9ration qu\u2019il y avait bien eu un d\u00e9bat sur le rapport d\u2019orientation budg\u00e9taire pr\u00e9sent\u00e9 par la majorit\u00e9 municipale. Comme m\u00fb par un r\u00e9flexe de Pavlov, l\u2019opposition de droite qui vote en g\u00e9n\u00e9ral toujours contre tout ce qui est propos\u00e9 d\u2019important a refus\u00e9 de voter que ce d\u00e9bat avait eu lieu, pr\u00e9textant qu\u2019il n\u2019y avait pas de d\u00e9lib\u00e9ration \u00e0 prendre \u00e0 ce sujet. Or depuis le 1<sup>er<\/sup> ao\u00fbt 2015, la loi impose que\u00a0: <em>\u00ab\u00a0ce rapport donne lieu \u00e0 un d\u00e9bat au Conseil municipal\u2026 il est pris acte de ce d\u00e9bat par une d\u00e9lib\u00e9ration sp\u00e9cifique\u00a0\u00bb<\/em> (article L 2312-1 du CGCT). Heureusement que cette droite n\u2019est pas aux commandes, ses budgets seraient syst\u00e9matiquement annul\u00e9s faute de cette d\u00e9lib\u00e9ration qui prouve que le d\u00e9bat sur le rapport d\u2019orientation a bien eu lieu.<\/p>\n<p style=\"text-align: justify;\"><!--more--><\/p>\n<hr \/>\n<p style=\"text-align: justify;\">Il est important de rafraichir la m\u00e9moire collective sur la gestion pass\u00e9e de l\u2019ancien maire corrompu de 1983 \u00e0 1995, car depuis qu\u2019il essaye de revenir aux affaires, il d\u00e9crit sa gestion comme idyllique et propose un d\u00e9bat \u00e0 l\u2019adjoint aux finances. Ce dernier a justement rappel\u00e9 que si Grenoble avait une dette aussi \u00e9lev\u00e9e, elle le devait \u00e0 la gestion de la droite. Il suffit pour s\u2019en convaincre de voir l\u2019\u00e9volution de la dette depuis 1982 dans le graphique et de <a href=\"http:\/\/www.ades-grenoble.org\/wordpress\/2013\/07\/12\/finances-de-grenoble-de-1982-a-2012\/\" target=\"_blank\" rel=\"noopener\">relire notre article<\/a>\u00a0qui d\u00e9montre que c\u2019est par un gaspillage en fonctionnement que la dette a augment\u00e9e de 100 M\u20ac et non par un exc\u00e8s d\u2019investissement.<\/p>\n<p style=\"text-align: justify;\"><img loading=\"lazy\" decoding=\"async\" class=\"wp-image-13566 size-full aligncenter\" src=\"http:\/\/www.ades-grenoble.org\/wordpress\/wp-content\/uploads\/2017\/11\/Dette-BP.jpg\" alt=\"\" width=\"598\" height=\"363\" srcset=\"https:\/\/www.ades-grenoble.org\/wordpress\/wp-content\/uploads\/2017\/11\/Dette-BP.jpg 598w, https:\/\/www.ades-grenoble.org\/wordpress\/wp-content\/uploads\/2017\/11\/Dette-BP-150x91.jpg 150w, https:\/\/www.ades-grenoble.org\/wordpress\/wp-content\/uploads\/2017\/11\/Dette-BP-300x182.jpg 300w\" sizes=\"auto, (max-width: 598px) 100vw, 598px\" \/><\/p>\n","protected":false},"excerpt":{"rendered":"<p>L\u2019opposition de droite ne connait plus les r\u00e8gles qui s\u2019imposent lors de la pr\u00e9paration d\u2019un budget municipal\u00a0! Le maire a demand\u00e9 au conseil municipal de prendre acte par le vote d\u2019une d\u00e9lib\u00e9ration qu\u2019il y avait bien eu un d\u00e9bat sur le rapport d\u2019orientation budg\u00e9taire pr\u00e9sent\u00e9 par la majorit\u00e9 municipale. Comme m\u00fb par un r\u00e9flexe de [&hellip;]<\/p>\n","protected":false},"author":1,"featured_media":0,"comment_status":"closed","ping_status":"open","sticky":false,"template":"","format":"standard","meta":{"twitterCardType":"","cardImageID":0,"cardImage":"","cardTitle":"","cardDesc":"","cardImageAlt":"","cardPlayer":"","cardPlayerWidth":0,"cardPlayerHeight":0,"cardPlayerStream":"","cardPlayerCodec":"","footnotes":""},"categories":[62,11],"tags":[54],"class_list":["post-13565","post","type-post","status-publish","format-standard","hentry","category-le-rouge-le-vert-hebdo","category-politique-locale","tag-politique-droite-gauche"],"_links":{"self":[{"href":"https:\/\/www.ades-grenoble.org\/wordpress\/wp-json\/wp\/v2\/posts\/13565","targetHints":{"allow":["GET"]}}],"collection":[{"href":"https:\/\/www.ades-grenoble.org\/wordpress\/wp-json\/wp\/v2\/posts"}],"about":[{"href":"https:\/\/www.ades-grenoble.org\/wordpress\/wp-json\/wp\/v2\/types\/post"}],"author":[{"embeddable":true,"href":"https:\/\/www.ades-grenoble.org\/wordpress\/wp-json\/wp\/v2\/users\/1"}],"replies":[{"embeddable":true,"href":"https:\/\/www.ades-grenoble.org\/wordpress\/wp-json\/wp\/v2\/comments?post=13565"}],"version-history":[{"count":2,"href":"https:\/\/www.ades-grenoble.org\/wordpress\/wp-json\/wp\/v2\/posts\/13565\/revisions"}],"predecessor-version":[{"id":13568,"href":"https:\/\/www.ades-grenoble.org\/wordpress\/wp-json\/wp\/v2\/posts\/13565\/revisions\/13568"}],"wp:attachment":[{"href":"https:\/\/www.ades-grenoble.org\/wordpress\/wp-json\/wp\/v2\/media?parent=13565"}],"wp:term":[{"taxonomy":"category","embeddable":true,"href":"https:\/\/www.ades-grenoble.org\/wordpress\/wp-json\/wp\/v2\/categories?post=13565"},{"taxonomy":"post_tag","embeddable":true,"href":"https:\/\/www.ades-grenoble.org\/wordpress\/wp-json\/wp\/v2\/tags?post=13565"}],"curies":[{"name":"wp","href":"https:\/\/api.w.org\/{rel}","templated":true}]}}