{"id":1357,"date":"2010-03-31T21:38:21","date_gmt":"2010-03-31T19:38:21","guid":{"rendered":"http:\/\/www.ades-grenoble.org\/wordpress\/?p=1357"},"modified":"2010-05-05T21:56:47","modified_gmt":"2010-05-05T19:56:47","slug":"pour-une-autre-politique-des-deplacements-dans-l%e2%80%99agglomeration","status":"publish","type":"post","link":"https:\/\/www.ades-grenoble.org\/wordpress\/2010\/03\/31\/pour-une-autre-politique-des-deplacements-dans-l%e2%80%99agglomeration\/","title":{"rendered":"Pour une autre politique des d\u00e9placements dans l\u2019agglom\u00e9ration"},"content":{"rendered":"<p><img loading=\"lazy\" decoding=\"async\" class=\"alignleft size-thumbnail wp-image-575\" style=\"margin: 5px; float: left;\" title=\"nitunnelniviaduc\" src=\"http:\/\/www.ades-grenoble.org\/wordpress\/wp-content\/uploads\/2009\/07\/nitunnelniviaduc-150x150.jpg\" alt=\"nitunnelniviaduc\" width=\"150\" height=\"150\" \/>Il aura donc suffit d\u2019un avis d\u2019une commission d\u2019enqu\u00eate pour mettre \u00e0 bas le projet de rocade nord du Conseil g\u00e9n\u00e9ral\u00a0! Pourtant il ne s\u2019agit que d\u2019un simple avis que le ma\u00eetre d\u2019ouvrage n\u2019est pas oblig\u00e9 de suivre. Mais <a href=\"http:\/\/www.ades-grenoble.org\/wordpress\/2010\/03\/25\/conclusions-des-commissaires-enqueteurs-sur-l%e2%80%99utilite-publique-de-la-rocade-nord-un-veritable-requisitoire\/\">son contenu est tellement s\u00e9v\u00e8re<\/a> pour les tenants de la rocade que ces derniers sont KO debout. Poursuivre signifierait s\u2019enfoncer encore plus car le dossier est tellement fragilis\u00e9 qu\u2019il ne tiendrait pas face \u00e0 des recours devant la justice administrative. Les responsables du Conseil g\u00e9n\u00e9ral, de la M\u00e9tro, du SMTC, de la Ville de Grenoble et de toute la droite s\u2019\u00e9taient persuad\u00e9s que sans la rocade il n\u2019y aurait pas de salut pour une politique des d\u00e9placements dans l\u2019agglom\u00e9ration, qu\u2019ils se sont disqualifi\u00e9s pour proposer des solutions efficaces et r\u00e9alistes.<\/p>\n<p>Ils devraient maintenant confier aux associations et mouvements qui se sont battus pour proposer des alternatives \u00e0 ce projet d\u2019un autre si\u00e8cle l\u2019animation du d\u00e9bat public sur cette question. Souhaitons que dans les mois qui viennent ces d\u00e9bats s\u2019organisent et que les collectivit\u00e9s proposent les budgets n\u00e9cessaires pour qu\u2019enfin les solutions se mettent rapidement en place. Le projet de rocade a ralenti tous les autres projets, il a englouti des millions d\u2019euros, il a fait perdre un temps pr\u00e9cieux, maintenant il est urgent d\u2019agir.<\/p>\n<p>L\u2019ADES y participera activement, <a href=\"http:\/\/www.ades-grenoble.org\/wordpress\/2009\/12\/03\/rocade-nord-un-projet-qui-n%e2%80%99est-pas-d%e2%80%99utilite-publique-un-dossier-d%e2%80%99enquetes-qui-souffre-de-graves-insuffisances\/\" target=\"_self\">elle a d\u00e9pos\u00e9 lors de l\u2019enqu\u00eate publique une contre proposition globale et chiffr\u00e9e<\/a> qu\u2019elle met au d\u00e9bat.<\/p>\n","protected":false},"excerpt":{"rendered":"<p>Il aura donc suffit d\u2019un avis d\u2019une commission d\u2019enqu\u00eate pour mettre \u00e0 bas le projet de rocade nord du Conseil g\u00e9n\u00e9ral\u00a0! Pourtant il ne s\u2019agit que d\u2019un simple avis que le ma\u00eetre d\u2019ouvrage n\u2019est pas oblig\u00e9 de suivre. Mais son contenu est tellement s\u00e9v\u00e8re pour les tenants de la rocade que ces derniers sont KO [&hellip;]<\/p>\n","protected":false},"author":1,"featured_media":0,"comment_status":"open","ping_status":"open","sticky":false,"template":"","format":"standard","meta":{"twitterCardType":"","cardImageID":0,"cardImage":"","cardTitle":"","cardDesc":"","cardImageAlt":"","cardPlayer":"","cardPlayerWidth":0,"cardPlayerHeight":0,"cardPlayerStream":"","cardPlayerCodec":"","footnotes":""},"categories":[62],"tags":[5,24,50],"class_list":["post-1357","post","type-post","status-publish","format-standard","hentry","category-le-rouge-le-vert-hebdo","tag-deplacements","tag-rocade-nord","tag-transports-en-commun"],"_links":{"self":[{"href":"https:\/\/www.ades-grenoble.org\/wordpress\/wp-json\/wp\/v2\/posts\/1357","targetHints":{"allow":["GET"]}}],"collection":[{"href":"https:\/\/www.ades-grenoble.org\/wordpress\/wp-json\/wp\/v2\/posts"}],"about":[{"href":"https:\/\/www.ades-grenoble.org\/wordpress\/wp-json\/wp\/v2\/types\/post"}],"author":[{"embeddable":true,"href":"https:\/\/www.ades-grenoble.org\/wordpress\/wp-json\/wp\/v2\/users\/1"}],"replies":[{"embeddable":true,"href":"https:\/\/www.ades-grenoble.org\/wordpress\/wp-json\/wp\/v2\/comments?post=1357"}],"version-history":[{"count":7,"href":"https:\/\/www.ades-grenoble.org\/wordpress\/wp-json\/wp\/v2\/posts\/1357\/revisions"}],"predecessor-version":[{"id":1660,"href":"https:\/\/www.ades-grenoble.org\/wordpress\/wp-json\/wp\/v2\/posts\/1357\/revisions\/1660"}],"wp:attachment":[{"href":"https:\/\/www.ades-grenoble.org\/wordpress\/wp-json\/wp\/v2\/media?parent=1357"}],"wp:term":[{"taxonomy":"category","embeddable":true,"href":"https:\/\/www.ades-grenoble.org\/wordpress\/wp-json\/wp\/v2\/categories?post=1357"},{"taxonomy":"post_tag","embeddable":true,"href":"https:\/\/www.ades-grenoble.org\/wordpress\/wp-json\/wp\/v2\/tags?post=1357"}],"curies":[{"name":"wp","href":"https:\/\/api.w.org\/{rel}","templated":true}]}}