{"id":13652,"date":"2017-12-01T14:43:35","date_gmt":"2017-12-01T13:43:35","guid":{"rendered":"http:\/\/www.ades-grenoble.org\/wordpress\/?p=13652"},"modified":"2017-12-01T15:26:28","modified_gmt":"2017-12-01T14:26:28","slug":"reforme-du-stationnement-payant-la-protection-des-donnees-personnelles","status":"publish","type":"post","link":"https:\/\/www.ades-grenoble.org\/wordpress\/2017\/12\/01\/reforme-du-stationnement-payant-la-protection-des-donnees-personnelles\/","title":{"rendered":"R\u00e9forme du stationnement payant, la protection des donn\u00e9es personnelles"},"content":{"rendered":"<p style=\"text-align: justify;\"><img loading=\"lazy\" decoding=\"async\" class=\"size-medium wp-image-13017 alignleft\" src=\"http:\/\/www.ades-grenoble.org\/wordpress\/wp-content\/uploads\/2017\/05\/cnil-300x86.jpg\" alt=\"\" width=\"300\" height=\"86\" srcset=\"https:\/\/www.ades-grenoble.org\/wordpress\/wp-content\/uploads\/2017\/05\/cnil-300x86.jpg 300w, https:\/\/www.ades-grenoble.org\/wordpress\/wp-content\/uploads\/2017\/05\/cnil-150x43.jpg 150w, https:\/\/www.ades-grenoble.org\/wordpress\/wp-content\/uploads\/2017\/05\/cnil.jpg 327w\" sizes=\"auto, (max-width: 300px) 100vw, 300px\" \/>A partir du 1<sup>er<\/sup> janvier 2018 se met en place une r\u00e9forme du stationnement payant qui verra les amendes remplac\u00e9es par le FPS (forfait post-stationnement). Les collectivit\u00e9s territoriales pourront d\u00e9cider de recourir \u00e0 de nouveaux dispositifs de contr\u00f4le, lesquels impliquent notamment la collecte du num\u00e9ro de plaque d\u2019immatriculation des v\u00e9hicules en stationnement. La CNIL (Commission nationale de l&rsquo;informatique et des libert\u00e9s) a \u00e9dit\u00e9 le 14 novembre, un dossier intitul\u00e9 <em>\u00ab\u00a0<\/em><em>R\u00e9forme du stationnement payant : quels enjeux pour la vie priv\u00e9e ?\u00a0\u00bb <\/em>qui fait le point sur les cons\u00e9quences de la r\u00e9forme et pr\u00e9sente ses recommandations \u00e0 destination des collectivit\u00e9s et de leurs prestataires pour une mise en \u0153uvre respectueuse du droit de la protection des donn\u00e9es personnelles. La CNIL signale que les collectivit\u00e9s conna\u00eetront l\u2019ensemble des v\u00e9hicules stationn\u00e9s sur leur territoire \u00e0 un instant, ce qui conduit \u00e0 \u00ab\u00a0<em>r\u00e9v\u00e9ler des informations d\u00e9taill\u00e9es sur la vie priv\u00e9e des individus, remettant en cause la possibilit\u00e9 offerte aux citoyens de circuler dans l\u2019espace public de mani\u00e8re anonyme <\/em>\u00bb.<\/p>\n<p><!--more--><\/p>\n<p style=\"text-align: justify;\">Il \u00e9tait donc indispensable que la CNIL pr\u00e9cise les r\u00e8gles afin que cette collecte se fasse dans le respect le plus strict possible de la vie priv\u00e9e et des principes de la loi Informatique et libert\u00e9s. Elle rappelle que la possibilit\u00e9 de recourir \u00e0 la lecture automatis\u00e9e des plaques d\u2019immatriculation doit \u00eatre cantonn\u00e9e au seul stationnement payant, il est donc interdit d\u2019en faire usage pour constater les infractions du type stationnement g\u00eanant ou interdit.<\/p>\n<p style=\"text-align: justify;\">Voir l&rsquo;avis de la CNIL <a href=\"https:\/\/www.cnil.fr\/fr\/reforme-du-stationnement-payant-quels-enjeux-pour-la-vie-privee\" target=\"_blank\" rel=\"noopener\">ici<\/a>.<\/p>\n<p style=\"text-align: justify;\">\n","protected":false},"excerpt":{"rendered":"<p>A partir du 1er janvier 2018 se met en place une r\u00e9forme du stationnement payant qui verra les amendes remplac\u00e9es par le FPS (forfait post-stationnement). Les collectivit\u00e9s territoriales pourront d\u00e9cider de recourir \u00e0 de nouveaux dispositifs de contr\u00f4le, lesquels impliquent notamment la collecte du num\u00e9ro de plaque d\u2019immatriculation des v\u00e9hicules en stationnement. La CNIL (Commission [&hellip;]<\/p>\n","protected":false},"author":1,"featured_media":0,"comment_status":"closed","ping_status":"open","sticky":false,"template":"","format":"standard","meta":{"twitterCardType":"","cardImageID":0,"cardImage":"","cardTitle":"","cardDesc":"","cardImageAlt":"","cardPlayer":"","cardPlayerWidth":0,"cardPlayerHeight":0,"cardPlayerStream":"","cardPlayerCodec":"","footnotes":""},"categories":[62,11],"tags":[279,310,170],"class_list":["post-13652","post","type-post","status-publish","format-standard","hentry","category-le-rouge-le-vert-hebdo","category-politique-locale","tag-libertes","tag-numerique","tag-stationnement"],"_links":{"self":[{"href":"https:\/\/www.ades-grenoble.org\/wordpress\/wp-json\/wp\/v2\/posts\/13652","targetHints":{"allow":["GET"]}}],"collection":[{"href":"https:\/\/www.ades-grenoble.org\/wordpress\/wp-json\/wp\/v2\/posts"}],"about":[{"href":"https:\/\/www.ades-grenoble.org\/wordpress\/wp-json\/wp\/v2\/types\/post"}],"author":[{"embeddable":true,"href":"https:\/\/www.ades-grenoble.org\/wordpress\/wp-json\/wp\/v2\/users\/1"}],"replies":[{"embeddable":true,"href":"https:\/\/www.ades-grenoble.org\/wordpress\/wp-json\/wp\/v2\/comments?post=13652"}],"version-history":[{"count":1,"href":"https:\/\/www.ades-grenoble.org\/wordpress\/wp-json\/wp\/v2\/posts\/13652\/revisions"}],"predecessor-version":[{"id":13653,"href":"https:\/\/www.ades-grenoble.org\/wordpress\/wp-json\/wp\/v2\/posts\/13652\/revisions\/13653"}],"wp:attachment":[{"href":"https:\/\/www.ades-grenoble.org\/wordpress\/wp-json\/wp\/v2\/media?parent=13652"}],"wp:term":[{"taxonomy":"category","embeddable":true,"href":"https:\/\/www.ades-grenoble.org\/wordpress\/wp-json\/wp\/v2\/categories?post=13652"},{"taxonomy":"post_tag","embeddable":true,"href":"https:\/\/www.ades-grenoble.org\/wordpress\/wp-json\/wp\/v2\/tags?post=13652"}],"curies":[{"name":"wp","href":"https:\/\/api.w.org\/{rel}","templated":true}]}}