{"id":13657,"date":"2017-12-01T15:02:53","date_gmt":"2017-12-01T14:02:53","guid":{"rendered":"http:\/\/www.ades-grenoble.org\/wordpress\/?p=13657"},"modified":"2017-12-01T15:26:41","modified_gmt":"2017-12-01T14:26:41","slug":"la-metropole-grenoble-alpes-laureate-pour-la-preparation-du-plui","status":"publish","type":"post","link":"https:\/\/www.ades-grenoble.org\/wordpress\/2017\/12\/01\/la-metropole-grenoble-alpes-laureate-pour-la-preparation-du-plui\/","title":{"rendered":"La m\u00e9tropole Grenoble-Alpes laur\u00e9ate pour la pr\u00e9paration du PLUi"},"content":{"rendered":"<p style=\"text-align: justify;\"><img loading=\"lazy\" decoding=\"async\" class=\"size-full wp-image-13660 alignleft\" src=\"http:\/\/www.ades-grenoble.org\/wordpress\/wp-content\/uploads\/2017\/12\/CohesionTerritoires.jpg\" alt=\"\" width=\"350\" height=\"76\" srcset=\"https:\/\/www.ades-grenoble.org\/wordpress\/wp-content\/uploads\/2017\/12\/CohesionTerritoires.jpg 350w, https:\/\/www.ades-grenoble.org\/wordpress\/wp-content\/uploads\/2017\/12\/CohesionTerritoires-150x33.jpg 150w, https:\/\/www.ades-grenoble.org\/wordpress\/wp-content\/uploads\/2017\/12\/CohesionTerritoires-300x65.jpg 300w\" sizes=\"auto, (max-width: 350px) 100vw, 350px\" \/>L\u2019\u00e9dition 2017 de l\u2019appel \u00e0 candidatures Plan local d\u2019urbanisme intercommunal (PLUi) du minist\u00e8re de la Coh\u00e9sion des territoires a distingu\u00e9, le 28 novembre, 21 <em>\u00ab\u00a0d\u00e9marches exemplaires<\/em>\u00a0\u00bb qui seront r\u00e9compens\u00e9es par un petit ch\u00e8que (maxi 50\u00a0000 \u20ac).<\/p>\n<p style=\"text-align: justify;\">La M\u00e9tro est distingu\u00e9e avec 5 autres intercommunalit\u00e9s pour le th\u00e8me gouvernance et concertation\u00a0:<\/p>\n<p style=\"text-align: justify;\"><em>\u00ab\u00a0Un des enjeux de la d\u00e9marche d\u2019\u00e9laboration du PLUi est d\u2019aboutir \u00e0 un document partag\u00e9, approuv\u00e9 par la communaut\u00e9 et les communes, puis appropri\u00e9 et mis en \u0153uvre par l\u2019ensemble des acteurs du territoire. La gouvernance avec les \u00e9lus et les techniciens des communes constitue une premi\u00e8re clef de r\u00e9ussite. La participation des habitants et la concertation avec les acteurs du territoire constituent un deuxi\u00e8me facteur de succ\u00e8s et d\u2019appropriation de la d\u00e9marche. Les initiatives recens\u00e9es dans les d\u00e9marches des 21 laur\u00e9ats en mati\u00e8re de gouvernance et de concertation sont riches et foisonnantes, tant en termes de formats et de modalit\u00e9s de travail que d\u2019acteurs associ\u00e9s. Plusieurs communaut\u00e9s comme Maubeuge Val de Sambre, Grenoble Alpes M\u00e9tropole, Pays de Lumbres, Grand Chambord, Haut Val de S\u00e8vres ont \u00e9galement d\u00e9velopp\u00e9 des outils plus participatifs ou collaboratifs en lien avec les habitants. Ces communaut\u00e9s ont cherch\u00e9 \u00e0 cr\u00e9er de l\u2019adh\u00e9sion au projet et ont veill\u00e9 \u00e0 son acceptabilit\u00e9 par les habitants, en multipliant les animations, la sensibilisation et les lieux de rencontre pour toucher diff\u00e9rents publics.\u00a0\u00bb<\/em><em>\u00a0<\/em><\/p>\n<p><!--more--><\/p>\n<p style=\"text-align: justify;\"><img loading=\"lazy\" decoding=\"async\" class=\"size-full wp-image-13661 aligncenter\" src=\"http:\/\/www.ades-grenoble.org\/wordpress\/wp-content\/uploads\/2017\/12\/LaureatsPLUi.jpg\" alt=\"\" width=\"500\" height=\"707\" srcset=\"https:\/\/www.ades-grenoble.org\/wordpress\/wp-content\/uploads\/2017\/12\/LaureatsPLUi.jpg 500w, https:\/\/www.ades-grenoble.org\/wordpress\/wp-content\/uploads\/2017\/12\/LaureatsPLUi-106x150.jpg 106w, https:\/\/www.ades-grenoble.org\/wordpress\/wp-content\/uploads\/2017\/12\/LaureatsPLUi-212x300.jpg 212w\" sizes=\"auto, (max-width: 500px) 100vw, 500px\" \/>Voir l&rsquo;annonce du minist\u00e8re <a href=\"http:\/\/www.cohesion-territoires.gouv.fr\/appel-a-candidature-plui-21-laureats-d-excellence\" target=\"_blank\" rel=\"noopener\">ici<\/a>.<\/p>\n","protected":false},"excerpt":{"rendered":"<p>L\u2019\u00e9dition 2017 de l\u2019appel \u00e0 candidatures Plan local d\u2019urbanisme intercommunal (PLUi) du minist\u00e8re de la Coh\u00e9sion des territoires a distingu\u00e9, le 28 novembre, 21 \u00ab\u00a0d\u00e9marches exemplaires\u00a0\u00bb qui seront r\u00e9compens\u00e9es par un petit ch\u00e8que (maxi 50\u00a0000 \u20ac). La M\u00e9tro est distingu\u00e9e avec 5 autres intercommunalit\u00e9s pour le th\u00e8me gouvernance et concertation\u00a0: \u00ab\u00a0Un des enjeux de la [&hellip;]<\/p>\n","protected":false},"author":1,"featured_media":0,"comment_status":"closed","ping_status":"open","sticky":false,"template":"","format":"standard","meta":{"twitterCardType":"","cardImageID":0,"cardImage":"","cardTitle":"","cardDesc":"","cardImageAlt":"","cardPlayer":"","cardPlayerWidth":0,"cardPlayerHeight":0,"cardPlayerStream":"","cardPlayerCodec":"","footnotes":""},"categories":[62,11],"tags":[32,65],"class_list":["post-13657","post","type-post","status-publish","format-standard","hentry","category-le-rouge-le-vert-hebdo","category-politique-locale","tag-metro","tag-urbanisme"],"_links":{"self":[{"href":"https:\/\/www.ades-grenoble.org\/wordpress\/wp-json\/wp\/v2\/posts\/13657","targetHints":{"allow":["GET"]}}],"collection":[{"href":"https:\/\/www.ades-grenoble.org\/wordpress\/wp-json\/wp\/v2\/posts"}],"about":[{"href":"https:\/\/www.ades-grenoble.org\/wordpress\/wp-json\/wp\/v2\/types\/post"}],"author":[{"embeddable":true,"href":"https:\/\/www.ades-grenoble.org\/wordpress\/wp-json\/wp\/v2\/users\/1"}],"replies":[{"embeddable":true,"href":"https:\/\/www.ades-grenoble.org\/wordpress\/wp-json\/wp\/v2\/comments?post=13657"}],"version-history":[{"count":3,"href":"https:\/\/www.ades-grenoble.org\/wordpress\/wp-json\/wp\/v2\/posts\/13657\/revisions"}],"predecessor-version":[{"id":13662,"href":"https:\/\/www.ades-grenoble.org\/wordpress\/wp-json\/wp\/v2\/posts\/13657\/revisions\/13662"}],"wp:attachment":[{"href":"https:\/\/www.ades-grenoble.org\/wordpress\/wp-json\/wp\/v2\/media?parent=13657"}],"wp:term":[{"taxonomy":"category","embeddable":true,"href":"https:\/\/www.ades-grenoble.org\/wordpress\/wp-json\/wp\/v2\/categories?post=13657"},{"taxonomy":"post_tag","embeddable":true,"href":"https:\/\/www.ades-grenoble.org\/wordpress\/wp-json\/wp\/v2\/tags?post=13657"}],"curies":[{"name":"wp","href":"https:\/\/api.w.org\/{rel}","templated":true}]}}