{"id":13680,"date":"2017-12-08T12:05:39","date_gmt":"2017-12-08T11:05:39","guid":{"rendered":"http:\/\/www.ades-grenoble.org\/wordpress\/?p=13680"},"modified":"2017-12-08T12:38:27","modified_gmt":"2017-12-08T11:38:27","slug":"le-nouveau-barometro-est-sorti","status":"publish","type":"post","link":"https:\/\/www.ades-grenoble.org\/wordpress\/2017\/12\/08\/le-nouveau-barometro-est-sorti\/","title":{"rendered":"Le nouveau Baro\u2019M\u00e9tro est sorti"},"content":{"rendered":"<p style=\"text-align: justify;\"><img loading=\"lazy\" decoding=\"async\" class=\"size-full wp-image-13681 alignleft\" src=\"http:\/\/www.ades-grenoble.org\/wordpress\/wp-content\/uploads\/2017\/12\/BaroMetro.jpg\" alt=\"\" width=\"280\" height=\"417\" srcset=\"https:\/\/www.ades-grenoble.org\/wordpress\/wp-content\/uploads\/2017\/12\/BaroMetro.jpg 280w, https:\/\/www.ades-grenoble.org\/wordpress\/wp-content\/uploads\/2017\/12\/BaroMetro-101x150.jpg 101w, https:\/\/www.ades-grenoble.org\/wordpress\/wp-content\/uploads\/2017\/12\/BaroMetro-201x300.jpg 201w\" sizes=\"auto, (max-width: 280px) 100vw, 280px\" \/>La deuxi\u00e8me \u00e9dition du Baro\u2019M\u00e9tro est \u00e9dit\u00e9 par la Mission strat\u00e9gie et innovation publique avec le concours de l\u2019Agence d\u2019urbanisme de la r\u00e9gion grenobloise et en lien avec l\u2019ensemble des observatoires du territoire. Il donne de nombreuses informations sur les 14 m\u00e9tropoles de province et compare les interventions sur les champs d\u2019intervention de ces m\u00e9tropoles. Il s\u2019inspire du mod\u00e8le rennais. La premi\u00e8re \u00e9dition \u00e9tait publi\u00e9e en 2012.<\/p>\n<p style=\"text-align: justify;\"><em>\u00ab\u00a0LE BARO\u2019M\u00c9TROPOLE <\/em><em>EST UN OUTIL DE MESURE.<\/em><\/p>\n<p style=\"text-align: justify;\"><em>\u00c0 partir de sources diverses, le Baro\u2019M\u00e9tropole 2017 rassemble et compare des donn\u00e9es de contexte locales et des donn\u00e9es issues du panel des 14 m\u00e9tropoles de province (au 1er janvier 2016). Les indicateurs-cl\u00e9s qui sous-tendent l\u2019observation sont identiques pour toutes les m\u00e9tropoles fran\u00e7aises, ce qui facilite grandement la comparaison et renforce la fiabilit\u00e9 de l\u2019analyse. Chaque indicateur permet de conna\u00eetre la position de la m\u00e9tropole grenobloise dans le panel et d\u2019en tirer les conclusions utiles pour son territoire. Autant que possible, des indications d\u2019\u00e9volution ont \u00e9t\u00e9 introduites.<\/em><\/p>\n<p><!--more--><\/p>\n<p style=\"text-align: justify;\">\n<p style=\"text-align: justify;\"><em>LE BARO\u2019M\u00c9TROPOLE <\/em><em>N\u2019EST PAS UN OUTIL D\u2019\u00c9VALUATION DES POLITIQUES PUBLIQUES<\/em><\/p>\n<p style=\"text-align: justify;\"><em>On ne peut pas tracer des relations de causalit\u00e9 entre ce que fait la M\u00e9tropole et l\u2019\u00e9volution des indicateurs de contexte socio-\u00e9conomiques et environnementaux pr\u00e9sent\u00e9s (par exemple, l\u2019\u00e9volution du taux de ch\u00f4mage, dans un contexte de mondialisation et au regard des tendances lourdes g\u00e9n\u00e9rales, ne peut \u00eatre imput\u00e9 \u2013 seulement \u2013 \u00e0 l\u2019action de la collectivit\u00e9).<\/em><\/p>\n<p style=\"text-align: justify;\"><strong><em>Le Baro\u2019M\u00e9tropole brosse un portrait aussi complet et objectif que possible des situations locales, des atouts et contraintes du territoire sans pr\u00e9juger de l\u2019influence de telle ou telle action publique sur leur \u00e9volution.\u00a0\u00bb<\/em><\/strong><\/p>\n<p style=\"text-align: justify;\">Pour acc\u00e9der au document, cliquez <a href=\"http:\/\/basedoc.aurg.fr\/dyn\/portal\/index.seam?page=alo&amp;aloId=12523&amp;menu=&amp;cid=347\" target=\"_blank\" rel=\"noopener\">ici<\/a>.<strong><br \/>\n<\/strong><\/p>\n<p style=\"text-align: justify;\"><strong>\u00a0<\/strong><strong>\u00a0<\/strong><\/p>\n<p style=\"text-align: justify;\">\n","protected":false},"excerpt":{"rendered":"<p>La deuxi\u00e8me \u00e9dition du Baro\u2019M\u00e9tro est \u00e9dit\u00e9 par la Mission strat\u00e9gie et innovation publique avec le concours de l\u2019Agence d\u2019urbanisme de la r\u00e9gion grenobloise et en lien avec l\u2019ensemble des observatoires du territoire. Il donne de nombreuses informations sur les 14 m\u00e9tropoles de province et compare les interventions sur les champs d\u2019intervention de ces m\u00e9tropoles. [&hellip;]<\/p>\n","protected":false},"author":1,"featured_media":0,"comment_status":"closed","ping_status":"open","sticky":false,"template":"","format":"standard","meta":{"twitterCardType":"","cardImageID":0,"cardImage":"","cardTitle":"","cardDesc":"","cardImageAlt":"","cardPlayer":"","cardPlayerWidth":0,"cardPlayerHeight":0,"cardPlayerStream":"","cardPlayerCodec":"","footnotes":""},"categories":[62,11],"tags":[32,261,65],"class_list":["post-13680","post","type-post","status-publish","format-standard","hentry","category-le-rouge-le-vert-hebdo","category-politique-locale","tag-metro","tag-population","tag-urbanisme"],"_links":{"self":[{"href":"https:\/\/www.ades-grenoble.org\/wordpress\/wp-json\/wp\/v2\/posts\/13680","targetHints":{"allow":["GET"]}}],"collection":[{"href":"https:\/\/www.ades-grenoble.org\/wordpress\/wp-json\/wp\/v2\/posts"}],"about":[{"href":"https:\/\/www.ades-grenoble.org\/wordpress\/wp-json\/wp\/v2\/types\/post"}],"author":[{"embeddable":true,"href":"https:\/\/www.ades-grenoble.org\/wordpress\/wp-json\/wp\/v2\/users\/1"}],"replies":[{"embeddable":true,"href":"https:\/\/www.ades-grenoble.org\/wordpress\/wp-json\/wp\/v2\/comments?post=13680"}],"version-history":[{"count":1,"href":"https:\/\/www.ades-grenoble.org\/wordpress\/wp-json\/wp\/v2\/posts\/13680\/revisions"}],"predecessor-version":[{"id":13682,"href":"https:\/\/www.ades-grenoble.org\/wordpress\/wp-json\/wp\/v2\/posts\/13680\/revisions\/13682"}],"wp:attachment":[{"href":"https:\/\/www.ades-grenoble.org\/wordpress\/wp-json\/wp\/v2\/media?parent=13680"}],"wp:term":[{"taxonomy":"category","embeddable":true,"href":"https:\/\/www.ades-grenoble.org\/wordpress\/wp-json\/wp\/v2\/categories?post=13680"},{"taxonomy":"post_tag","embeddable":true,"href":"https:\/\/www.ades-grenoble.org\/wordpress\/wp-json\/wp\/v2\/tags?post=13680"}],"curies":[{"name":"wp","href":"https:\/\/api.w.org\/{rel}","templated":true}]}}