{"id":13702,"date":"2017-12-08T12:37:51","date_gmt":"2017-12-08T11:37:51","guid":{"rendered":"http:\/\/www.ades-grenoble.org\/wordpress\/?p=13702"},"modified":"2017-12-08T12:39:21","modified_gmt":"2017-12-08T11:39:21","slug":"agenda-69","status":"publish","type":"post","link":"https:\/\/www.ades-grenoble.org\/wordpress\/2017\/12\/08\/agenda-69\/","title":{"rendered":"Agenda"},"content":{"rendered":"<p><strong><img loading=\"lazy\" decoding=\"async\" class=\"size-full wp-image-9887 alignleft\" src=\"http:\/\/www.ades-grenoble.org\/wordpress\/wp-content\/uploads\/2015\/03\/50Arlequin.jpg\" alt=\"\" width=\"350\" height=\"233\" srcset=\"https:\/\/www.ades-grenoble.org\/wordpress\/wp-content\/uploads\/2015\/03\/50Arlequin.jpg 350w, https:\/\/www.ades-grenoble.org\/wordpress\/wp-content\/uploads\/2015\/03\/50Arlequin-150x100.jpg 150w, https:\/\/www.ades-grenoble.org\/wordpress\/wp-content\/uploads\/2015\/03\/50Arlequin-300x200.jpg 300w\" sizes=\"auto, (max-width: 350px) 100vw, 350px\" \/>Samedi 9 d\u00e9cembre de 10 h \u00e0 13 h, au Patio (97 Galerie de l\u2019Arlequin)\u00a0: une matin\u00e9e d\u2019information sur le projet de renouvellement urbain et le projet de secteur, par la M\u00e9tro et la Ville de Grenoble<\/strong><\/p>\n<hr \/>\n<p><strong>Lundi 11 d\u00e9cembre \u00e0 19 h<\/strong><strong> \u00e0 la Biblioth\u00e8que du centre-ville, r\u00e9union publique organis\u00e9e par la mairie sur le plan lecture de Grenoble.<\/strong> Sera pr\u00e9sent\u00e9 notamment la d\u00e9marche du Plan lecture et le document \u00ab diagnostic du r\u00e9seau grenoblois \u00bb \u00e9labor\u00e9 par la Biblioth\u00e8que municipale de Grenoble. Echanges sur les grands enjeux de la lecture publique pour aujourd\u2019hui et demain.<\/p>\n<hr \/>\n<p><strong>Vendredi 15 d\u00e9cembre \u00e0 19h30 \u00e0 l\u2019H\u00f4tel de Ville de Grenoble, table ronde \u00ab\u00a0Vers la renaissance commerciale des centres-villes, centres-villages et centres-bourgs ?\u00a0<\/strong><strong>\u00bb <\/strong>avec\u00a0: <strong>Eric Piolle<\/strong>, maire de Grenoble\u00a0; <strong>Patrick Vignal<\/strong>, d\u00e9put\u00e9 de l&rsquo;H\u00e9rault et pr\u00e9sident de l&rsquo;association d&rsquo;\u00e9lus \u00ab\u00a0Centre-ville en mouvement\u00a0\u00bb\u00a0; <strong>Bertrand Veau<\/strong>, maire de Tournus en Bourgogne\u00a0; <strong>Guy Jullien<\/strong>, vice-pr\u00e9sident d\u00e9l\u00e9gu\u00e9 \u00e0 l&rsquo;artisanat, au commerce et aux petites et moyennes entreprises \u00e0 Grenoble-Alpes M\u00e9tropole\u00a0; <strong>Jean-Fran\u00e7ois Commander<\/strong>, commer\u00e7ant \u00e0 Grenoble et pr\u00e9sident de l&rsquo;Union de commerciale Lafayette d\u00e9veloppement\u00a0; <strong>Tony Gilles et Ren\u00e9 Degardin<\/strong> des Galeries Lafayette\u00a0; <strong>Olivier Razemon<\/strong>, grand t\u00e9moin, journaliste ind\u00e9pendant, auteur de <em>Comment la France a tu\u00e9 ses villes.<\/em><\/p>\n","protected":false},"excerpt":{"rendered":"<p>Samedi 9 d\u00e9cembre de 10 h \u00e0 13 h, au Patio (97 Galerie de l\u2019Arlequin)\u00a0: une matin\u00e9e d\u2019information sur le projet de renouvellement urbain et le projet de secteur, par la M\u00e9tro et la Ville de Grenoble Lundi 11 d\u00e9cembre \u00e0 19 h \u00e0 la Biblioth\u00e8que du centre-ville, r\u00e9union publique organis\u00e9e par la mairie sur [&hellip;]<\/p>\n","protected":false},"author":1,"featured_media":0,"comment_status":"closed","ping_status":"open","sticky":false,"template":"","format":"standard","meta":{"twitterCardType":"","cardImageID":0,"cardImage":"","cardTitle":"","cardDesc":"","cardImageAlt":"","cardPlayer":"","cardPlayerWidth":0,"cardPlayerHeight":0,"cardPlayerStream":"","cardPlayerCodec":"","footnotes":""},"categories":[62,11],"tags":[125],"class_list":["post-13702","post","type-post","status-publish","format-standard","hentry","category-le-rouge-le-vert-hebdo","category-politique-locale","tag-agenda"],"_links":{"self":[{"href":"https:\/\/www.ades-grenoble.org\/wordpress\/wp-json\/wp\/v2\/posts\/13702","targetHints":{"allow":["GET"]}}],"collection":[{"href":"https:\/\/www.ades-grenoble.org\/wordpress\/wp-json\/wp\/v2\/posts"}],"about":[{"href":"https:\/\/www.ades-grenoble.org\/wordpress\/wp-json\/wp\/v2\/types\/post"}],"author":[{"embeddable":true,"href":"https:\/\/www.ades-grenoble.org\/wordpress\/wp-json\/wp\/v2\/users\/1"}],"replies":[{"embeddable":true,"href":"https:\/\/www.ades-grenoble.org\/wordpress\/wp-json\/wp\/v2\/comments?post=13702"}],"version-history":[{"count":1,"href":"https:\/\/www.ades-grenoble.org\/wordpress\/wp-json\/wp\/v2\/posts\/13702\/revisions"}],"predecessor-version":[{"id":13703,"href":"https:\/\/www.ades-grenoble.org\/wordpress\/wp-json\/wp\/v2\/posts\/13702\/revisions\/13703"}],"wp:attachment":[{"href":"https:\/\/www.ades-grenoble.org\/wordpress\/wp-json\/wp\/v2\/media?parent=13702"}],"wp:term":[{"taxonomy":"category","embeddable":true,"href":"https:\/\/www.ades-grenoble.org\/wordpress\/wp-json\/wp\/v2\/categories?post=13702"},{"taxonomy":"post_tag","embeddable":true,"href":"https:\/\/www.ades-grenoble.org\/wordpress\/wp-json\/wp\/v2\/tags?post=13702"}],"curies":[{"name":"wp","href":"https:\/\/api.w.org\/{rel}","templated":true}]}}