{"id":13747,"date":"2017-12-22T15:13:19","date_gmt":"2017-12-22T14:13:19","guid":{"rendered":"http:\/\/www.ades-grenoble.org\/wordpress\/?p=13747"},"modified":"2017-12-22T15:43:10","modified_gmt":"2017-12-22T14:43:10","slug":"profil-des-habitants-des-offices-publics-hlm","status":"publish","type":"post","link":"https:\/\/www.ades-grenoble.org\/wordpress\/2017\/12\/22\/profil-des-habitants-des-offices-publics-hlm\/","title":{"rendered":"Profil des habitants des Offices Publics HLM"},"content":{"rendered":"<p style=\"text-align: justify;\"><img loading=\"lazy\" decoding=\"async\" class=\"size-full wp-image-13748 alignleft\" src=\"http:\/\/www.ades-grenoble.org\/wordpress\/wp-content\/uploads\/2017\/12\/OPH.jpg\" alt=\"\" width=\"280\" height=\"281\" srcset=\"https:\/\/www.ades-grenoble.org\/wordpress\/wp-content\/uploads\/2017\/12\/OPH.jpg 280w, https:\/\/www.ades-grenoble.org\/wordpress\/wp-content\/uploads\/2017\/12\/OPH-150x150.jpg 150w, https:\/\/www.ades-grenoble.org\/wordpress\/wp-content\/uploads\/2017\/12\/OPH-144x144.jpg 144w\" sizes=\"auto, (max-width: 280px) 100vw, 280px\" \/>La F\u00e9d\u00e9ration des offices publics de l\u2019habitat (OPH), vient d\u2019\u00e9diter une plaquette qui donne de nombreux enseignement sur les profils des habitants des OPH. Suite \u00e0 la d\u00e9cision gouvernementale de baisser les loyers des bailleurs sociaux pour les habitants acc\u00e9dant aux APL, les OPH seront tr\u00e8s lourdement p\u00e9nalis\u00e9s et devront diminuer ou stopper les constructions et les r\u00e9habilitations. Cette plaquette rappelle qui sont les habitants habitant ces OPH et tord le cou aux nombreuses fausses rumeurs colport\u00e9es sur ces habitants.<\/p>\n<p style=\"text-align: justify;\"><em>\u00ab\u00a0Les habitants des OPH, la r\u00e9alit\u00e9 des chiffres 2017\u00a0:<\/em><\/p>\n<p style=\"text-align: justify;\"><em>Combien de personnes vivent dans un logement OPH ? Qui sont les habitants ? Combien gagnent-ils ? Combien paient-ils de loyer ? Avec ce fascicule loin des id\u00e9es re\u00e7ues, les chiffres d\u00e9voilent la r\u00e9alit\u00e9 concr\u00e8te de ce que sont les habitants des offices aujourd&rsquo;hui.<\/em><\/p>\n<p style=\"text-align: justify;\"><em>En 2016, les Offices Publics de l&rsquo;Habitat logent et accompagnent 2,15 millions de m\u00e9nages repr\u00e9sentant 4,9 millions de personnes. Le profil familial des locataires des offices refl\u00e8te les fragilit\u00e9s sociales et \u00e9conomiques de la soci\u00e9t\u00e9. Les offices accueillent 41 % de familles, dont la moiti\u00e9 est monoparentale et 41 % de personnes seules dont beaucoup sont des personnes \u00e2g\u00e9es.<\/em><\/p>\n<p><!--more--><\/p>\n<p style=\"text-align: justify;\"><em>Dans les offices, 6 m\u00e9nages locataires sur 10 ont des revenus d&rsquo;activit\u00e9. Et pourtant pr\u00e8s de 7 m\u00e9nages sur 10 log\u00e9s par les offices ont des revenus proches ou en-dessous du seuil de pauvret\u00e9. La modestie des revenus est telle que, sans l&rsquo;APL, la moiti\u00e9 des locataires ne pourrait se maintenir en HLM. Gr\u00e2ce \u00e0 la mobilisation des OPH pour accompagner les locataires en difficult\u00e9, 1,4 % seulement des locataires sont en situation d&rsquo;impay\u00e9s.<\/em><\/p>\n<p style=\"text-align: justify;\"><em>Derri\u00e8re la r\u00e9alit\u00e9 des chiffres se dessinent le portrait des habitants des OPH et le r\u00f4le essentiel jou\u00e9 par les organismes pour offrir aux plus modestes ce bien de premi\u00e8re n\u00e9cessit\u00e9 qu&rsquo;est le logement.\u00a0\u00bb<\/em><\/p>\n<p style=\"text-align: justify;\"><a href=\"https:\/\/www.foph.fr\/oph\/download\/Publications\/Les+habitants+des+OPH%2C+la+r%C3%A9alit%C3%A9+des+chiffres+2017\/Livret%20HABITANTS%20-%20V11.pdf\">T\u00e9l\u00e9chargez le livret des habitants en cliquant ici.<\/a><\/p>\n","protected":false},"excerpt":{"rendered":"<p>La F\u00e9d\u00e9ration des offices publics de l\u2019habitat (OPH), vient d\u2019\u00e9diter une plaquette qui donne de nombreux enseignement sur les profils des habitants des OPH. Suite \u00e0 la d\u00e9cision gouvernementale de baisser les loyers des bailleurs sociaux pour les habitants acc\u00e9dant aux APL, les OPH seront tr\u00e8s lourdement p\u00e9nalis\u00e9s et devront diminuer ou stopper les constructions [&hellip;]<\/p>\n","protected":false},"author":1,"featured_media":0,"comment_status":"closed","ping_status":"open","sticky":false,"template":"","format":"standard","meta":{"twitterCardType":"","cardImageID":0,"cardImage":"","cardTitle":"","cardDesc":"","cardImageAlt":"","cardPlayer":"","cardPlayerWidth":0,"cardPlayerHeight":0,"cardPlayerStream":"","cardPlayerCodec":"","footnotes":""},"categories":[62,11],"tags":[66,33],"class_list":["post-13747","post","type-post","status-publish","format-standard","hentry","category-le-rouge-le-vert-hebdo","category-politique-locale","tag-logement","tag-social"],"_links":{"self":[{"href":"https:\/\/www.ades-grenoble.org\/wordpress\/wp-json\/wp\/v2\/posts\/13747","targetHints":{"allow":["GET"]}}],"collection":[{"href":"https:\/\/www.ades-grenoble.org\/wordpress\/wp-json\/wp\/v2\/posts"}],"about":[{"href":"https:\/\/www.ades-grenoble.org\/wordpress\/wp-json\/wp\/v2\/types\/post"}],"author":[{"embeddable":true,"href":"https:\/\/www.ades-grenoble.org\/wordpress\/wp-json\/wp\/v2\/users\/1"}],"replies":[{"embeddable":true,"href":"https:\/\/www.ades-grenoble.org\/wordpress\/wp-json\/wp\/v2\/comments?post=13747"}],"version-history":[{"count":1,"href":"https:\/\/www.ades-grenoble.org\/wordpress\/wp-json\/wp\/v2\/posts\/13747\/revisions"}],"predecessor-version":[{"id":13749,"href":"https:\/\/www.ades-grenoble.org\/wordpress\/wp-json\/wp\/v2\/posts\/13747\/revisions\/13749"}],"wp:attachment":[{"href":"https:\/\/www.ades-grenoble.org\/wordpress\/wp-json\/wp\/v2\/media?parent=13747"}],"wp:term":[{"taxonomy":"category","embeddable":true,"href":"https:\/\/www.ades-grenoble.org\/wordpress\/wp-json\/wp\/v2\/categories?post=13747"},{"taxonomy":"post_tag","embeddable":true,"href":"https:\/\/www.ades-grenoble.org\/wordpress\/wp-json\/wp\/v2\/tags?post=13747"}],"curies":[{"name":"wp","href":"https:\/\/api.w.org\/{rel}","templated":true}]}}