{"id":13752,"date":"2017-12-22T15:20:48","date_gmt":"2017-12-22T14:20:48","guid":{"rendered":"http:\/\/www.ades-grenoble.org\/wordpress\/?p=13752"},"modified":"2017-12-22T15:43:32","modified_gmt":"2017-12-22T14:43:32","slug":"environnement-un-arret-important-du-conseil-detat","status":"publish","type":"post","link":"https:\/\/www.ades-grenoble.org\/wordpress\/2017\/12\/22\/environnement-un-arret-important-du-conseil-detat\/","title":{"rendered":"Environnement : un arr\u00eat important du Conseil d\u2019Etat"},"content":{"rendered":"<p style=\"text-align: justify;\"><img loading=\"lazy\" decoding=\"async\" class=\"size-full wp-image-13753 alignleft\" src=\"http:\/\/www.ades-grenoble.org\/wordpress\/wp-content\/uploads\/2017\/12\/ConseilEtat.jpg\" alt=\"\" width=\"350\" height=\"263\" srcset=\"https:\/\/www.ades-grenoble.org\/wordpress\/wp-content\/uploads\/2017\/12\/ConseilEtat.jpg 350w, https:\/\/www.ades-grenoble.org\/wordpress\/wp-content\/uploads\/2017\/12\/ConseilEtat-150x113.jpg 150w, https:\/\/www.ades-grenoble.org\/wordpress\/wp-content\/uploads\/2017\/12\/ConseilEtat-300x225.jpg 300w\" sizes=\"auto, (max-width: 350px) 100vw, 350px\" \/>Dans le code de l\u2019environnement, \u00e0 l\u2019article L 110-1, il est affirm\u00e9 le principe de non-r\u00e9gression issu de la loi biodiversit\u00e9 de 2016. <em>\u00ab\u00a0Le principe de non-r\u00e9gression, selon lequel la protection de l&rsquo;environnement, assur\u00e9e par les dispositions l\u00e9gislatives et r\u00e9glementaires relatives \u00e0 l&rsquo;environnement, ne peut faire l&rsquo;objet que d&rsquo;une am\u00e9lioration constante, compte tenu des connaissances scientifiques et techniques du moment.\u00a0\u00bb<\/em><\/p>\n<p style=\"text-align: justify;\">Cet article rappelle que <em>\u00ab\u00a0les espaces, ressources et milieux naturels terrestres et marins, les sites, les paysages diurnes et nocturnes, la qualit\u00e9 de l&rsquo;air, les \u00eatres vivants et la biodiversit\u00e9 font partie du patrimoine commun de la nation. (&#8230;) Leur connaissance, leur protection, leur mise en valeur, leur restauration, leur remise en \u00e9tat, leur gestion, la pr\u00e9servation de leur capacit\u00e9 \u00e0 \u00e9voluer et la sauvegarde des services qu&rsquo;ils fournissent sont d&rsquo;int\u00e9r\u00eat g\u00e9n\u00e9ral et concourent \u00e0 l&rsquo;objectif de d\u00e9veloppement durable qui vise \u00e0 satisfaire les besoins de d\u00e9veloppement et la sant\u00e9 des g\u00e9n\u00e9rations pr\u00e9sentes sans compromettre la capacit\u00e9 des g\u00e9n\u00e9rations futures \u00e0 r\u00e9pondre aux leurs.\u00a0\u00bb<\/em><\/p>\n<p style=\"text-align: justify;\">Le Conseil d\u2019Etat, le 8 d\u00e9cembre 2017 (n\u00b0 404391) rappelle que ce principe de non-r\u00e9gression s\u2019applique dans le champ des \u00e9tudes d\u2019impact et des \u00e9valuations environnementales et qu\u2019il n\u2019est pas seulement un v\u0153u pieux.<\/p>\n<p><!--more--><\/p>\n<p style=\"text-align: justify;\"><em>\u00ab\u00a0une r\u00e9glementation exemptant de toute \u00e9valuation environnementale un type de projets ant\u00e9rieurement soumis \u00e0 l&rsquo;obligation d&rsquo;\u00e9valuation environnementale apr\u00e8s un examen au cas par cas n&rsquo;est conforme au principe de non-r\u00e9gression de la protection de l&rsquo;environnement que si ce type de projets, eu \u00e9gard \u00e0 sa nature, \u00e0 ses dimensions et \u00e0 sa localisation et compte tenu des connaissances scientifiques et techniques du moment, n&rsquo;est pas susceptible d&rsquo;avoir des incidences notables sur l&rsquo;environnement ou la sant\u00e9 humaine. \u00bb<\/em><\/p>\n<p style=\"text-align: justify;\">Ce principe de non-r\u00e9gression pourrait trouver des applications dans les projets soumis \u00e0 enqu\u00eate publique avec \u00e9tude d\u2019impact (comme pour l\u2019A480 et le projet Neyrpic).<\/p>\n","protected":false},"excerpt":{"rendered":"<p>Dans le code de l\u2019environnement, \u00e0 l\u2019article L 110-1, il est affirm\u00e9 le principe de non-r\u00e9gression issu de la loi biodiversit\u00e9 de 2016. \u00ab\u00a0Le principe de non-r\u00e9gression, selon lequel la protection de l&rsquo;environnement, assur\u00e9e par les dispositions l\u00e9gislatives et r\u00e9glementaires relatives \u00e0 l&rsquo;environnement, ne peut faire l&rsquo;objet que d&rsquo;une am\u00e9lioration constante, compte tenu des connaissances [&hellip;]<\/p>\n","protected":false},"author":1,"featured_media":0,"comment_status":"closed","ping_status":"open","sticky":false,"template":"","format":"standard","meta":{"twitterCardType":"","cardImageID":0,"cardImage":"","cardTitle":"","cardDesc":"","cardImageAlt":"","cardPlayer":"","cardPlayerWidth":0,"cardPlayerHeight":0,"cardPlayerStream":"","cardPlayerCodec":"","footnotes":""},"categories":[62,11],"tags":[175,52],"class_list":["post-13752","post","type-post","status-publish","format-standard","hentry","category-le-rouge-le-vert-hebdo","category-politique-locale","tag-environnement","tag-justice-administrative"],"_links":{"self":[{"href":"https:\/\/www.ades-grenoble.org\/wordpress\/wp-json\/wp\/v2\/posts\/13752","targetHints":{"allow":["GET"]}}],"collection":[{"href":"https:\/\/www.ades-grenoble.org\/wordpress\/wp-json\/wp\/v2\/posts"}],"about":[{"href":"https:\/\/www.ades-grenoble.org\/wordpress\/wp-json\/wp\/v2\/types\/post"}],"author":[{"embeddable":true,"href":"https:\/\/www.ades-grenoble.org\/wordpress\/wp-json\/wp\/v2\/users\/1"}],"replies":[{"embeddable":true,"href":"https:\/\/www.ades-grenoble.org\/wordpress\/wp-json\/wp\/v2\/comments?post=13752"}],"version-history":[{"count":1,"href":"https:\/\/www.ades-grenoble.org\/wordpress\/wp-json\/wp\/v2\/posts\/13752\/revisions"}],"predecessor-version":[{"id":13754,"href":"https:\/\/www.ades-grenoble.org\/wordpress\/wp-json\/wp\/v2\/posts\/13752\/revisions\/13754"}],"wp:attachment":[{"href":"https:\/\/www.ades-grenoble.org\/wordpress\/wp-json\/wp\/v2\/media?parent=13752"}],"wp:term":[{"taxonomy":"category","embeddable":true,"href":"https:\/\/www.ades-grenoble.org\/wordpress\/wp-json\/wp\/v2\/categories?post=13752"},{"taxonomy":"post_tag","embeddable":true,"href":"https:\/\/www.ades-grenoble.org\/wordpress\/wp-json\/wp\/v2\/tags?post=13752"}],"curies":[{"name":"wp","href":"https:\/\/api.w.org\/{rel}","templated":true}]}}