{"id":13827,"date":"2018-01-19T15:31:59","date_gmt":"2018-01-19T14:31:59","guid":{"rendered":"http:\/\/www.ades-grenoble.org\/wordpress\/?p=13827"},"modified":"2018-01-19T16:42:34","modified_gmt":"2018-01-19T15:42:34","slug":"colonnes-montantes-delectricite-suite","status":"publish","type":"post","link":"https:\/\/www.ades-grenoble.org\/wordpress\/2018\/01\/19\/colonnes-montantes-delectricite-suite\/","title":{"rendered":"Colonnes montantes d\u2019\u00e9lectricit\u00e9 (suite)"},"content":{"rendered":"<p style=\"text-align: justify;\"><img loading=\"lazy\" decoding=\"async\" class=\"size-full wp-image-12194 alignleft\" src=\"http:\/\/www.ades-grenoble.org\/wordpress\/wp-content\/uploads\/2016\/11\/colonne-montante.jpg\" alt=\"\" width=\"400\" height=\"279\" srcset=\"https:\/\/www.ades-grenoble.org\/wordpress\/wp-content\/uploads\/2016\/11\/colonne-montante.jpg 400w, https:\/\/www.ades-grenoble.org\/wordpress\/wp-content\/uploads\/2016\/11\/colonne-montante-150x105.jpg 150w, https:\/\/www.ades-grenoble.org\/wordpress\/wp-content\/uploads\/2016\/11\/colonne-montante-300x209.jpg 300w\" sizes=\"auto, (max-width: 400px) 100vw, 400px\" \/>Un nouveau jugement de la justice administrative oblige ENEDIS (ex ERDF) \u00e0 incorporer dans le p\u00e9rim\u00e8tre de sa concession les colonnes montantes d\u2019\u00e9lectricit\u00e9 de sept offices publics de l\u2019habitat (OPH). Le tribunal administratif de Clermont Ferrand, le 28 d\u00e9cembre 2017, a jug\u00e9 dans le m\u00eame sens que le tribunal administratif d\u2019Amiens (17 f\u00e9vrier 2015), celui de Montreuil (9 mars 2017)\u00a0et de la cour administrative d\u2019appel de Douai (29 juin 2017).<\/p>\n<p style=\"text-align: justify;\">Cette obligation d\u00e9coule de l\u2019application d\u2019un article du contrat de concession sign\u00e9 par ENEDIS. Il s\u2019agit de l\u2019article 15 qui est issu de mod\u00e8le de cahier des charges n\u00e9goci\u00e9 en 1992 entre la F\u00e9d\u00e9ration Nationale des Collectivit\u00e9s Conc\u00e9dantes et R\u00e9gies (FNCCR) et \u00c9lectricit\u00e9 de France. Cet article permet au propri\u00e9taire des colonnes montantes de les c\u00e9der au concessionnaire (ENEDIS) pour qu\u2019il les int\u00e8gre dans le p\u00e9rim\u00e8tre de la concession de distribution d\u2019\u00e9lectricit\u00e9, sans condition.<\/p>\n<p style=\"text-align: justify;\"><!--more--><\/p>\n<p style=\"text-align: justify;\">Les OPH avaient pris des d\u00e9lib\u00e9rations abandonnant leurs droits sur les colonnes montantes et les transf\u00e9rant \u00e0 ENEDIS. Cette soci\u00e9t\u00e9 avait fait un recours contre ces d\u00e9lib\u00e9rations. Le tribunal a jug\u00e9 que <em>\u00ab\u00a0l\u2019article 15 du cahier des charges de concession de distribution d\u2019\u00e9nergie \u00e9lectrique a pr\u00e9vu, par des stipulations claires qui pr\u00e9sentent un caract\u00e8re r\u00e9glementaire et qui constituent le fondement de la d\u00e9lib\u00e9ration attaqu\u00e9e, la possibilit\u00e9 pour les propri\u00e9taires des immeubles situ\u00e9s dans le p\u00e9rim\u00e8tre des concessions de r\u00e9seaux d\u2019\u00e9lectricit\u00e9, qui ont conserv\u00e9 la propri\u00e9t\u00e9 des colonnes montantes de distribution d\u2019\u00e9lectricit\u00e9, de faire abandon de leurs droits sur ces ouvrages au concessionnaire sans condition de fond tenant, notamment, \u00e0 l\u2019\u00e9tat de ces derniers\u00a0\u00bb<\/em>.<\/p>\n<p style=\"text-align: justify;\">Ces jugements rendent de plus en plus urgent que le Parlement se saisisse de ce dossier afin que la loi \u00e9dicte des mesures claires pour que l\u2019ensemble des colonnes montantes soient int\u00e9gr\u00e9es dans les concessions d\u2019\u00e9lectricit\u00e9 afin qu\u2019il y ait une coh\u00e9rence dans les p\u00e9rim\u00e8tres du service public de distribution de l\u2019\u00e9lectricit\u00e9 qui doit aller jusqu\u2019au compteur de l\u2019abonn\u00e9 et qui doit donc comprendre les colonnes montantes.<\/p>\n<p style=\"text-align: justify;\">A Grenoble, le contrat de concession de GEG ne comprend pas l\u2019\u00e9quivalent de l\u2019article 15, pourtant cet article provient de la nationalisation de l\u2019\u00e9lectricit\u00e9, qui laissait libre le propri\u00e9taire des colonnes montantes de les c\u00e9der ou non \u00e0 EDF.<\/p>\n<p style=\"text-align: justify;\">A Grenoble, la majorit\u00e9 des colonnes montantes n\u2019est pas incorpor\u00e9e dans la concession et des copropri\u00e9t\u00e9s demandent cette incorporation sans succ\u00e8s pour l\u2019instant.<\/p>\n","protected":false},"excerpt":{"rendered":"<p>Un nouveau jugement de la justice administrative oblige ENEDIS (ex ERDF) \u00e0 incorporer dans le p\u00e9rim\u00e8tre de sa concession les colonnes montantes d\u2019\u00e9lectricit\u00e9 de sept offices publics de l\u2019habitat (OPH). Le tribunal administratif de Clermont Ferrand, le 28 d\u00e9cembre 2017, a jug\u00e9 dans le m\u00eame sens que le tribunal administratif d\u2019Amiens (17 f\u00e9vrier 2015), celui [&hellip;]<\/p>\n","protected":false},"author":1,"featured_media":0,"comment_status":"closed","ping_status":"open","sticky":false,"template":"","format":"standard","meta":{"twitterCardType":"","cardImageID":0,"cardImage":"","cardTitle":"","cardDesc":"","cardImageAlt":"","cardPlayer":"","cardPlayerWidth":0,"cardPlayerHeight":0,"cardPlayerStream":"","cardPlayerCodec":"","footnotes":""},"categories":[62,11],"tags":[315,228,28,243],"class_list":["post-13827","post","type-post","status-publish","format-standard","hentry","category-le-rouge-le-vert-hebdo","category-politique-locale","tag-edf","tag-electricite","tag-geg","tag-justice"],"_links":{"self":[{"href":"https:\/\/www.ades-grenoble.org\/wordpress\/wp-json\/wp\/v2\/posts\/13827","targetHints":{"allow":["GET"]}}],"collection":[{"href":"https:\/\/www.ades-grenoble.org\/wordpress\/wp-json\/wp\/v2\/posts"}],"about":[{"href":"https:\/\/www.ades-grenoble.org\/wordpress\/wp-json\/wp\/v2\/types\/post"}],"author":[{"embeddable":true,"href":"https:\/\/www.ades-grenoble.org\/wordpress\/wp-json\/wp\/v2\/users\/1"}],"replies":[{"embeddable":true,"href":"https:\/\/www.ades-grenoble.org\/wordpress\/wp-json\/wp\/v2\/comments?post=13827"}],"version-history":[{"count":1,"href":"https:\/\/www.ades-grenoble.org\/wordpress\/wp-json\/wp\/v2\/posts\/13827\/revisions"}],"predecessor-version":[{"id":13828,"href":"https:\/\/www.ades-grenoble.org\/wordpress\/wp-json\/wp\/v2\/posts\/13827\/revisions\/13828"}],"wp:attachment":[{"href":"https:\/\/www.ades-grenoble.org\/wordpress\/wp-json\/wp\/v2\/media?parent=13827"}],"wp:term":[{"taxonomy":"category","embeddable":true,"href":"https:\/\/www.ades-grenoble.org\/wordpress\/wp-json\/wp\/v2\/categories?post=13827"},{"taxonomy":"post_tag","embeddable":true,"href":"https:\/\/www.ades-grenoble.org\/wordpress\/wp-json\/wp\/v2\/tags?post=13827"}],"curies":[{"name":"wp","href":"https:\/\/api.w.org\/{rel}","templated":true}]}}