{"id":13847,"date":"2018-01-19T16:11:24","date_gmt":"2018-01-19T15:11:24","guid":{"rendered":"http:\/\/www.ades-grenoble.org\/wordpress\/?p=13847"},"modified":"2018-01-19T16:43:38","modified_gmt":"2018-01-19T15:43:38","slug":"laeroport-a-notre-dame-des-landes-abandonne-enfin-une-bonne-nouvelle","status":"publish","type":"post","link":"https:\/\/www.ades-grenoble.org\/wordpress\/2018\/01\/19\/laeroport-a-notre-dame-des-landes-abandonne-enfin-une-bonne-nouvelle\/","title":{"rendered":"L\u2019a\u00e9roport \u00e0 Notre-Dame-des-Landes abandonn\u00e9 : enfin une bonne nouvelle !"},"content":{"rendered":"<p style=\"text-align: justify;\"><img loading=\"lazy\" decoding=\"async\" class=\"size-full wp-image-9913 alignleft\" src=\"http:\/\/www.ades-grenoble.org\/wordpress\/wp-content\/uploads\/2015\/03\/NDDL-GPII.jpg\" alt=\"\" width=\"400\" height=\"208\" srcset=\"https:\/\/www.ades-grenoble.org\/wordpress\/wp-content\/uploads\/2015\/03\/NDDL-GPII.jpg 400w, https:\/\/www.ades-grenoble.org\/wordpress\/wp-content\/uploads\/2015\/03\/NDDL-GPII-150x78.jpg 150w, https:\/\/www.ades-grenoble.org\/wordpress\/wp-content\/uploads\/2015\/03\/NDDL-GPII-300x156.jpg 300w\" sizes=\"auto, (max-width: 400px) 100vw, 400px\" \/>Le gouvernement a enfin d\u00e9cid\u00e9 d\u2019arr\u00eater ce projet d\u2019un autre si\u00e8cle qui aurait \u00e9t\u00e9 en totale contradiction avec tous les efforts \u00e0 faire pour lutter contre le changement climatique. Le travail des m\u00e9diateurs a \u00e9t\u00e9 de qualit\u00e9 en ouvrant une alternative ce qui n\u2019avait jamais \u00e9t\u00e9 fait depuis 50 ans que ce dossier est sur la table\u00a0; on peut aussi penser que la pr\u00e9sence de Nicolas Hulot au gouvernement y est pour beaucoup et que cet arr\u00eat avait \u00e9t\u00e9 n\u00e9goci\u00e9 implicitement au moment de la composition du gouvernement.<\/p>\n<p style=\"text-align: justify;\">Maintenant la question de l\u2019occupation de la ZAD va se poser dans un tout autre contexte ; on peut esp\u00e9rer que des solutions innovantes soient trouv\u00e9es pour que les terres agricoles qui ont \u00e9t\u00e9 sauv\u00e9es soient utilis\u00e9es au mieux.<\/p>\n<p style=\"text-align: justify;\">Il restera encore ici \u00e0 arr\u00eater le projet de Center Parcs \u00e0 Roybon qui lui aussi est d\u2019un autre si\u00e8cle. Il faut esp\u00e9rer que les pouvoirs publics\u00a0cesseront\u00a0de soutenir un tel projet priv\u00e9 et que la justice restera vigilante pour le respect de la loi sur l\u2019eau.<\/p>\n<p><!--more--><\/p>\n<p style=\"text-align: justify;\">Reste aussi \u00e0 arr\u00eater le projet du Lyon-Turin\u00a0; il serait tr\u00e8s int\u00e9ressant d\u2019indiquer au gouvernement de prendre la m\u00eame m\u00e9thode que pour Notre-Dame-des-Landes\u00a0: des m\u00e9diateurs qui examineraient les diff\u00e9rents sc\u00e9narios, ils d\u00e9montreraient vite et tr\u00e8s facilement que l\u2019utilisation de la voie ferr\u00e9e existante couterait beaucoup moins cher et serait tout aussi efficace pour le ferroutage.<\/p>\n<p style=\"text-align: justify;\">Comme le rappelle \u00ab\u00a0Le Monde\u00a0\u00bb, il y a des pr\u00e9c\u00e9dents projets auxquels l\u2019Etat a renonc\u00e9\u00a0: Fran\u00e7ois Mitterrand avait sign\u00e9 la mort de deux projets, le camp militaire du Larzac et la centrale nucl\u00e9aire de Plogoff, Lionel Jospin celui de Superph\u00e9nix \u00e0 Creys-Malville.<\/p>\n","protected":false},"excerpt":{"rendered":"<p>Le gouvernement a enfin d\u00e9cid\u00e9 d\u2019arr\u00eater ce projet d\u2019un autre si\u00e8cle qui aurait \u00e9t\u00e9 en totale contradiction avec tous les efforts \u00e0 faire pour lutter contre le changement climatique. Le travail des m\u00e9diateurs a \u00e9t\u00e9 de qualit\u00e9 en ouvrant une alternative ce qui n\u2019avait jamais \u00e9t\u00e9 fait depuis 50 ans que ce dossier est sur [&hellip;]<\/p>\n","protected":false},"author":1,"featured_media":0,"comment_status":"closed","ping_status":"open","sticky":false,"template":"","format":"standard","meta":{"twitterCardType":"","cardImageID":0,"cardImage":"","cardTitle":"","cardDesc":"","cardImageAlt":"","cardPlayer":"","cardPlayerWidth":0,"cardPlayerHeight":0,"cardPlayerStream":"","cardPlayerCodec":"","footnotes":""},"categories":[62,11],"tags":[242,196,12],"class_list":["post-13847","post","type-post","status-publish","format-standard","hentry","category-le-rouge-le-vert-hebdo","category-politique-locale","tag-developpement-durable","tag-etat","tag-mobilisations"],"_links":{"self":[{"href":"https:\/\/www.ades-grenoble.org\/wordpress\/wp-json\/wp\/v2\/posts\/13847","targetHints":{"allow":["GET"]}}],"collection":[{"href":"https:\/\/www.ades-grenoble.org\/wordpress\/wp-json\/wp\/v2\/posts"}],"about":[{"href":"https:\/\/www.ades-grenoble.org\/wordpress\/wp-json\/wp\/v2\/types\/post"}],"author":[{"embeddable":true,"href":"https:\/\/www.ades-grenoble.org\/wordpress\/wp-json\/wp\/v2\/users\/1"}],"replies":[{"embeddable":true,"href":"https:\/\/www.ades-grenoble.org\/wordpress\/wp-json\/wp\/v2\/comments?post=13847"}],"version-history":[{"count":2,"href":"https:\/\/www.ades-grenoble.org\/wordpress\/wp-json\/wp\/v2\/posts\/13847\/revisions"}],"predecessor-version":[{"id":13849,"href":"https:\/\/www.ades-grenoble.org\/wordpress\/wp-json\/wp\/v2\/posts\/13847\/revisions\/13849"}],"wp:attachment":[{"href":"https:\/\/www.ades-grenoble.org\/wordpress\/wp-json\/wp\/v2\/media?parent=13847"}],"wp:term":[{"taxonomy":"category","embeddable":true,"href":"https:\/\/www.ades-grenoble.org\/wordpress\/wp-json\/wp\/v2\/categories?post=13847"},{"taxonomy":"post_tag","embeddable":true,"href":"https:\/\/www.ades-grenoble.org\/wordpress\/wp-json\/wp\/v2\/tags?post=13847"}],"curies":[{"name":"wp","href":"https:\/\/api.w.org\/{rel}","templated":true}]}}