{"id":13867,"date":"2018-01-26T10:55:06","date_gmt":"2018-01-26T09:55:06","guid":{"rendered":"http:\/\/www.ades-grenoble.org\/wordpress\/?p=13867"},"modified":"2018-01-26T13:12:27","modified_gmt":"2018-01-26T12:12:27","slug":"projet-neyrpic-le-commissaire-enqueteur-prend-son-temps","status":"publish","type":"post","link":"https:\/\/www.ades-grenoble.org\/wordpress\/2018\/01\/26\/projet-neyrpic-le-commissaire-enqueteur-prend-son-temps\/","title":{"rendered":"Projet Neyrpic, le commissaire enqu\u00eateur prend son temps"},"content":{"rendered":"<p style=\"text-align: justify;\"><img loading=\"lazy\" decoding=\"async\" class=\"size-full wp-image-12697 alignleft\" src=\"http:\/\/www.ades-grenoble.org\/wordpress\/wp-content\/uploads\/2017\/03\/EnquetePublique.jpg\" alt=\"\" width=\"362\" height=\"113\" srcset=\"https:\/\/www.ades-grenoble.org\/wordpress\/wp-content\/uploads\/2017\/03\/EnquetePublique.jpg 362w, https:\/\/www.ades-grenoble.org\/wordpress\/wp-content\/uploads\/2017\/03\/EnquetePublique-150x47.jpg 150w, https:\/\/www.ades-grenoble.org\/wordpress\/wp-content\/uploads\/2017\/03\/EnquetePublique-300x94.jpg 300w\" sizes=\"auto, (max-width: 362px) 100vw, 362px\" \/>L\u2019enqu\u00eate publique sur le projet de centre commercial Neyrpic \u00e0 Saint Martin d\u2019H\u00e8res s\u2019est termin\u00e9e le 22 d\u00e9cembre 2017 \u00e0 19 h. Normalement, le commissaire enqu\u00eateur aurait d\u00fb rendre son rapport et ses conclusions dans un d\u00e9lai de 30 jours \u00e0 compter de la fin de l\u2019enqu\u00eate soit le 22 janvier 2018. La loi lui permet de demander un d\u00e9lai suppl\u00e9mentaire au maire de Saint Martin d\u2019H\u00e8res, apr\u00e8s avis du responsable du projet (article L123-15 du code de l\u2019environnement), ce qu\u2019il a d\u00fb faire, mais rien n\u2019est indiqu\u00e9 sur le site de la mairie de Saint Martin d\u2019H\u00e8res.<\/p>\n<p style=\"text-align: justify;\">Profitons de cette actualit\u00e9 pour faire un rapide rappel historique\u00a0sur ce qu\u2019a \u00e9t\u00e9 NEYRPIC avant d\u2019\u00eatre une friche industrielle. Le nom de Neyrpic, embl\u00e8me de la Houille Blanche, symbolisait un fleuron de l&rsquo;industrie grenobloise.<\/p>\n<p><!--more--><\/p>\n<p style=\"text-align: justify;\">L&rsquo;entreprise Neyrpic, fabriquant de grands \u00e9quipements hydrauliques, se cr\u00e9e dans les ann\u00e9es 1860. Fond\u00e9e par Andr\u00e9 Neyret et Casimir Brenier sous le nom Neyret-Beylier, c&rsquo;est une entreprise grenobloise de fabrication de t\u00e9l\u00e9ph\u00e9riques qui va s&rsquo;orienter peu \u00e0 peu vers les grands \u00e9quipements hydrauliques, en associant des technologies fran\u00e7aises et suisses. En effet en 1917, sous l&rsquo;impulsion des pouvoirs publics, se cr\u00e9e une filiale commune pour les transferts de technologie entre les entreprises Neyret-Beylier et Piccard-Pictet (Industriel suisse producteur de pompes et de turbines hydrauliques).<\/p>\n<p style=\"text-align: justify;\">Entre 1919 et 1925, l&rsquo;entreprise \u00e9quipe les deux tiers de la puissance \u00e9lectrique fran\u00e7aise. Elle s&rsquo;affirme apr\u00e8s 1945 comme le leader mondial de l&rsquo;\u00e9quipement hydro\u00e9lectrique, employant plus de 5000 personnes au d\u00e9but des ann\u00e9es 1960. En 1962, les \u00ab\u00a0Ateliers Neyret-Beylier et Piccard-Pictet\u00a0\u00bb prennent le nom de Neyrpic, par contraction de leurs quatre noms. En 1967 l&rsquo;entreprise est revendue \u00e0 Alstom, aujourd&rsquo;hui spoli\u00e9e par G\u00e9n\u00e9ral Electric apr\u00e8s leur fusion de 2015.<\/p>\n<p style=\"text-align: justify;\">En attendant de pouvoir analyser le rapport et les conclusions du commissaire enqu\u00eateur, il est int\u00e9ressant de prendre connaissance de l\u2019\u00e9tude de Procos (F\u00e9d\u00e9ration pour l\u2019urbanisme et le d\u00e9veloppement du commerce sp\u00e9cialis\u00e9) qui confirme l\u2019absence de dynamisme du commerce sp\u00e9cialis\u00e9 durant l\u2019ann\u00e9e 2017 au niveau national. Cette situation confirme la fragilit\u00e9 de l\u2019ensemble de commerces, c\u2019est pourquoi le projet Neyrpic devrait \u00eatre revu, sinon il va entrainer des d\u00e9s\u00e9quilibres dans l\u2019ensemble de l\u2019agglom\u00e9ration notamment dans les zones proches de l\u2019aire de chalandise du projet. Souhaitons que le commissaire enqu\u00eateur qui prend son temps, examine cela de mani\u00e8re approfondie et critique.<\/p>\n<p style=\"text-align: justify;\">Dans son communiqu\u00e9 de presse du 18 janvier 2018, <em>\u00ab\u00a0Procos fait le bilan de l\u2019activit\u00e9 du commerce sp\u00e9cialis\u00e9 en 2017 et annonce la cr\u00e9ation de l\u2019Observatoire de la fr\u00e9quentation des commerces, en partenariat avec Stackr. <\/em><\/p>\n<p style=\"text-align: justify;\"><em>C\u2019est l\u2019occasion de faire le point sur une ann\u00e9e au ralenti en mati\u00e8re de chiffres d\u2019affaires, de fr\u00e9quentation et de cr\u00e9ation de nouvelles surfaces commerciales.<\/em><\/p>\n<p style=\"text-align: justify;\"><em>L\u2019ann\u00e9e 2017 se termine sur une activit\u00e9 l\u00e9g\u00e8rement n\u00e9gative (- 0,2 % par rapport \u00e0 2016) \u00e0 surface comparable. Les contreperformances du mois d\u2019octobre (- 12,7 %) n\u2019ont pas permis, malgr\u00e9 un regain d\u2019activit\u00e9 en novembre, de terminer l\u2019ann\u00e9e en positif d\u2019autant que le mois de d\u00e9cembre a, \u00e0 nouveau, accus\u00e9 une baisse de performance (- 1,4 %). L\u2019ann\u00e9e 2017 est donc stable par rapport \u00e0 2016 (respectivement &#8211; 0,2 % et + 0,2 %).<\/em><\/p>\n<p style=\"text-align: justify;\"><em>Les centres commerciaux et les moyennes surfaces de p\u00e9riph\u00e9rie r\u00e9sistent mieux (entre &#8211; 0,3 % et + 0,2 %) alors que les rues de centres-villes enregistrent une baisse d\u2019activit\u00e9 \u00e0 -1,2 %.\u00a0\u00bb<\/em><\/p>\n<p style=\"text-align: justify;\">Pour lire le communiqu\u00e9 de Procos, cliquez <a href=\"http:\/\/www.procos.org\/images\/procos\/presse\/2018\/procos_180118_commerce_une_annee_atone.pdf\" target=\"_blank\" rel=\"noopener\">ici<\/a>.<\/p>\n<p style=\"text-align: justify;\"><strong>\u00a0<\/strong><\/p>\n","protected":false},"excerpt":{"rendered":"<p>L\u2019enqu\u00eate publique sur le projet de centre commercial Neyrpic \u00e0 Saint Martin d\u2019H\u00e8res s\u2019est termin\u00e9e le 22 d\u00e9cembre 2017 \u00e0 19 h. Normalement, le commissaire enqu\u00eateur aurait d\u00fb rendre son rapport et ses conclusions dans un d\u00e9lai de 30 jours \u00e0 compter de la fin de l\u2019enqu\u00eate soit le 22 janvier 2018. La loi lui [&hellip;]<\/p>\n","protected":false},"author":1,"featured_media":0,"comment_status":"closed","ping_status":"open","sticky":false,"template":"","format":"standard","meta":{"twitterCardType":"","cardImageID":0,"cardImage":"","cardTitle":"","cardDesc":"","cardImageAlt":"","cardPlayer":"","cardPlayerWidth":0,"cardPlayerHeight":0,"cardPlayerStream":"","cardPlayerCodec":"","footnotes":""},"categories":[62,11],"tags":[202,39],"class_list":["post-13867","post","type-post","status-publish","format-standard","hentry","category-le-rouge-le-vert-hebdo","category-politique-locale","tag-commerce","tag-enquetes-publiques"],"_links":{"self":[{"href":"https:\/\/www.ades-grenoble.org\/wordpress\/wp-json\/wp\/v2\/posts\/13867","targetHints":{"allow":["GET"]}}],"collection":[{"href":"https:\/\/www.ades-grenoble.org\/wordpress\/wp-json\/wp\/v2\/posts"}],"about":[{"href":"https:\/\/www.ades-grenoble.org\/wordpress\/wp-json\/wp\/v2\/types\/post"}],"author":[{"embeddable":true,"href":"https:\/\/www.ades-grenoble.org\/wordpress\/wp-json\/wp\/v2\/users\/1"}],"replies":[{"embeddable":true,"href":"https:\/\/www.ades-grenoble.org\/wordpress\/wp-json\/wp\/v2\/comments?post=13867"}],"version-history":[{"count":1,"href":"https:\/\/www.ades-grenoble.org\/wordpress\/wp-json\/wp\/v2\/posts\/13867\/revisions"}],"predecessor-version":[{"id":13868,"href":"https:\/\/www.ades-grenoble.org\/wordpress\/wp-json\/wp\/v2\/posts\/13867\/revisions\/13868"}],"wp:attachment":[{"href":"https:\/\/www.ades-grenoble.org\/wordpress\/wp-json\/wp\/v2\/media?parent=13867"}],"wp:term":[{"taxonomy":"category","embeddable":true,"href":"https:\/\/www.ades-grenoble.org\/wordpress\/wp-json\/wp\/v2\/categories?post=13867"},{"taxonomy":"post_tag","embeddable":true,"href":"https:\/\/www.ades-grenoble.org\/wordpress\/wp-json\/wp\/v2\/tags?post=13867"}],"curies":[{"name":"wp","href":"https:\/\/api.w.org\/{rel}","templated":true}]}}