{"id":13903,"date":"2018-02-02T16:00:08","date_gmt":"2018-02-02T15:00:08","guid":{"rendered":"http:\/\/www.ades-grenoble.org\/wordpress\/?p=13903"},"modified":"2018-02-02T16:09:39","modified_gmt":"2018-02-02T15:09:39","slug":"la-reorganisation-des-actionnariats-des-sem-et-spl","status":"publish","type":"post","link":"https:\/\/www.ades-grenoble.org\/wordpress\/2018\/02\/02\/la-reorganisation-des-actionnariats-des-sem-et-spl\/","title":{"rendered":"La r\u00e9organisation des actionnariats des SEM et SPL"},"content":{"rendered":"<p style=\"text-align: justify;\"><img loading=\"lazy\" decoding=\"async\" class=\"size-full wp-image-9272 alignleft\" src=\"http:\/\/www.ades-grenoble.org\/wordpress\/wp-content\/uploads\/2014\/11\/eau-pure.jpg\" alt=\"\" width=\"300\" height=\"259\" srcset=\"https:\/\/www.ades-grenoble.org\/wordpress\/wp-content\/uploads\/2014\/11\/eau-pure.jpg 300w, https:\/\/www.ades-grenoble.org\/wordpress\/wp-content\/uploads\/2014\/11\/eau-pure-150x129.jpg 150w\" sizes=\"auto, (max-width: 300px) 100vw, 300px\" \/>Avec les transferts de comp\u00e9tences, les soci\u00e9t\u00e9s d\u2019\u00e9conomie mixte locales et les SPL (soci\u00e9t\u00e9 publique locale \u00e0 100% capitaux publics) doivent r\u00e9organiser leur actionnariat sous peine de se trouver dans l\u2019ill\u00e9galit\u00e9 et \u00e0 terme de dispara\u00eetre. En effet une collectivit\u00e9 locale ne peut pas \u00eatre actionnaire d\u2019une soci\u00e9t\u00e9 de droit priv\u00e9 si elle n\u2019a pas de comp\u00e9tence li\u00e9e \u00e0 l\u2019objet social de la soci\u00e9t\u00e9, sauf si la loi ou un d\u00e9cret l\u2019autorise.<\/p>\n<p style=\"text-align: justify;\">Une loi r\u00e9cente permet \u00e0 une collectivit\u00e9 de conserver au maximum le tiers de ses actions s\u2019il y a perte totale de comp\u00e9tence et si la collectivit\u00e9 qui a pris la comp\u00e9tence lui rach\u00e8te au moins les 2\/3 de ses actions, mais cette derni\u00e8re n\u2019est pas oblig\u00e9e de le faire\u00a0; dans ce cas la SEM sera liquid\u00e9e ou rachet\u00e9e.<\/p>\n<p style=\"text-align: justify;\">C\u2019est ce qui s\u2019est pass\u00e9 pour la SPL <strong>Eau de Grenoble<\/strong> dont les 2\/3 des actions de la ville ont \u00e9t\u00e9 c\u00e9d\u00e9s \u00e0 la M\u00e9tro (gratuitement) et qui est devenue SPL Eaux de Grenoble Alpes.<\/p>\n<p><!--more--><\/p>\n<p style=\"text-align: justify;\">Pour les d\u00e9partements la loi du 7 ao\u00fbt 2015 (loi NOTRe) en son article 133 est tr\u00e8s claire\u00a0et oblige au transfert des actions lorsque la comp\u00e9tence est totalement perdue et avant fin 2016\u00a0:<br \/>\n<em>\u00ab\u00a0Le d\u00e9partement actionnaire d&rsquo;une soci\u00e9t\u00e9 d&rsquo;\u00e9conomie mixte locale ou d&rsquo;une soci\u00e9t\u00e9 publique locale d&rsquo;am\u00e9nagement dont l&rsquo;objet social s&rsquo;inscrit dans le cadre d&rsquo;une comp\u00e9tence que la loi attribue \u00e0 un autre niveau de collectivit\u00e9 territoriale ou \u00e0 un groupement de collectivit\u00e9s territoriales peut continuer \u00e0 participer au capital de cette soci\u00e9t\u00e9 \u00e0 condition qu&rsquo;il c\u00e8de, dans l&rsquo;ann\u00e9e qui suit l&rsquo;entr\u00e9e en vigueur de la pr\u00e9sente loi, \u00e0 la collectivit\u00e9 territoriale ou au groupement de collectivit\u00e9s territoriales b\u00e9n\u00e9ficiaire de cette comp\u00e9tence, plus des deux tiers des actions qu&rsquo;il d\u00e9tenait ant\u00e9rieurement.\u00a0\u00bb<\/em><\/p>\n<p style=\"text-align: justify;\">Le d\u00e9partement a perdu, la comp\u00e9tence g\u00e9n\u00e9rale et la comp\u00e9tence sur l\u2019immobilier d\u2019entreprise, donc il ne peut pas garder toutes ses actions dans la SEM <strong>Minatec<\/strong> dont l\u2019objet social est uniquement li\u00e9 \u00e0 de l\u2019immobilier d\u2019entreprise. Il aurait d\u00fb d\u00e9j\u00e0 c\u00e9der avant fin d\u00e9cembre 2016 au moins les deux tiers de ses actions par exemple \u00e0 la m\u00e9tropole.<\/p>\n<p style=\"text-align: justify;\">\n<p style=\"text-align: justify;\">Une autre SEM est en cours d\u2019\u00e9volution\u00a0: <strong>GEG<\/strong>.<\/p>\n<p style=\"text-align: justify;\">Le capital de GEG est en train d\u2019\u00e9voluer car les r\u00e9gies municipales de l\u2019Is\u00e8re qui faisaient partie du groupement ELISE, ont rejoint GEG. En effet les communes suivantes ont d\u00e9cid\u00e9 de confier, en concession, leur service de distribution d\u2019\u00e9lectricit\u00e9 (et le cas \u00e9ch\u00e9ant de gaz) et de fourniture aux tarifs encore r\u00e8glement\u00e9s \u00e0 GEG\u00a0: Allevard (fait en 2017), Presle, Vinay, Saint-Marcellin, Villard-Bonnot, Allemont, S\u00e9chilienne, Le Moutaret, Crets-en-Belledonne, La Ferri\u00e8re, Pinsot. Pour S\u00e9chilienne le cas est particulier car faisant partie de la m\u00e9tropole, autorit\u00e9 conc\u00e9dante du service public de l\u2019\u00e9nergie, une d\u00e9lib\u00e9ration m\u00e9tropolitaine interviendra pour autoriser la signature du contrat de concession \u00e0 GEG.<\/p>\n<p style=\"text-align: justify;\">Mais les statuts actuels (article 6) de GEG imposent que la participation au capital social de la Ville de Grenoble ne pourra \u00eatre inf\u00e9rieure \u00e0 50% du capital + 1 action. Compte tenu de l\u2019effet de dilution li\u00e9 \u00e0 l\u2019\u00e9mission d\u2019actions nouvelles au profit des nouvelles communes actionnaires, la Ville de Grenoble doit augmenter sa participation au capital de 13 200 actions suppl\u00e9mentaires qui repr\u00e9sentent un apport en num\u00e9raire global de 947 364 euros.<\/p>\n<p style=\"text-align: justify;\">Le conseil municipal du 5 f\u00e9vrier va d\u00e9cider de cette augmentation de capital et d\u2019autoriser de changer l\u2019article 6 des statuts sous la nouvelle formulation\u00a0:<em> \u00ab Plus de 50% du capital social doit \u00eatre d\u00e9tenu soit conjointement par la Ville de Grenoble et la M\u00e9tropole GRENOBLE-ALPES METROPOLE, soit s\u00e9par\u00e9ment par l\u2019une ou l\u2019autre de ces entit\u00e9s \u00bb.<\/em> Ce changement de statuts lors de l\u2019AG de GEG du 18 f\u00e9vrier permettra de rendre possible le rachat par la M\u00e9tro des deux tiers (au moins) des actions de Grenoble comme cela est pr\u00e9vu dans la loi, suite \u00e0 la prise de comp\u00e9tence par la M\u00e9tro de la distribution du gaz et de l\u2019\u00e9lectricit\u00e9 sur son territoire et notamment sur Grenoble.<\/p>\n<p style=\"text-align: justify;\">Le Conseil municipal du 5 f\u00e9vrier va aussi autoriser la vente d\u2019actions de la SPL <strong>SAGES<\/strong> qui est en charge de la r\u00e9alisation d\u2019op\u00e9rations d\u2019am\u00e9nagement sur le territoire de ses actionnaires. La M\u00e9tro qui a actuellement 5% du capital et Grenoble 95%, souhaite avoir 70 % du capital de la SPL. La ville va donc vendre 975 actions \u00e0 la M\u00e9tro pour 355\u00a0000 \u20ac.<\/p>\n<p style=\"text-align: justify;\">D\u2019autres SEM ou SPL vont voir leur actionnariat \u00e9voluer dans les mois \u00e0 venir.<\/p>\n","protected":false},"excerpt":{"rendered":"<p>Avec les transferts de comp\u00e9tences, les soci\u00e9t\u00e9s d\u2019\u00e9conomie mixte locales et les SPL (soci\u00e9t\u00e9 publique locale \u00e0 100% capitaux publics) doivent r\u00e9organiser leur actionnariat sous peine de se trouver dans l\u2019ill\u00e9galit\u00e9 et \u00e0 terme de dispara\u00eetre. En effet une collectivit\u00e9 locale ne peut pas \u00eatre actionnaire d\u2019une soci\u00e9t\u00e9 de droit priv\u00e9 si elle n\u2019a pas [&hellip;]<\/p>\n","protected":false},"author":1,"featured_media":0,"comment_status":"closed","ping_status":"open","sticky":false,"template":"","format":"standard","meta":{"twitterCardType":"","cardImageID":0,"cardImage":"","cardTitle":"","cardDesc":"","cardImageAlt":"","cardPlayer":"","cardPlayerWidth":0,"cardPlayerHeight":0,"cardPlayerStream":"","cardPlayerCodec":"","footnotes":""},"categories":[62,11],"tags":[104,280,213],"class_list":["post-13903","post","type-post","status-publish","format-standard","hentry","category-le-rouge-le-vert-hebdo","category-politique-locale","tag-economie","tag-metropole","tag-sem"],"_links":{"self":[{"href":"https:\/\/www.ades-grenoble.org\/wordpress\/wp-json\/wp\/v2\/posts\/13903","targetHints":{"allow":["GET"]}}],"collection":[{"href":"https:\/\/www.ades-grenoble.org\/wordpress\/wp-json\/wp\/v2\/posts"}],"about":[{"href":"https:\/\/www.ades-grenoble.org\/wordpress\/wp-json\/wp\/v2\/types\/post"}],"author":[{"embeddable":true,"href":"https:\/\/www.ades-grenoble.org\/wordpress\/wp-json\/wp\/v2\/users\/1"}],"replies":[{"embeddable":true,"href":"https:\/\/www.ades-grenoble.org\/wordpress\/wp-json\/wp\/v2\/comments?post=13903"}],"version-history":[{"count":1,"href":"https:\/\/www.ades-grenoble.org\/wordpress\/wp-json\/wp\/v2\/posts\/13903\/revisions"}],"predecessor-version":[{"id":13904,"href":"https:\/\/www.ades-grenoble.org\/wordpress\/wp-json\/wp\/v2\/posts\/13903\/revisions\/13904"}],"wp:attachment":[{"href":"https:\/\/www.ades-grenoble.org\/wordpress\/wp-json\/wp\/v2\/media?parent=13903"}],"wp:term":[{"taxonomy":"category","embeddable":true,"href":"https:\/\/www.ades-grenoble.org\/wordpress\/wp-json\/wp\/v2\/categories?post=13903"},{"taxonomy":"post_tag","embeddable":true,"href":"https:\/\/www.ades-grenoble.org\/wordpress\/wp-json\/wp\/v2\/tags?post=13903"}],"curies":[{"name":"wp","href":"https:\/\/api.w.org\/{rel}","templated":true}]}}