{"id":13985,"date":"2018-02-23T10:57:10","date_gmt":"2018-02-23T09:57:10","guid":{"rendered":"http:\/\/www.ades-grenoble.org\/wordpress\/?p=13985"},"modified":"2018-02-23T11:09:54","modified_gmt":"2018-02-23T10:09:54","slug":"quartiers-prioritaires-de-la-politique-de-la-ville-dans-lagglomeration","status":"publish","type":"post","link":"https:\/\/www.ades-grenoble.org\/wordpress\/2018\/02\/23\/quartiers-prioritaires-de-la-politique-de-la-ville-dans-lagglomeration\/","title":{"rendered":"Quartiers prioritaires de la politique de la ville dans l\u2019agglom\u00e9ration"},"content":{"rendered":"<p style=\"text-align: justify;\"><img loading=\"lazy\" decoding=\"async\" class=\"size-full wp-image-9322 alignleft\" src=\"http:\/\/www.ades-grenoble.org\/wordpress\/wp-content\/uploads\/2014\/11\/QuartiersPrioritaires1.jpg\" alt=\"\" width=\"350\" height=\"198\" srcset=\"https:\/\/www.ades-grenoble.org\/wordpress\/wp-content\/uploads\/2014\/11\/QuartiersPrioritaires1.jpg 350w, https:\/\/www.ades-grenoble.org\/wordpress\/wp-content\/uploads\/2014\/11\/QuartiersPrioritaires1-150x84.jpg 150w, https:\/\/www.ades-grenoble.org\/wordpress\/wp-content\/uploads\/2014\/11\/QuartiersPrioritaires1-300x169.jpg 300w\" sizes=\"auto, (max-width: 350px) 100vw, 350px\" \/>La d\u00e9finition des p\u00e9rim\u00e8tres des quartiers prioritaires de la politique de la ville (QPV) est fond\u00e9e sur le niveau des revenus. Il n\u2019est donc pas \u00e9tonnant de retrouver plus d\u2019habitants allocataires sociaux que dans la moyenne des villes ou de la M\u00e9tro. Il y a environ 73 % des habitants qui sont allocataires dans les QPV alors qu\u2019il n\u2019y en a que 55% \u00e0 Grenoble et 51 % dans la M\u00e9tro.<\/p>\n<p style=\"text-align: justify;\">Il y a 12,9 % de m\u00e9nages dans la m\u00e9tropole qui ont un revenu en dessous de 60% de la m\u00e9diane des revenus (donc inf\u00e9rieurs \u00e0 1000 \u20ac\/mois par unit\u00e9 de consommation), \u00e0 Grenoble ce taux est de 18,1%. Dans les QPV ce taux oscille entre 32% et 45,2 %.<\/p>\n<p style=\"text-align: justify;\">Dans la M\u00e9tro il y a 10 QPV\u00a0: 4 \u00e0 Grenoble, 3 \u00e0 Echirolles, un \u00e0 Fontaine, Le Pont de Claix et Saint Martin d\u2019H\u00e8res, ils repr\u00e9sentent 39800 habitants.<\/p>\n<p style=\"text-align: justify;\"><!--more--><\/p>\n<p style=\"text-align: justify;\">A Echirolles il y a 28,4% d\u2019habitants en QPV, \u00e0 Pont de Claix 16,5%, \u00e0 Grenoble 14,6%, \u00e0 Fontaine 9,2% et \u00e0 Saint-Martin-d\u2019H\u00e8res seulement 6,5%.<\/p>\n<p style=\"text-align: justify;\">A Grenoble il y a 23 300 habitants en QPV, \u00e0 Echirolles 10 130, \u00e0 Saint Martin d\u2019H\u00e8res 2 575, \u00e0 Fontaine 2 040 et \u00e0 Pont de Claix 1\u00a0830.<\/p>\n<p style=\"text-align: justify;\">Les habitants des QPV sont en g\u00e9n\u00e9ral plus jeunes que dans la moyenne des villes, sauf \u00e0 Fontaine et \u00e0 Saint Martin d\u2019H\u00e8res.<\/p>\n<p style=\"text-align: justify;\">Il y a beaucoup plus d\u2019\u00e9trangers, en proportion, dans les QPV (19%) que dans la moyenne des communes (10% \u00e0 Grenoble) et de la M\u00e9tro (8%). C\u2019est \u00e0 Mistral-Lys Rouge-Camine que la part des \u00e9trangers est la plus \u00e9lev\u00e9e (24%).<\/p>\n<table border=\"2\" width=\"80%\" align=\"center\" bgcolor=\"lightyellow\">\n<tbody>\n<tr>\n<td>Communes<\/td>\n<td>QPV<\/td>\n<td>Taux de pauvret\u00e9 au seuil de 60% du niveau de vie m\u00e9dian m\u00e9tropolitain<\/td>\n<td>Allocataires dont le revenu est constitu\u00e9 \u00e0 plus de 50 % de prestations sociales<\/td>\n<td>M\u00e9diane (en euros) du revenu disponible par unit\u00e9 de consommation<\/td>\n<td>Premier d\u00e9cile (en euros) du revenu disponible par unit\u00e9 de consommation<\/td>\n<td>Neuvi\u00e8me d\u00e9cile (en euros) du revenu disponible par unit\u00e9 de consommation<\/td>\n<\/tr>\n<tr>\n<td>\u00c9chirolles<\/td>\n<td>La Luire &#8211; Viscose<\/td>\n<td>35,2<\/td>\n<td>41,1%<\/td>\n<td>13991<\/td>\n<td>8171<\/td>\n<td>20513<\/td>\n<\/tr>\n<tr>\n<td>\u00c9chirolles<\/td>\n<td>Essarts &#8211; Surieux<\/td>\n<td>44,4<\/td>\n<td>42,9%<\/td>\n<td>12748<\/td>\n<td>7599<\/td>\n<td>21500<\/td>\n<\/tr>\n<tr>\n<td>\u00c9chirolles<\/td>\n<td>Village Sud<\/td>\n<td>35,8<\/td>\n<td>38,9%<\/td>\n<td>14004<\/td>\n<td>8166<\/td>\n<td>20181<\/td>\n<\/tr>\n<tr>\n<td>Fontaine<\/td>\n<td>Alpes Mail Cachin<\/td>\n<td>29,3<\/td>\n<td>31,5%<\/td>\n<td>14328<\/td>\n<td>8491<\/td>\n<td>23434<\/td>\n<\/tr>\n<tr>\n<td>Grenoble<\/td>\n<td>Mistral Lys Rouge Camine<\/td>\n<td>45,2<\/td>\n<td>41,7%<\/td>\n<td>12649<\/td>\n<td>7768<\/td>\n<td>20573<\/td>\n<\/tr>\n<tr>\n<td>Grenoble<\/td>\n<td>Villeneuve &#8211; Village Olympique<\/td>\n<td>40,5<\/td>\n<td>41,3%<\/td>\n<td>13372<\/td>\n<td>7764<\/td>\n<td>23871<\/td>\n<\/tr>\n<tr>\n<td>Grenoble<\/td>\n<td>Teisseire Abbaye Jouhaux Ch\u00e2telet<\/td>\n<td>43,5<\/td>\n<td>42,8%<\/td>\n<td>12808<\/td>\n<td>7360<\/td>\n<td>20945<\/td>\n<\/tr>\n<tr>\n<td>Grenoble<\/td>\n<td>Alma &#8211; Tr\u00e8s Clo\u00eetres &#8211; Chenoise<\/td>\n<td>41,4<\/td>\n<td>33,1%<\/td>\n<td>13232<\/td>\n<td>7328<\/td>\n<td>31086<\/td>\n<\/tr>\n<tr>\n<td>Le Pont-de-Claix<\/td>\n<td>Iles De Mars Olympiades<\/td>\n<td>32<\/td>\n<td>35,6%<\/td>\n<td>14255<\/td>\n<td>8578<\/td>\n<td>21976<\/td>\n<\/tr>\n<tr>\n<td>Saint-Martin-d&rsquo;H\u00e8res<\/td>\n<td>Renaudie &#8211; Champberton &#8211; La Plaine<\/td>\n<td>31,2<\/td>\n<td>36,6%<\/td>\n<td>14266<\/td>\n<td>7969<\/td>\n<td>23543<\/td>\n<\/tr>\n<\/tbody>\n<\/table>\n<p>&nbsp;<\/p>\n<table border=\"2\" width=\"80%\" align=\"center\" bgcolor=\"lightyellow\">\n<tbody>\n<tr>\n<td>Communes et m\u00e9tropole<\/td>\n<td>Taux de pauvret\u00e9 au seuil de 60% du niveau de vie m\u00e9dian m\u00e9tropolitain<\/td>\n<td>Allocataires dont le revenu est constitu\u00e9 \u00e0 plus de 50 % de prestations sociales<\/td>\n<td>M\u00e9diane (en euros) du revenu disponible par unit\u00e9 de consommation<\/td>\n<td>Premier d\u00e9cile (en euros) du revenu disponible par unit\u00e9 de consommation<\/td>\n<td>Neuvi\u00e8me d\u00e9cile (en euros) du revenu disponible par unit\u00e9 de consommation<\/td>\n<\/tr>\n<tr>\n<td>\u00c9chirolles<\/td>\n<td>18,9<\/td>\n<td>30,6%<\/td>\n<td>18321<\/td>\n<td>9844<\/td>\n<td>31661<\/td>\n<\/tr>\n<tr>\n<td>Fontaine<\/td>\n<td>15,8<\/td>\n<td>24,7%<\/td>\n<td>18603<\/td>\n<td>10447<\/td>\n<td>30331<\/td>\n<\/tr>\n<tr>\n<td>Grenoble<\/td>\n<td>18,1<\/td>\n<td>23,2%<\/td>\n<td>19773<\/td>\n<td>9676<\/td>\n<td>37314<\/td>\n<\/tr>\n<tr>\n<td>Le Pont-de-Claix<\/td>\n<td>15,1<\/td>\n<td>25,6%<\/td>\n<td>18529<\/td>\n<td>10775<\/td>\n<td>28846<\/td>\n<\/tr>\n<tr>\n<td>Saint-Martin-d&rsquo;H\u00e8res<\/td>\n<td>15,7<\/td>\n<td>16,9%<\/td>\n<td>18926<\/td>\n<td>10366<\/td>\n<td>31317<\/td>\n<\/tr>\n<tr>\n<td>Grenoble-Alpes-M\u00e9tropole<\/td>\n<td>12,9<\/td>\n<td>20,9%<\/td>\n<td>21237<\/td>\n<td>11081<\/td>\n<td>38543<\/td>\n<\/tr>\n<\/tbody>\n<\/table>\n<p>&nbsp;<\/p>\n<table border=\"2\" width=\"50%\" align=\"center\" bgcolor=\"lightyellow\">\n<tbody>\n<tr>\n<td>Communes<\/td>\n<td>Nom du QPV<\/td>\n<td>Population municipale<\/td>\n<td>Part de femmes parmi la population %<\/td>\n<td>Part des personnes de 0 \u00e0 24 ans parmi la population %<\/td>\n<\/tr>\n<tr>\n<td>\u00c9chirolles<\/td>\n<td>La Luire &#8211; Viscose<\/td>\n<td>2785<\/td>\n<td>50,4<\/td>\n<td>36,2<\/td>\n<\/tr>\n<tr>\n<td>\u00c9chirolles<\/td>\n<td>Essarts &#8211; Surieux<\/td>\n<td>5635<\/td>\n<td>50,7<\/td>\n<td>36,5<\/td>\n<\/tr>\n<tr>\n<td>\u00c9chirolles<\/td>\n<td>Village Sud<\/td>\n<td>1707<\/td>\n<td>52,5<\/td>\n<td>40,9<\/td>\n<\/tr>\n<tr>\n<td>Fontaine<\/td>\n<td>Alpes Mail Cachin<\/td>\n<td>2036<\/td>\n<td>53,9<\/td>\n<td>32<\/td>\n<\/tr>\n<tr>\n<td>Grenoble<\/td>\n<td>Mistral Lys Rouge Camine<\/td>\n<td>2893<\/td>\n<td>49,9<\/td>\n<td>42,7<\/td>\n<\/tr>\n<tr>\n<td>Grenoble<\/td>\n<td>Villeneuve &#8211; Village Olympique<\/td>\n<td>12304<\/td>\n<td>51,3<\/td>\n<td>38,8<\/td>\n<\/tr>\n<tr>\n<td>Grenoble<\/td>\n<td>Teisseire Abbaye Jouhaux Ch\u00e2telet<\/td>\n<td>6629<\/td>\n<td>51,7<\/td>\n<td>39,4<\/td>\n<\/tr>\n<tr>\n<td>Grenoble<\/td>\n<td>Alma &#8211; Tr\u00e8s Clo\u00eetres &#8211; Chenoise<\/td>\n<td>1507<\/td>\n<td>48,3<\/td>\n<td>37,3<\/td>\n<\/tr>\n<tr>\n<td>Le Pont-de-Claix<\/td>\n<td>Iles De Mars Olympiades<\/td>\n<td>1834<\/td>\n<td>51,8<\/td>\n<td>41,4<\/td>\n<\/tr>\n<tr>\n<td>Saint-Martin-d&rsquo;H\u00e8res<\/td>\n<td>Renaudie &#8211; Champberton &#8211; La Plaine<\/td>\n<td>2473<\/td>\n<td>49,3<\/td>\n<td>41,1<\/td>\n<\/tr>\n<\/tbody>\n<\/table>\n<p>&nbsp;<\/p>\n<table border=\"2\" width=\"50%\" align=\"center\" bgcolor=\"lightyellow\">\n<tbody>\n<tr>\n<td>Communes et m\u00e9tropole<\/td>\n<td>Population municipale<\/td>\n<td>Part de femmes parmi la population %<\/td>\n<td>Part des personnes de 0 \u00e0 24 ans parmi la population %<\/td>\n<\/tr>\n<tr>\n<td>\u00c9chirolles<\/td>\n<td>35684<\/td>\n<td>51,9<\/td>\n<td>32,2<\/td>\n<\/tr>\n<tr>\n<td>Fontaine<\/td>\n<td>22066<\/td>\n<td>52,4<\/td>\n<td>30,2<\/td>\n<\/tr>\n<tr>\n<td>Grenoble<\/td>\n<td>160215<\/td>\n<td>51,4<\/td>\n<td>35,9<\/td>\n<\/tr>\n<tr>\n<td>Le Pont-de-Claix<\/td>\n<td>11133<\/td>\n<td>51,6<\/td>\n<td>33,8<\/td>\n<\/tr>\n<tr>\n<td>Saint-Martin-d&rsquo;H\u00e8res<\/td>\n<td>38019<\/td>\n<td>49,7<\/td>\n<td>40,6<\/td>\n<\/tr>\n<tr>\n<td>Grenoble-Alpes-M\u00e9tropole<\/td>\n<td>442772<\/td>\n<td>51,2<\/td>\n<td>33,8<\/td>\n<\/tr>\n<\/tbody>\n<\/table>\n","protected":false},"excerpt":{"rendered":"<p>La d\u00e9finition des p\u00e9rim\u00e8tres des quartiers prioritaires de la politique de la ville (QPV) est fond\u00e9e sur le niveau des revenus. Il n\u2019est donc pas \u00e9tonnant de retrouver plus d\u2019habitants allocataires sociaux que dans la moyenne des villes ou de la M\u00e9tro. Il y a environ 73 % des habitants qui sont allocataires dans les [&hellip;]<\/p>\n","protected":false},"author":1,"featured_media":0,"comment_status":"closed","ping_status":"open","sticky":false,"template":"","format":"standard","meta":{"twitterCardType":"","cardImageID":0,"cardImage":"","cardTitle":"","cardDesc":"","cardImageAlt":"","cardPlayer":"","cardPlayerWidth":0,"cardPlayerHeight":0,"cardPlayerStream":"","cardPlayerCodec":"","footnotes":""},"categories":[62,11],"tags":[280,189,33],"class_list":["post-13985","post","type-post","status-publish","format-standard","hentry","category-le-rouge-le-vert-hebdo","category-politique-locale","tag-metropole","tag-politique-de-la-ville","tag-social"],"_links":{"self":[{"href":"https:\/\/www.ades-grenoble.org\/wordpress\/wp-json\/wp\/v2\/posts\/13985","targetHints":{"allow":["GET"]}}],"collection":[{"href":"https:\/\/www.ades-grenoble.org\/wordpress\/wp-json\/wp\/v2\/posts"}],"about":[{"href":"https:\/\/www.ades-grenoble.org\/wordpress\/wp-json\/wp\/v2\/types\/post"}],"author":[{"embeddable":true,"href":"https:\/\/www.ades-grenoble.org\/wordpress\/wp-json\/wp\/v2\/users\/1"}],"replies":[{"embeddable":true,"href":"https:\/\/www.ades-grenoble.org\/wordpress\/wp-json\/wp\/v2\/comments?post=13985"}],"version-history":[{"count":1,"href":"https:\/\/www.ades-grenoble.org\/wordpress\/wp-json\/wp\/v2\/posts\/13985\/revisions"}],"predecessor-version":[{"id":13986,"href":"https:\/\/www.ades-grenoble.org\/wordpress\/wp-json\/wp\/v2\/posts\/13985\/revisions\/13986"}],"wp:attachment":[{"href":"https:\/\/www.ades-grenoble.org\/wordpress\/wp-json\/wp\/v2\/media?parent=13985"}],"wp:term":[{"taxonomy":"category","embeddable":true,"href":"https:\/\/www.ades-grenoble.org\/wordpress\/wp-json\/wp\/v2\/categories?post=13985"},{"taxonomy":"post_tag","embeddable":true,"href":"https:\/\/www.ades-grenoble.org\/wordpress\/wp-json\/wp\/v2\/tags?post=13985"}],"curies":[{"name":"wp","href":"https:\/\/api.w.org\/{rel}","templated":true}]}}