{"id":14000,"date":"2018-03-02T09:45:57","date_gmt":"2018-03-02T08:45:57","guid":{"rendered":"http:\/\/www.ades-grenoble.org\/wordpress\/?p=14000"},"modified":"2018-03-02T14:14:46","modified_gmt":"2018-03-02T13:14:46","slug":"un-marchand-de-sommeil-lourdement-condamne","status":"publish","type":"post","link":"https:\/\/www.ades-grenoble.org\/wordpress\/2018\/03\/02\/un-marchand-de-sommeil-lourdement-condamne\/","title":{"rendered":"Un marchand de sommeil lourdement condamn\u00e9"},"content":{"rendered":"<p style=\"text-align: justify;\"><img loading=\"lazy\" decoding=\"async\" class=\"size-full wp-image-13883 alignleft\" src=\"http:\/\/www.ades-grenoble.org\/wordpress\/wp-content\/uploads\/2018\/02\/AbbePierre.jpg\" alt=\"\" width=\"149\" height=\"184\" srcset=\"https:\/\/www.ades-grenoble.org\/wordpress\/wp-content\/uploads\/2018\/02\/AbbePierre.jpg 149w, https:\/\/www.ades-grenoble.org\/wordpress\/wp-content\/uploads\/2018\/02\/AbbePierre-121x150.jpg 121w\" sizes=\"auto, (max-width: 149px) 100vw, 149px\" \/>La Fondation Abb\u00e9 Pierre et l\u2019association Comit\u00e9 Actions Logement avaient accompagn\u00e9 des victimes d\u2019un marchand de sommeil dans le 18<sup>\u00e8me<\/sup> arrondissement de Paris. Le 7 f\u00e9vrier 2018 la Cour d\u2019Appel de Paris a rendu un arr\u00eat tr\u00e8s s\u00e9v\u00e8re contre ce marchand de sommeil qui avait \u00e9t\u00e9 acquitt\u00e9 en 1<sup>\u00e8re<\/sup> instance en 2015 par le tribunal correctionnel de Paris. Elle le condamne \u00e0 deux ans de prison avec sursis pour \u00ab\u00a0<em>mise \u00e0 disposition d\u2019h\u00e9bergement contraire \u00e0 la dignit\u00e9 humaine\u00a0\u00bb,<\/em> 200.000 euros d&rsquo;amende \u00e0 titre personnel, 300.000 euros d&rsquo;amende au titre de sa SCI (soci\u00e9t\u00e9 civile immobili\u00e8re) et une interdiction d\u00e9finitive d&rsquo;exercer la profession de logeur. En outre, dix des treize familles plaignantes se voient accorder des dommages-int\u00e9r\u00eat allant de 3.000 \u00e0 12.000 euros, pour un montant total de 60.000 euros.<\/p>\n<p style=\"text-align: justify;\">Il faut souhaiter que cette jurisprudence permette aux locataires abus\u00e9s par ces marchands de sommeil de faire valoir leurs droits et que les pouvoirs publics agissent pour faire cesser ces scandales.<\/p>\n<p style=\"text-align: justify;\">Voir <a href=\"http:\/\/www.fondation-abbe-pierre.fr\/\" target=\"_blank\" rel=\"noopener\">le communiqu\u00e9 de la Fondation Abb\u00e9 Pierre<\/a> et <a href=\"http:\/\/www.lemonde.fr\/logement\/article\/2018\/02\/07\/paris-un-marchand-de-sommeil-condamne-a-500-000-euros-d-amende-et-deux-ans-de-prison-avec-sursis_5253201_1653445.html\" target=\"_blank\" rel=\"noopener\">l\u2019article du Monde du 7 f\u00e9vrier 2018.<\/a><\/p>\n<p style=\"text-align: justify;\">\n<p style=\"text-align: justify;\">\n","protected":false},"excerpt":{"rendered":"<p>La Fondation Abb\u00e9 Pierre et l\u2019association Comit\u00e9 Actions Logement avaient accompagn\u00e9 des victimes d\u2019un marchand de sommeil dans le 18\u00e8me arrondissement de Paris. Le 7 f\u00e9vrier 2018 la Cour d\u2019Appel de Paris a rendu un arr\u00eat tr\u00e8s s\u00e9v\u00e8re contre ce marchand de sommeil qui avait \u00e9t\u00e9 acquitt\u00e9 en 1\u00e8re instance en 2015 par le tribunal [&hellip;]<\/p>\n","protected":false},"author":1,"featured_media":0,"comment_status":"closed","ping_status":"open","sticky":false,"template":"","format":"standard","meta":{"twitterCardType":"","cardImageID":0,"cardImage":"","cardTitle":"","cardDesc":"","cardImageAlt":"","cardPlayer":"","cardPlayerWidth":0,"cardPlayerHeight":0,"cardPlayerStream":"","cardPlayerCodec":"","footnotes":""},"categories":[62,11],"tags":[243,66,33,182],"class_list":["post-14000","post","type-post","status-publish","format-standard","hentry","category-le-rouge-le-vert-hebdo","category-politique-locale","tag-justice","tag-logement","tag-social","tag-solidarite"],"_links":{"self":[{"href":"https:\/\/www.ades-grenoble.org\/wordpress\/wp-json\/wp\/v2\/posts\/14000","targetHints":{"allow":["GET"]}}],"collection":[{"href":"https:\/\/www.ades-grenoble.org\/wordpress\/wp-json\/wp\/v2\/posts"}],"about":[{"href":"https:\/\/www.ades-grenoble.org\/wordpress\/wp-json\/wp\/v2\/types\/post"}],"author":[{"embeddable":true,"href":"https:\/\/www.ades-grenoble.org\/wordpress\/wp-json\/wp\/v2\/users\/1"}],"replies":[{"embeddable":true,"href":"https:\/\/www.ades-grenoble.org\/wordpress\/wp-json\/wp\/v2\/comments?post=14000"}],"version-history":[{"count":1,"href":"https:\/\/www.ades-grenoble.org\/wordpress\/wp-json\/wp\/v2\/posts\/14000\/revisions"}],"predecessor-version":[{"id":14001,"href":"https:\/\/www.ades-grenoble.org\/wordpress\/wp-json\/wp\/v2\/posts\/14000\/revisions\/14001"}],"wp:attachment":[{"href":"https:\/\/www.ades-grenoble.org\/wordpress\/wp-json\/wp\/v2\/media?parent=14000"}],"wp:term":[{"taxonomy":"category","embeddable":true,"href":"https:\/\/www.ades-grenoble.org\/wordpress\/wp-json\/wp\/v2\/categories?post=14000"},{"taxonomy":"post_tag","embeddable":true,"href":"https:\/\/www.ades-grenoble.org\/wordpress\/wp-json\/wp\/v2\/tags?post=14000"}],"curies":[{"name":"wp","href":"https:\/\/api.w.org\/{rel}","templated":true}]}}