{"id":14004,"date":"2018-03-02T09:55:17","date_gmt":"2018-03-02T08:55:17","guid":{"rendered":"http:\/\/www.ades-grenoble.org\/wordpress\/?p=14004"},"modified":"2018-03-02T14:15:03","modified_gmt":"2018-03-02T13:15:03","slug":"politique-politicienne-118","status":"publish","type":"post","link":"https:\/\/www.ades-grenoble.org\/wordpress\/2018\/03\/02\/politique-politicienne-118\/","title":{"rendered":"Politique politicienne"},"content":{"rendered":"<p style=\"text-align: justify;\"><img loading=\"lazy\" decoding=\"async\" class=\"size-full wp-image-9634 alignleft\" src=\"http:\/\/www.ades-grenoble.org\/wordpress\/wp-content\/uploads\/2015\/01\/fou1.png\" alt=\"\" width=\"200\" height=\"234\" srcset=\"https:\/\/www.ades-grenoble.org\/wordpress\/wp-content\/uploads\/2015\/01\/fou1.png 200w, https:\/\/www.ades-grenoble.org\/wordpress\/wp-content\/uploads\/2015\/01\/fou1-128x150.png 128w\" sizes=\"auto, (max-width: 200px) 100vw, 200px\" \/>Le pr\u00e9sident de la R\u00e9gion et des R\u00e9publicains n\u2019est pas fiable du tout et ne tient pas ses engagements. Fin 2016, le Conseil R\u00e9gional lan\u00e7ait une grande consultation pour sortir les camions de la route et les reporter sur le rail avant fin 2017. La Coordination des Opposants au projet \u00ab\u00a0Lyon-Turin\u00a0\u00bb a fait d\u00e8s janvier 2017, dix propositions permettant de sortir 1 millions de poids lourds des routes avec les mat\u00e9riels existants. Depuis M. Wauquiez n\u2019a rien fait\u00a0; pourtant le 21 septembre 2017, il s&rsquo;\u00e9tait engag\u00e9 par \u00e9crit, \u00e0 apporter des r\u00e9ponses : toujours rien. Il est trop occup\u00e9 \u00e0 donner des cours de politique tr\u00e8s politicienne aux \u00e9tudiants.<\/p>\n","protected":false},"excerpt":{"rendered":"<p>Le pr\u00e9sident de la R\u00e9gion et des R\u00e9publicains n\u2019est pas fiable du tout et ne tient pas ses engagements. Fin 2016, le Conseil R\u00e9gional lan\u00e7ait une grande consultation pour sortir les camions de la route et les reporter sur le rail avant fin 2017. La Coordination des Opposants au projet \u00ab\u00a0Lyon-Turin\u00a0\u00bb a fait d\u00e8s janvier [&hellip;]<\/p>\n","protected":false},"author":1,"featured_media":0,"comment_status":"closed","ping_status":"open","sticky":false,"template":"","format":"standard","meta":{"twitterCardType":"","cardImageID":0,"cardImage":"","cardTitle":"","cardDesc":"","cardImageAlt":"","cardPlayer":"","cardPlayerWidth":0,"cardPlayerHeight":0,"cardPlayerStream":"","cardPlayerCodec":"","footnotes":""},"categories":[62,11],"tags":[5,109,168],"class_list":["post-14004","post","type-post","status-publish","format-standard","hentry","category-le-rouge-le-vert-hebdo","category-politique-locale","tag-deplacements","tag-droite","tag-region"],"_links":{"self":[{"href":"https:\/\/www.ades-grenoble.org\/wordpress\/wp-json\/wp\/v2\/posts\/14004","targetHints":{"allow":["GET"]}}],"collection":[{"href":"https:\/\/www.ades-grenoble.org\/wordpress\/wp-json\/wp\/v2\/posts"}],"about":[{"href":"https:\/\/www.ades-grenoble.org\/wordpress\/wp-json\/wp\/v2\/types\/post"}],"author":[{"embeddable":true,"href":"https:\/\/www.ades-grenoble.org\/wordpress\/wp-json\/wp\/v2\/users\/1"}],"replies":[{"embeddable":true,"href":"https:\/\/www.ades-grenoble.org\/wordpress\/wp-json\/wp\/v2\/comments?post=14004"}],"version-history":[{"count":1,"href":"https:\/\/www.ades-grenoble.org\/wordpress\/wp-json\/wp\/v2\/posts\/14004\/revisions"}],"predecessor-version":[{"id":14005,"href":"https:\/\/www.ades-grenoble.org\/wordpress\/wp-json\/wp\/v2\/posts\/14004\/revisions\/14005"}],"wp:attachment":[{"href":"https:\/\/www.ades-grenoble.org\/wordpress\/wp-json\/wp\/v2\/media?parent=14004"}],"wp:term":[{"taxonomy":"category","embeddable":true,"href":"https:\/\/www.ades-grenoble.org\/wordpress\/wp-json\/wp\/v2\/categories?post=14004"},{"taxonomy":"post_tag","embeddable":true,"href":"https:\/\/www.ades-grenoble.org\/wordpress\/wp-json\/wp\/v2\/tags?post=14004"}],"curies":[{"name":"wp","href":"https:\/\/api.w.org\/{rel}","templated":true}]}}