{"id":14102,"date":"2018-03-23T09:08:15","date_gmt":"2018-03-23T08:08:15","guid":{"rendered":"http:\/\/www.ades-grenoble.org\/wordpress\/?p=14102"},"modified":"2018-03-23T09:24:10","modified_gmt":"2018-03-23T08:24:10","slug":"debat-public-sur-la-programmation-pluriannuelle-de-lenergie","status":"publish","type":"post","link":"https:\/\/www.ades-grenoble.org\/wordpress\/2018\/03\/23\/debat-public-sur-la-programmation-pluriannuelle-de-lenergie\/","title":{"rendered":"D\u00e9bat public sur la programmation pluriannuelle de l\u2019\u00e9nergie"},"content":{"rendered":"<p style=\"text-align: justify;\"><img loading=\"lazy\" decoding=\"async\" class=\"size-full wp-image-14103 alignleft\" src=\"http:\/\/www.ades-grenoble.org\/wordpress\/wp-content\/uploads\/2018\/03\/CNDP.jpg\" alt=\"\" width=\"300\" height=\"112\" srcset=\"https:\/\/www.ades-grenoble.org\/wordpress\/wp-content\/uploads\/2018\/03\/CNDP.jpg 300w, https:\/\/www.ades-grenoble.org\/wordpress\/wp-content\/uploads\/2018\/03\/CNDP-150x56.jpg 150w\" sizes=\"auto, (max-width: 300px) 100vw, 300px\" \/>Du 19 Mars au 30 Juin 2018 a lieu un d\u00e9bat public national, organis\u00e9 par la CNDP (Commission Nationale du D\u00e9bat Public) sur le projet gouvernemental de la r\u00e9vision de la programmation pluriannuelle de l\u2019\u00e9nergie (PPE) qui est un outil de pilotage de la politique \u00e9nerg\u00e9tique cr\u00e9\u00e9 par la loi de transition \u00e9nerg\u00e9tique pour la croissance verte vot\u00e9e en 2015.\u00a0 Cette r\u00e9vision porte sur les p\u00e9riodes 2018-2023 et 2024-2028.\u00a0A noter que le gouvernement, dans son document d\u2019introduction, oublie de parler de l\u2019avenir de l\u2019\u00e9lectronucl\u00e9aire, ce qui vise \u00e0 tronquer singuli\u00e8rement le d\u00e9bat, mais libre au public de traiter cette partie de la question. Il faut avancer sur les politiques publiques \u00e0 mettre en \u0153uvre pour am\u00e9liorer la maitrise de l\u2019\u00e9nergie, les \u00e9conomies, le d\u00e9veloppement acc\u00e9l\u00e9r\u00e9 des \u00e9nergies renouvelable et la d\u00e9carbonisation des \u00e9nergies o\u00f9 il y a beaucoup de retard \u00e0 rattraper. Par exemple, les propositions du sc\u00e9nario N\u00e9gawatt sont \u00e0 porter \u00e0 l\u2019occasion de ce d\u00e9bat public.<\/p>\n<p style=\"text-align: justify;\">La CNDP explique\u00a0: <em>\u00ab\u00a0Certains grands projets d\u2019am\u00e9nagement et certains plans et programmes de niveau national peuvent faire l\u2019objet d\u2019un d\u00e9bat public s\u2019ils pr\u00e9sentent de forts enjeux socio-\u00e9conomiques et s\u2019ils ont des impacts significatifs sur l\u2019environnement et l\u2019am\u00e9nagement du territoire.<\/em><\/p>\n<p><!--more--><\/p>\n<p style=\"text-align: justify;\"><em>Dans le cas d\u2019un plan ou programme de niveau national tel que la PPE, le d\u00e9bat public porte sur :<\/em><\/p>\n<ul style=\"text-align: justify;\">\n<li><em>ses objectifs,<\/em><\/li>\n<li><em>ses principales orientations,<\/em><\/li>\n<li><em>les enjeux socio-\u00e9conomiques qui s\u2019y attachent,<\/em><\/li>\n<li><em>ses impacts sur l\u2019environnement et l\u2019am\u00e9nagement du territoire.<\/em><\/li>\n<\/ul>\n<p style=\"text-align: justify;\"><em>Le d\u00e9bat public est un moment important. Il doit permettre \u00e0 chacun d\u2019avoir acc\u00e8s \u00e0 une information compl\u00e8te afin de pouvoir participer au d\u00e9bat et formuler ainsi un avis \u00e9clair\u00e9. C\u2019est une \u00e9tape essentielle dans le processus de prise de d\u00e9cision sur le plan et programme par l\u2019autorit\u00e9 charg\u00e9e de son approbation.<\/em><\/p>\n<p style=\"text-align: justify;\"><em>Le d\u00e9bat public n\u2019est ni un r\u00e9f\u00e9rendum ni un sondage d\u2019opinion, il permet l\u2019expression de points de vue argument\u00e9s et leur prise en compte par l&rsquo;ensemble des participants.<\/em><\/p>\n<p style=\"text-align: justify;\"><em>Le d\u00e9bat public sur la PPE est organis\u00e9 et anim\u00e9 par une commission particuli\u00e8re (CPDP) neutre et ind\u00e9pendante du ma\u00eetre d&rsquo;ouvrage, l&rsquo;Etat. \u00c0 la fin du d\u00e9bat public, la CPDP r\u00e9digera un compte rendu et la CNDP dressera un bilan. Elles \u00e9mettront des recommandations sur la poursuite de la participation du public mais ne donneront pas d\u2019avis sur le contenu de la PPE.\u00a0\u00bb<\/em><\/p>\n<p style=\"text-align: justify;\">Voir sur <a href=\"https:\/\/ppe.debatpublic.fr\/\" target=\"_blank\" rel=\"noopener\">le site de la CNDP<\/a> tous les d\u00e9tails de ce d\u00e9bat.<\/p>\n<p style=\"text-align: justify;\">La Commission particuli\u00e8re a d\u00e9j\u00e0 programm\u00e9 de nombreux d\u00e9bats dans de nombreuses r\u00e9gions dont un \u00e0 l\u2019Universit\u00e9 de Grenoble le 29 mars de 17 h \u00e0 20 h, sur le domaine universitaire, Amphi 1, B\u00e2timent Stendhal, hall nord (1180 avenue centrale).<\/p>\n<p style=\"text-align: justify;\">Ce sera un grand happening avec de tr\u00e8s nombreuses personnalit\u00e9s, ouverture par le Pr\u00e9fet et cl\u00f4ture par le Pr\u00e9sident de l\u2019Assembl\u00e9e Nationale. A noter quatre tables rondes qui ne dureront qu\u2019une heure (18 \u00e0 19 h)\u00a0:<\/p>\n<ul>\n<li style=\"text-align: justify;\"><em>Quel avenir pour le mix \u00e9nerg\u00e9tique fran\u00e7ais. <\/em><\/li>\n<li style=\"text-align: justify;\"><em>Comment mettre en \u0153uvre la transition \u00e9nerg\u00e9tique dans nos territoires, <\/em><\/li>\n<li style=\"text-align: justify;\"><em>Transition \u00e9nerg\u00e9tique\u00a0: financement par la participation citoyenne.<\/em><\/li>\n<li style=\"text-align: justify;\"><em>L\u2019innovation au service de la transition \u00e9nerg\u00e9tique.<\/em><\/li>\n<\/ul>\n","protected":false},"excerpt":{"rendered":"<p>Du 19 Mars au 30 Juin 2018 a lieu un d\u00e9bat public national, organis\u00e9 par la CNDP (Commission Nationale du D\u00e9bat Public) sur le projet gouvernemental de la r\u00e9vision de la programmation pluriannuelle de l\u2019\u00e9nergie (PPE) qui est un outil de pilotage de la politique \u00e9nerg\u00e9tique cr\u00e9\u00e9 par la loi de transition \u00e9nerg\u00e9tique pour la [&hellip;]<\/p>\n","protected":false},"author":1,"featured_media":0,"comment_status":"closed","ping_status":"open","sticky":false,"template":"","format":"standard","meta":{"twitterCardType":"","cardImageID":0,"cardImage":"","cardTitle":"","cardDesc":"","cardImageAlt":"","cardPlayer":"","cardPlayerWidth":0,"cardPlayerHeight":0,"cardPlayerStream":"","cardPlayerCodec":"","footnotes":""},"categories":[62,11],"tags":[136,235],"class_list":["post-14102","post","type-post","status-publish","format-standard","hentry","category-le-rouge-le-vert-hebdo","category-politique-locale","tag-debats","tag-energie"],"_links":{"self":[{"href":"https:\/\/www.ades-grenoble.org\/wordpress\/wp-json\/wp\/v2\/posts\/14102","targetHints":{"allow":["GET"]}}],"collection":[{"href":"https:\/\/www.ades-grenoble.org\/wordpress\/wp-json\/wp\/v2\/posts"}],"about":[{"href":"https:\/\/www.ades-grenoble.org\/wordpress\/wp-json\/wp\/v2\/types\/post"}],"author":[{"embeddable":true,"href":"https:\/\/www.ades-grenoble.org\/wordpress\/wp-json\/wp\/v2\/users\/1"}],"replies":[{"embeddable":true,"href":"https:\/\/www.ades-grenoble.org\/wordpress\/wp-json\/wp\/v2\/comments?post=14102"}],"version-history":[{"count":1,"href":"https:\/\/www.ades-grenoble.org\/wordpress\/wp-json\/wp\/v2\/posts\/14102\/revisions"}],"predecessor-version":[{"id":14104,"href":"https:\/\/www.ades-grenoble.org\/wordpress\/wp-json\/wp\/v2\/posts\/14102\/revisions\/14104"}],"wp:attachment":[{"href":"https:\/\/www.ades-grenoble.org\/wordpress\/wp-json\/wp\/v2\/media?parent=14102"}],"wp:term":[{"taxonomy":"category","embeddable":true,"href":"https:\/\/www.ades-grenoble.org\/wordpress\/wp-json\/wp\/v2\/categories?post=14102"},{"taxonomy":"post_tag","embeddable":true,"href":"https:\/\/www.ades-grenoble.org\/wordpress\/wp-json\/wp\/v2\/tags?post=14102"}],"curies":[{"name":"wp","href":"https:\/\/api.w.org\/{rel}","templated":true}]}}