{"id":14107,"date":"2018-03-23T09:15:43","date_gmt":"2018-03-23T08:15:43","guid":{"rendered":"http:\/\/www.ades-grenoble.org\/wordpress\/?p=14107"},"modified":"2018-03-23T09:24:26","modified_gmt":"2018-03-23T08:24:26","slug":"politique-politicienne-120","status":"publish","type":"post","link":"https:\/\/www.ades-grenoble.org\/wordpress\/2018\/03\/23\/politique-politicienne-120\/","title":{"rendered":"Politique politicienne"},"content":{"rendered":"<p style=\"text-align: justify;\"><img loading=\"lazy\" decoding=\"async\" class=\"size-full wp-image-9634 alignleft\" src=\"http:\/\/www.ades-grenoble.org\/wordpress\/wp-content\/uploads\/2015\/01\/fou1.png\" alt=\"\" width=\"200\" height=\"234\" srcset=\"https:\/\/www.ades-grenoble.org\/wordpress\/wp-content\/uploads\/2015\/01\/fou1.png 200w, https:\/\/www.ades-grenoble.org\/wordpress\/wp-content\/uploads\/2015\/01\/fou1-128x150.png 128w\" sizes=\"auto, (max-width: 200px) 100vw, 200px\" \/>La d\u00e9put\u00e9e \u00ab\u00a0En Marche\u00a0\u00bb de la 3<sup>\u00e8me<\/sup> circonscription, se r\u00e9jouit un peu trop b\u00e9atement du r\u00e9sultat de la commission d\u2019enqu\u00eate sur l\u2019\u00e9largissement de l\u2019A480\u00a0: <em>\u00ab\u00a0<\/em><em>Je ne peux que me r\u00e9jouir aujourd&rsquo;hui de l&rsquo;avis favorable donn\u00e9 par la commission d&rsquo;enqu\u00eate \u00e0 la d\u00e9claration d&rsquo;utilit\u00e9 publique de ce projet\u00a0\u00bb.<\/em> Si elle \u00e9tait bonne d\u00e9put\u00e9e macronienne, elle devrait \u00e0 la fois se r\u00e9jouir et \u00e0 la fois rappeler qui reste du travail \u00e0 faire pour que ce projet devienne acceptable. <em>\u00ab\u00a0Je m&rsquo;\u00e9tonne ainsi que la mairie de Grenoble ne se soit pas associ\u00e9e \u00e0 ce satisfecit.\u00a0\u00bb<\/em> Encore heureux que le maire entende d\u00e9fendre les int\u00e9r\u00eats bien compris de la Ville et poursuive les exigences qui \u00e9taient convenues dans le protocole d\u2019intention sign\u00e9 par l\u2019Etat, AREA, le d\u00e9partement et la M\u00e9tro et les recommandations de l\u2019autorit\u00e9 environnementale qui \u00e9tait tr\u00e8s critique sur la qualit\u00e9 de certains aspects de l\u2019\u00e9tude d\u2019impact. La d\u00e9put\u00e9e a d\u00fb lire un peu rapidement les conclusions et le rapport de la commission d\u2019enqu\u00eate, elle se contente d\u2019une vision bien politicienne de ce dossier.<\/p>\n","protected":false},"excerpt":{"rendered":"<p>La d\u00e9put\u00e9e \u00ab\u00a0En Marche\u00a0\u00bb de la 3\u00e8me circonscription, se r\u00e9jouit un peu trop b\u00e9atement du r\u00e9sultat de la commission d\u2019enqu\u00eate sur l\u2019\u00e9largissement de l\u2019A480\u00a0: \u00ab\u00a0Je ne peux que me r\u00e9jouir aujourd&rsquo;hui de l&rsquo;avis favorable donn\u00e9 par la commission d&rsquo;enqu\u00eate \u00e0 la d\u00e9claration d&rsquo;utilit\u00e9 publique de ce projet\u00a0\u00bb. Si elle \u00e9tait bonne d\u00e9put\u00e9e macronienne, elle devrait [&hellip;]<\/p>\n","protected":false},"author":1,"featured_media":0,"comment_status":"closed","ping_status":"open","sticky":false,"template":"","format":"standard","meta":{"twitterCardType":"","cardImageID":0,"cardImage":"","cardTitle":"","cardDesc":"","cardImageAlt":"","cardPlayer":"","cardPlayerWidth":0,"cardPlayerHeight":0,"cardPlayerStream":"","cardPlayerCodec":"","footnotes":""},"categories":[62,11],"tags":[5,54],"class_list":["post-14107","post","type-post","status-publish","format-standard","hentry","category-le-rouge-le-vert-hebdo","category-politique-locale","tag-deplacements","tag-politique-droite-gauche"],"_links":{"self":[{"href":"https:\/\/www.ades-grenoble.org\/wordpress\/wp-json\/wp\/v2\/posts\/14107","targetHints":{"allow":["GET"]}}],"collection":[{"href":"https:\/\/www.ades-grenoble.org\/wordpress\/wp-json\/wp\/v2\/posts"}],"about":[{"href":"https:\/\/www.ades-grenoble.org\/wordpress\/wp-json\/wp\/v2\/types\/post"}],"author":[{"embeddable":true,"href":"https:\/\/www.ades-grenoble.org\/wordpress\/wp-json\/wp\/v2\/users\/1"}],"replies":[{"embeddable":true,"href":"https:\/\/www.ades-grenoble.org\/wordpress\/wp-json\/wp\/v2\/comments?post=14107"}],"version-history":[{"count":1,"href":"https:\/\/www.ades-grenoble.org\/wordpress\/wp-json\/wp\/v2\/posts\/14107\/revisions"}],"predecessor-version":[{"id":14108,"href":"https:\/\/www.ades-grenoble.org\/wordpress\/wp-json\/wp\/v2\/posts\/14107\/revisions\/14108"}],"wp:attachment":[{"href":"https:\/\/www.ades-grenoble.org\/wordpress\/wp-json\/wp\/v2\/media?parent=14107"}],"wp:term":[{"taxonomy":"category","embeddable":true,"href":"https:\/\/www.ades-grenoble.org\/wordpress\/wp-json\/wp\/v2\/categories?post=14107"},{"taxonomy":"post_tag","embeddable":true,"href":"https:\/\/www.ades-grenoble.org\/wordpress\/wp-json\/wp\/v2\/tags?post=14107"}],"curies":[{"name":"wp","href":"https:\/\/api.w.org\/{rel}","templated":true}]}}