{"id":14117,"date":"2018-03-30T10:44:47","date_gmt":"2018-03-30T08:44:47","guid":{"rendered":"http:\/\/www.ades-grenoble.org\/wordpress\/?p=14117"},"modified":"2018-03-30T11:41:56","modified_gmt":"2018-03-30T09:41:56","slug":"hypersensibilite-aux-ondes-electromagnetiques-un-rapport-de-lanses","status":"publish","type":"post","link":"https:\/\/www.ades-grenoble.org\/wordpress\/2018\/03\/30\/hypersensibilite-aux-ondes-electromagnetiques-un-rapport-de-lanses\/","title":{"rendered":"Hypersensibilit\u00e9 aux ondes \u00e9lectromagn\u00e9tiques, un rapport de l\u2019ANSES"},"content":{"rendered":"<p style=\"text-align: justify;\"><img loading=\"lazy\" decoding=\"async\" class=\"size-full wp-image-13096 alignleft\" src=\"http:\/\/www.ades-grenoble.org\/wordpress\/wp-content\/uploads\/2017\/06\/Anses.jpg\" alt=\"\" width=\"400\" height=\"144\" srcset=\"https:\/\/www.ades-grenoble.org\/wordpress\/wp-content\/uploads\/2017\/06\/Anses.jpg 400w, https:\/\/www.ades-grenoble.org\/wordpress\/wp-content\/uploads\/2017\/06\/Anses-150x54.jpg 150w, https:\/\/www.ades-grenoble.org\/wordpress\/wp-content\/uploads\/2017\/06\/Anses-300x108.jpg 300w\" sizes=\"auto, (max-width: 400px) 100vw, 400px\" \/>Le 27 mars, l\u2019agence nationale de s\u00e9curit\u00e9 sanitaire de l\u2019alimentation, de l\u2019environnement et du travail (ANSES) publie <a href=\"https:\/\/www.anses.fr\/fr\/content\/hypersensibilit%C3%A9-aux-ondes-%C3%A9lectromagn%C3%A9tiques-amplifier-l%E2%80%99effort-de-recherche-et-adapter-la\" target=\"_blank\" rel=\"noopener\">un rapport sur l\u2019hypersensibilit\u00e9 aux ondes \u00e9lectromagn\u00e9tiques<\/a> qui fait le point sur cette question difficile et qui propose d\u2019amplifier les recherches et d\u2019adapter la prise en charge des personnes concern\u00e9es.<\/p>\n<p style=\"text-align: justify;\"><em>\u00ab\u00a0Ce travail s\u2019est appuy\u00e9 sur l\u2019ensemble de la litt\u00e9rature scientifique disponible, ainsi que sur un grand nombre d\u2019auditions\u00a0: m\u00e9decins hospitaliers et g\u00e9n\u00e9ralistes, chercheurs, associations et personnes concern\u00e9es. L\u2019expertise met en \u00e9vidence la grande complexit\u00e9 de la question de l\u2019\u00e9lectrohypersensibilit\u00e9 (EHS), tout en concluant, en l\u2019\u00e9tat actuel des connaissances, \u00e0 l\u2019absence de preuve exp\u00e9rimentale solide permettant d\u2019\u00e9tablir un lien de causalit\u00e9 entre l\u2019exposition aux champs \u00e9lectromagn\u00e9tiques et les sympt\u00f4mes d\u00e9crits par les personnes se d\u00e9clarant EHS. Par ailleurs, l\u2019Agence souligne que la souffrance et les douleurs exprim\u00e9es par les personnes se d\u00e9clarant EHS correspondent \u00e0 une r\u00e9alit\u00e9 v\u00e9cue les conduisant \u00e0 adapter leur quotidien pour y faire face. Dans ce contexte, l\u2019Agence recommande une prise en charge adapt\u00e9e des personnes concern\u00e9es ainsi que la poursuite des travaux de recherche, notamment en mettant en place des \u00e9tudes dont les conditions exp\u00e9rimentales prennent en compte les conditions de vie des personnes se d\u00e9clarant EHS\u2026<\/em><\/p>\n<p><!--more--><\/p>\n<p style=\"text-align: justify;\"><strong><em>Conclusions et recommandations de l\u2019Agence<\/em><\/strong><\/p>\n<p style=\"text-align: justify;\"><em>L\u2019expertise de l\u2019Agence met en \u00e9vidence la grande complexit\u00e9 de la question de l\u2019\u00e9lectrohypersensibilit\u00e9. Tout d\u2019abord, il n\u2019existe pas, \u00e0 ce jour, de crit\u00e8res de diagnostic de l\u2019EHS valid\u00e9s, et il r\u00e9sulte de l\u2019expertise que la seule possibilit\u00e9 pour d\u00e9finir l\u2019EHS repose sur l\u2019auto-d\u00e9claration des personnes.<\/em><\/p>\n<p style=\"text-align: justify;\"><em>L\u2019Agence conclut \u00e9galement que les douleurs et la souffrance (maux de t\u00eate, troubles du sommeil, de l\u2019attention et de la m\u00e9moire, isolement social, etc.) exprim\u00e9es par les personnes se d\u00e9clarant EHS correspondent \u00e0 une r\u00e9alit\u00e9 v\u00e9cue, les conduisant \u00e0 adapter leur quotidien pour y faire face.<\/em><\/p>\n<p style=\"text-align: justify;\"><em>Les 40 experts, mobilis\u00e9s pendant pr\u00e8s de quatre ans, ont investigu\u00e9 un grand nombre d\u2019hypoth\u00e8ses pour comprendre ces sympt\u00f4mes. Toutefois, les connaissances scientifiques actuelles ne mettent pas en \u00e9vidence de lien de cause \u00e0 effet entre les sympt\u00f4mes dont souffrent les personnes se d\u00e9clarant EHS et leur exposition aux ondes \u00e9lectromagn\u00e9tiques. N\u00e9anmoins, les sympt\u00f4mes, qui peuvent avoir un retentissement important sur la qualit\u00e9 de vie de ces personnes, n\u00e9cessitent et justifient une prise en charge adapt\u00e9e par les acteurs des domaines sanitaire et social.<\/em><\/p>\n<p style=\"text-align: justify;\"><em>\u00c0 ce titre, l\u2019Agence recommande de solliciter la Haute autorit\u00e9 de sant\u00e9 afin d\u2019examiner la pertinence de formuler des recommandations destin\u00e9es aux professionnels de sant\u00e9 pour une prise en charge adapt\u00e9e des personnes se d\u00e9clarant EHS. L\u2019Agence recommande \u00e9galement de d\u00e9velopper la formation des professionnels de sant\u00e9 sur la probl\u00e9matique de l\u2019\u00e9lectrohypersensibilit\u00e9, la formation des acteurs sociaux \u00e0 l\u2019accueil et \u00e0 l\u2019\u00e9coute des personnes se d\u00e9clarant \u00e9lectrohypersensibles, ainsi qu\u2019\u00e0 la prise en compte, dans leurs pratiques, de leurs questions et de leurs attentes, et de favoriser la coordination entre les acteurs impliqu\u00e9s dans leur prise en charge.<\/em><\/p>\n<p style=\"text-align: justify;\"><em>L\u2019Agence recommande \u00e9galement de poursuivre les travaux de recherche :<\/em><\/p>\n<ul style=\"text-align: justify;\">\n<li><em>en renfor\u00e7ant les interactions entre scientifiques et associations de personnes se d\u00e9clarant EHS ;<\/em><\/li>\n<li><em>en soutenant la mise en place d\u2019infrastructures de recherche adapt\u00e9es \u00e0 l\u2019EHS, pour r\u00e9aliser notamment des \u00e9tudes de suivi \u00e0 long-terme, et en veillant \u00e0 ce que les conditions exp\u00e9rimentales soient contr\u00f4l\u00e9es et prennent en compte les conditions de vie des personnes se d\u00e9clarant EHS ;<\/em><\/li>\n<li><em>en p\u00e9rennisant le financement de l\u2019effort de recherche sur les effets sanitaires des radiofr\u00e9quences.\u00a0\u00bb\u00a0<\/em><\/li>\n<\/ul>\n<p style=\"text-align: justify;\">\n","protected":false},"excerpt":{"rendered":"<p>Le 27 mars, l\u2019agence nationale de s\u00e9curit\u00e9 sanitaire de l\u2019alimentation, de l\u2019environnement et du travail (ANSES) publie un rapport sur l\u2019hypersensibilit\u00e9 aux ondes \u00e9lectromagn\u00e9tiques qui fait le point sur cette question difficile et qui propose d\u2019amplifier les recherches et d\u2019adapter la prise en charge des personnes concern\u00e9es. \u00ab\u00a0Ce travail s\u2019est appuy\u00e9 sur l\u2019ensemble de la [&hellip;]<\/p>\n","protected":false},"author":1,"featured_media":0,"comment_status":"closed","ping_status":"open","sticky":false,"template":"","format":"standard","meta":{"twitterCardType":"","cardImageID":0,"cardImage":"","cardTitle":"","cardDesc":"","cardImageAlt":"","cardPlayer":"","cardPlayerWidth":0,"cardPlayerHeight":0,"cardPlayerStream":"","cardPlayerCodec":"","footnotes":""},"categories":[62,11],"tags":[174,99],"class_list":["post-14117","post","type-post","status-publish","format-standard","hentry","category-le-rouge-le-vert-hebdo","category-politique-locale","tag-ondes","tag-sante"],"_links":{"self":[{"href":"https:\/\/www.ades-grenoble.org\/wordpress\/wp-json\/wp\/v2\/posts\/14117","targetHints":{"allow":["GET"]}}],"collection":[{"href":"https:\/\/www.ades-grenoble.org\/wordpress\/wp-json\/wp\/v2\/posts"}],"about":[{"href":"https:\/\/www.ades-grenoble.org\/wordpress\/wp-json\/wp\/v2\/types\/post"}],"author":[{"embeddable":true,"href":"https:\/\/www.ades-grenoble.org\/wordpress\/wp-json\/wp\/v2\/users\/1"}],"replies":[{"embeddable":true,"href":"https:\/\/www.ades-grenoble.org\/wordpress\/wp-json\/wp\/v2\/comments?post=14117"}],"version-history":[{"count":1,"href":"https:\/\/www.ades-grenoble.org\/wordpress\/wp-json\/wp\/v2\/posts\/14117\/revisions"}],"predecessor-version":[{"id":14118,"href":"https:\/\/www.ades-grenoble.org\/wordpress\/wp-json\/wp\/v2\/posts\/14117\/revisions\/14118"}],"wp:attachment":[{"href":"https:\/\/www.ades-grenoble.org\/wordpress\/wp-json\/wp\/v2\/media?parent=14117"}],"wp:term":[{"taxonomy":"category","embeddable":true,"href":"https:\/\/www.ades-grenoble.org\/wordpress\/wp-json\/wp\/v2\/categories?post=14117"},{"taxonomy":"post_tag","embeddable":true,"href":"https:\/\/www.ades-grenoble.org\/wordpress\/wp-json\/wp\/v2\/tags?post=14117"}],"curies":[{"name":"wp","href":"https:\/\/api.w.org\/{rel}","templated":true}]}}