{"id":14156,"date":"2018-04-06T14:51:58","date_gmt":"2018-04-06T12:51:58","guid":{"rendered":"http:\/\/www.ades-grenoble.org\/wordpress\/?p=14156"},"modified":"2018-04-06T15:16:11","modified_gmt":"2018-04-06T13:16:11","slug":"le-projet-de-centre-commercial-neyrpic-a-saint-martin-dheres","status":"publish","type":"post","link":"https:\/\/www.ades-grenoble.org\/wordpress\/2018\/04\/06\/le-projet-de-centre-commercial-neyrpic-a-saint-martin-dheres\/","title":{"rendered":"Le projet de centre commercial Neyrpic \u00e0 Saint Martin d\u2019H\u00e8res"},"content":{"rendered":"<p style=\"text-align: justify;\"><img loading=\"lazy\" decoding=\"async\" class=\"size-full wp-image-13589 alignleft\" src=\"http:\/\/www.ades-grenoble.org\/wordpress\/wp-content\/uploads\/2017\/11\/Neyrpic2.jpg\" alt=\"\" width=\"400\" height=\"224\" srcset=\"https:\/\/www.ades-grenoble.org\/wordpress\/wp-content\/uploads\/2017\/11\/Neyrpic2.jpg 400w, https:\/\/www.ades-grenoble.org\/wordpress\/wp-content\/uploads\/2017\/11\/Neyrpic2-150x84.jpg 150w, https:\/\/www.ades-grenoble.org\/wordpress\/wp-content\/uploads\/2017\/11\/Neyrpic2-300x168.jpg 300w\" sizes=\"auto, (max-width: 400px) 100vw, 400px\" \/>Suite \u00e0 la remise du rapport et des conclusions du commissaire enqu\u00eateur qui a \u00e9mis des r\u00e9serves et des recommandations, le conseil municipal de Saint Martin d\u2019H\u00e8res (SMH) a d\u00e9lib\u00e9r\u00e9 le 27 mars 2018 pour lever les r\u00e9serves qui correspondaient \u00e0 ses comp\u00e9tences, malgr\u00e9 les nombreuses critiques des oppositions. Reste d\u2019autres r\u00e9serves et recommandations \u00e0 prendre en compte avant que le maire de SMH puisse arr\u00eater le permis de construire dont une tr\u00e8s particuli\u00e8re que doit lever absolument le Conseil de m\u00e9tropole puisque le projet s\u2019installe sur une partie du domaine public de La M\u00e9tro (600 m<sup>2<\/sup> environ d\u2019une partie de la rue Galil\u00e9e).<\/p>\n<p style=\"text-align: justify;\">Or il n\u2019est pas possible de sortir du domaine public, qui est inali\u00e9nable, un bien sans proc\u00e9der \u00e0 son d\u00e9classement du domaine public pour le faire p\u00e9n\u00e9trer dans le domaine priv\u00e9 de la collectivit\u00e9 qui peut ensuite le c\u00e9der \u00e0 une autre collectivit\u00e9 publique ou une personne priv\u00e9e.<\/p>\n<p><!--more--><\/p>\n<p style=\"text-align: justify;\">Pour d\u00e9classer une voirie publique qui assure une fonction de desserte ou de circulation, le code de la voirie routi\u00e8re (article L141-3) impose la tenue d\u2019une enqu\u00eate publique en pr\u00e9alable d\u00e9cid\u00e9e par l\u2019ex\u00e9cutif de la collectivit\u00e9. Le Pr\u00e9sident de la M\u00e9tro a donc pris un arr\u00eat\u00e9 d\u2019ouverture de cette enqu\u00eate (le 27 septembre 2017) qui s\u2019est d\u00e9roul\u00e9e de mani\u00e8re tr\u00e8s discr\u00e8te entre le 16 et 30 octobre 2017 en mairie de SMH. Pas de dossier d\u2019enqu\u00eate sur internet et le rapport n\u2019est toujours pas accessible sur le site de la M\u00e9tro.<\/p>\n<p style=\"text-align: justify;\">Seules 4 personnes physiques ont d\u00e9pos\u00e9 des contributions \u00e0 ce sujet\u00a0! Le 18 novembre 2017, la commissaire rend un avis favorable sans r\u00e9serve, soit trois jours seulement avant l\u2019ouverture d\u2019enqu\u00eate publique sur le permis de construire du projet commercial Neyrpic. Donc, comme nul n\u2019est cens\u00e9 ignorer la loi, le dossier de permis de construire mis \u00e0 enqu\u00eate aurait d\u00fb indiquer que cette portion de la rue Galil\u00e9e \u00e9tait toujours dans le domaine public et que le permis ne pourrait pas \u00eatre d\u00e9livr\u00e9 si cette rue n\u2019\u00e9tait pas d\u00e9class\u00e9e. Or au contraire le dossier de permis de construire mis \u00e0 enqu\u00eate indiquait bien que tout le domaine sur lequel le projet serait r\u00e9alis\u00e9 ne souffrait d\u2019aucune contrainte.<\/p>\n<p style=\"text-align: justify;\">Le 6 avril, le Conseil de la M\u00e9tro va d\u00e9lib\u00e9rer sur le d\u00e9classement de cette portion de domaine public et fixer un prix de vente. <strong>Si ce d\u00e9classement est refus\u00e9, le maire de SMH ne pourra pas d\u00e9livrer le permis de construire et le dossier devra \u00eatre revu. On verra alors qui sont les \u00e9lus pr\u00eats \u00e0 laisser se faire un tel projet qui manifestement ne r\u00e9pond pas \u00e0 l\u2019int\u00e9r\u00eat g\u00e9n\u00e9ral de l\u2019agglom\u00e9ration.<\/strong><\/p>\n","protected":false},"excerpt":{"rendered":"<p>Suite \u00e0 la remise du rapport et des conclusions du commissaire enqu\u00eateur qui a \u00e9mis des r\u00e9serves et des recommandations, le conseil municipal de Saint Martin d\u2019H\u00e8res (SMH) a d\u00e9lib\u00e9r\u00e9 le 27 mars 2018 pour lever les r\u00e9serves qui correspondaient \u00e0 ses comp\u00e9tences, malgr\u00e9 les nombreuses critiques des oppositions. Reste d\u2019autres r\u00e9serves et recommandations \u00e0 [&hellip;]<\/p>\n","protected":false},"author":1,"featured_media":0,"comment_status":"closed","ping_status":"open","sticky":false,"template":"","format":"standard","meta":{"twitterCardType":"","cardImageID":0,"cardImage":"","cardTitle":"","cardDesc":"","cardImageAlt":"","cardPlayer":"","cardPlayerWidth":0,"cardPlayerHeight":0,"cardPlayerStream":"","cardPlayerCodec":"","footnotes":""},"categories":[62,11],"tags":[202,32,65],"class_list":["post-14156","post","type-post","status-publish","format-standard","hentry","category-le-rouge-le-vert-hebdo","category-politique-locale","tag-commerce","tag-metro","tag-urbanisme"],"_links":{"self":[{"href":"https:\/\/www.ades-grenoble.org\/wordpress\/wp-json\/wp\/v2\/posts\/14156","targetHints":{"allow":["GET"]}}],"collection":[{"href":"https:\/\/www.ades-grenoble.org\/wordpress\/wp-json\/wp\/v2\/posts"}],"about":[{"href":"https:\/\/www.ades-grenoble.org\/wordpress\/wp-json\/wp\/v2\/types\/post"}],"author":[{"embeddable":true,"href":"https:\/\/www.ades-grenoble.org\/wordpress\/wp-json\/wp\/v2\/users\/1"}],"replies":[{"embeddable":true,"href":"https:\/\/www.ades-grenoble.org\/wordpress\/wp-json\/wp\/v2\/comments?post=14156"}],"version-history":[{"count":1,"href":"https:\/\/www.ades-grenoble.org\/wordpress\/wp-json\/wp\/v2\/posts\/14156\/revisions"}],"predecessor-version":[{"id":14157,"href":"https:\/\/www.ades-grenoble.org\/wordpress\/wp-json\/wp\/v2\/posts\/14156\/revisions\/14157"}],"wp:attachment":[{"href":"https:\/\/www.ades-grenoble.org\/wordpress\/wp-json\/wp\/v2\/media?parent=14156"}],"wp:term":[{"taxonomy":"category","embeddable":true,"href":"https:\/\/www.ades-grenoble.org\/wordpress\/wp-json\/wp\/v2\/categories?post=14156"},{"taxonomy":"post_tag","embeddable":true,"href":"https:\/\/www.ades-grenoble.org\/wordpress\/wp-json\/wp\/v2\/tags?post=14156"}],"curies":[{"name":"wp","href":"https:\/\/api.w.org\/{rel}","templated":true}]}}