{"id":14158,"date":"2018-04-06T14:55:40","date_gmt":"2018-04-06T12:55:40","guid":{"rendered":"http:\/\/www.ades-grenoble.org\/wordpress\/?p=14158"},"modified":"2018-04-06T15:16:52","modified_gmt":"2018-04-06T13:16:52","slug":"a-lill-il-faut-renforcer-la-securite","status":"publish","type":"post","link":"https:\/\/www.ades-grenoble.org\/wordpress\/2018\/04\/06\/a-lill-il-faut-renforcer-la-securite\/","title":{"rendered":"A l\u2019ILL, il faut renforcer la s\u00e9curit\u00e9"},"content":{"rendered":"<p style=\"text-align: justify;\"><img loading=\"lazy\" decoding=\"async\" class=\"size-full wp-image-8943 alignleft\" src=\"http:\/\/www.ades-grenoble.org\/wordpress\/wp-content\/uploads\/2014\/08\/NucleaireNonMerci.jpg\" alt=\"\" width=\"259\" height=\"194\" srcset=\"https:\/\/www.ades-grenoble.org\/wordpress\/wp-content\/uploads\/2014\/08\/NucleaireNonMerci.jpg 259w, https:\/\/www.ades-grenoble.org\/wordpress\/wp-content\/uploads\/2014\/08\/NucleaireNonMerci-150x112.jpg 150w\" sizes=\"auto, (max-width: 259px) 100vw, 259px\" \/>Vendredi 30 mars 2018, \u00ab\u00a0<em>le r\u00e9seau Sortir du nucl\u00e9aire<\/em>\u00a0\u00bb a d\u00e9pos\u00e9 une plainte aupr\u00e8s du Procureur de la R\u00e9publique de Grenoble contre l\u2019ILL et son directeur. L\u2019Institut Laue Langevin (ILL) est la derni\u00e8re installation nucl\u00e9aire de base (INB) situ\u00e9e sur la commune de Grenoble apr\u00e8s le d\u00e9mant\u00e8lement des INB du CEA, trois r\u00e9acteurs de recherche, des laboratoires et des stations de traitement des d\u00e9chets. D\u2019une puissance thermique de 58 MW, il d\u00e9livre des faisceaux de neutrons de faible \u00e9nergie, de haute qualit\u00e9 et de haute intensit\u00e9 pour des exp\u00e9riences de physique fondamentale. Install\u00e9 en pleine ville, dans une zone \u00e0 forte urbanisation, il est essentiel que les questions de s\u00e9curit\u00e9 soient trait\u00e9es avec la plus grande vigilance. De lourds investissements ont \u00e9t\u00e9 faits apr\u00e8s la catastrophe de Fukushima, notamment pour pr\u00e9venir le risque d\u2019inondation. Or ces derniers temps, plusieurs anomalies en mati\u00e8re de s\u00e9curit\u00e9 ont \u00e9t\u00e9 relev\u00e9es par l\u2019Autorit\u00e9 de S\u00fbret\u00e9 Nucl\u00e9aire (ASN)\u00a0: risque de chute de combustible dont l&rsquo;impact n&rsquo;est pas connu, d\u00e9cisions de modifications et travaux prises par l&rsquo;ILL avant d&rsquo;avoir obtenu d&rsquo;accord de l&rsquo;autorit\u00e9 de s\u00fbret\u00e9, absences de proc\u00e9dures et tra\u00e7abilit\u00e9 contraires \u00e0 la r\u00e9glementation des installations nucl\u00e9aires INB.<\/p>\n<p style=\"text-align: justify;\"><!--more--><br \/>\nLe r\u00e9sultat d&rsquo;une inspection de l&rsquo;ILL a fait l&rsquo;objet d&rsquo;un rapport du 15 f\u00e9vrier 2018 en page 30\/54 du document de la plainte du r\u00e9seau sortir du nucl\u00e9aire, ainsi que d&rsquo;une mise en demeure par l&rsquo;ASN (page 45\/54) : \u00ab\u00a0<em>D\u00e9cision n\u00b0 2018-DC-0623 de l\u2019Autorit\u00e9 de s\u00fbret\u00e9 nucl\u00e9aire du 6 f\u00e9vrier 2018 portant mise en demeure de l\u2019Institut Max von Laue-Paul Langevin (ILL) de se conformer \u00e0 diverses dispositions r\u00e9glementaires concernant les modifications de l\u2019installation nucl\u00e9aire de base n\u00b0 67 \u2013 R\u00e9acteur \u00e0 haut flux (RHF).\u00a0\u00bb<br \/>\n<\/em><br \/>\nPar ailleurs, une inspection le 23 janvier 2018 a fait l&rsquo;objet d&rsquo;une synth\u00e8se le 9 f\u00e9vrier 2018 (page 49\/54), qui semble montrer que les choses progressent un peu, mais sans doute pas assez vite ce qui a d\u00fb justifier la mise en demeure le 6 f\u00e9vrier 2018 par le pr\u00e9sident de l&rsquo;ASN.<\/p>\n<p>Un dossier \u00e0 suivre de pr\u00e8s.<\/p>\n<p style=\"text-align: justify;\">Pour lire la plainte, voir <a href=\"http:\/\/www.sortirdunucleaire.org\/ILL-infractions-en-pagaille\" target=\"_blank\" rel=\"noopener\">ici<\/a>.<\/p>\n<p style=\"text-align: justify;\">Pour suivre l\u2019activit\u00e9 de l\u2019ASN cliquez <a href=\"https:\/\/www.asn.fr\/\" target=\"_blank\" rel=\"noopener\">l\u00e0<\/a>.<\/p>\n","protected":false},"excerpt":{"rendered":"<p>Vendredi 30 mars 2018, \u00ab\u00a0le r\u00e9seau Sortir du nucl\u00e9aire\u00a0\u00bb a d\u00e9pos\u00e9 une plainte aupr\u00e8s du Procureur de la R\u00e9publique de Grenoble contre l\u2019ILL et son directeur. L\u2019Institut Laue Langevin (ILL) est la derni\u00e8re installation nucl\u00e9aire de base (INB) situ\u00e9e sur la commune de Grenoble apr\u00e8s le d\u00e9mant\u00e8lement des INB du CEA, trois r\u00e9acteurs de recherche, [&hellip;]<\/p>\n","protected":false},"author":1,"featured_media":0,"comment_status":"closed","ping_status":"open","sticky":false,"template":"","format":"standard","meta":{"twitterCardType":"","cardImageID":0,"cardImage":"","cardTitle":"","cardDesc":"","cardImageAlt":"","cardPlayer":"","cardPlayerWidth":0,"cardPlayerHeight":0,"cardPlayerStream":"","cardPlayerCodec":"","footnotes":""},"categories":[62,11],"tags":[64,256,118],"class_list":["post-14158","post","type-post","status-publish","format-standard","hentry","category-le-rouge-le-vert-hebdo","category-politique-locale","tag-nucleaire","tag-prevention","tag-risques-majeurs"],"_links":{"self":[{"href":"https:\/\/www.ades-grenoble.org\/wordpress\/wp-json\/wp\/v2\/posts\/14158","targetHints":{"allow":["GET"]}}],"collection":[{"href":"https:\/\/www.ades-grenoble.org\/wordpress\/wp-json\/wp\/v2\/posts"}],"about":[{"href":"https:\/\/www.ades-grenoble.org\/wordpress\/wp-json\/wp\/v2\/types\/post"}],"author":[{"embeddable":true,"href":"https:\/\/www.ades-grenoble.org\/wordpress\/wp-json\/wp\/v2\/users\/1"}],"replies":[{"embeddable":true,"href":"https:\/\/www.ades-grenoble.org\/wordpress\/wp-json\/wp\/v2\/comments?post=14158"}],"version-history":[{"count":1,"href":"https:\/\/www.ades-grenoble.org\/wordpress\/wp-json\/wp\/v2\/posts\/14158\/revisions"}],"predecessor-version":[{"id":14159,"href":"https:\/\/www.ades-grenoble.org\/wordpress\/wp-json\/wp\/v2\/posts\/14158\/revisions\/14159"}],"wp:attachment":[{"href":"https:\/\/www.ades-grenoble.org\/wordpress\/wp-json\/wp\/v2\/media?parent=14158"}],"wp:term":[{"taxonomy":"category","embeddable":true,"href":"https:\/\/www.ades-grenoble.org\/wordpress\/wp-json\/wp\/v2\/categories?post=14158"},{"taxonomy":"post_tag","embeddable":true,"href":"https:\/\/www.ades-grenoble.org\/wordpress\/wp-json\/wp\/v2\/tags?post=14158"}],"curies":[{"name":"wp","href":"https:\/\/api.w.org\/{rel}","templated":true}]}}