{"id":14167,"date":"2018-04-06T15:13:20","date_gmt":"2018-04-06T13:13:20","guid":{"rendered":"http:\/\/www.ades-grenoble.org\/wordpress\/?p=14167"},"modified":"2018-04-06T15:17:25","modified_gmt":"2018-04-06T13:17:25","slug":"agenda-81","status":"publish","type":"post","link":"https:\/\/www.ades-grenoble.org\/wordpress\/2018\/04\/06\/agenda-81\/","title":{"rendered":"Agenda"},"content":{"rendered":"<p style=\"text-align: justify;\"><strong><img loading=\"lazy\" decoding=\"async\" class=\"size-full wp-image-14168 alignleft\" src=\"http:\/\/www.ades-grenoble.org\/wordpress\/wp-content\/uploads\/2018\/04\/barrage-chambon.jpg\" alt=\"\" width=\"300\" height=\"168\" srcset=\"https:\/\/www.ades-grenoble.org\/wordpress\/wp-content\/uploads\/2018\/04\/barrage-chambon.jpg 300w, https:\/\/www.ades-grenoble.org\/wordpress\/wp-content\/uploads\/2018\/04\/barrage-chambon-150x84.jpg 150w\" sizes=\"auto, (max-width: 300px) 100vw, 300px\" \/>Dimanche 8 avril<\/strong>, mobilisation pour la d\u00e9fense de la gestion publique des barrages\u00a0menac\u00e9e par l\u2019ouverture \u00e0 la concurrence de la gestion des ouvrages hydraulique. <strong>Une cha\u00eene humaine\u00a0se formera au barrage du Sautet (Is\u00e8re) pour s\u2019opposer au bradage du patrimoine hydraulique de notre pays.<\/strong> <strong>Rendez-vous sur le barrage \u00e0 12h30 ou \u00e0 10h15, place\u00a0de la gare de Grenoble\u00a0pour un d\u00e9part en covoiturage. <\/strong>Pour signer la p\u00e9tition <em>cliquez <a href=\"https:\/\/www.petitions24.net\/contre_louverture_a_la_concurrence_des_ouvrages_hydroelectriques\" target=\"_blank\" rel=\"noopener\">ici<\/a>. <\/em><\/p>\n<hr \/>\n<p style=\"text-align: justify;\"><strong>Mardi 10 avril 2018, la biblioth\u00e8que Alliance <\/strong>ouvre suite aux de travaux de r\u00e9am\u00e9nagement. La biblioth\u00e8que r\u00e9nov\u00e9e permettra de profiter d\u2019espaces plus conviviaux et chaleureux, de l\u2019int\u00e9rieur aux terrasses donnant sur le parc. Ce projet r\u00e9pond \u00e0 deux objectifs : la modularit\u00e9 (un espace adaptable selon les usages) et l\u2019ouverture (davantage de lumi\u00e8re et ouverture sur le parc par sa terrasse et son escalier ext\u00e9rieur). Une \u00e9quipe de cinq agents sera \u00e0 la disposition des usagers, sur une amplitude horaire hebdomadaire de 18h.<\/p>\n","protected":false},"excerpt":{"rendered":"<p>Dimanche 8 avril, mobilisation pour la d\u00e9fense de la gestion publique des barrages\u00a0menac\u00e9e par l\u2019ouverture \u00e0 la concurrence de la gestion des ouvrages hydraulique. Une cha\u00eene humaine\u00a0se formera au barrage du Sautet (Is\u00e8re) pour s\u2019opposer au bradage du patrimoine hydraulique de notre pays. Rendez-vous sur le barrage \u00e0 12h30 ou \u00e0 10h15, place\u00a0de la gare [&hellip;]<\/p>\n","protected":false},"author":1,"featured_media":0,"comment_status":"closed","ping_status":"open","sticky":false,"template":"","format":"standard","meta":{"twitterCardType":"","cardImageID":0,"cardImage":"","cardTitle":"","cardDesc":"","cardImageAlt":"","cardPlayer":"","cardPlayerWidth":0,"cardPlayerHeight":0,"cardPlayerStream":"","cardPlayerCodec":"","footnotes":""},"categories":[62,11],"tags":[125],"class_list":["post-14167","post","type-post","status-publish","format-standard","hentry","category-le-rouge-le-vert-hebdo","category-politique-locale","tag-agenda"],"_links":{"self":[{"href":"https:\/\/www.ades-grenoble.org\/wordpress\/wp-json\/wp\/v2\/posts\/14167","targetHints":{"allow":["GET"]}}],"collection":[{"href":"https:\/\/www.ades-grenoble.org\/wordpress\/wp-json\/wp\/v2\/posts"}],"about":[{"href":"https:\/\/www.ades-grenoble.org\/wordpress\/wp-json\/wp\/v2\/types\/post"}],"author":[{"embeddable":true,"href":"https:\/\/www.ades-grenoble.org\/wordpress\/wp-json\/wp\/v2\/users\/1"}],"replies":[{"embeddable":true,"href":"https:\/\/www.ades-grenoble.org\/wordpress\/wp-json\/wp\/v2\/comments?post=14167"}],"version-history":[{"count":1,"href":"https:\/\/www.ades-grenoble.org\/wordpress\/wp-json\/wp\/v2\/posts\/14167\/revisions"}],"predecessor-version":[{"id":14169,"href":"https:\/\/www.ades-grenoble.org\/wordpress\/wp-json\/wp\/v2\/posts\/14167\/revisions\/14169"}],"wp:attachment":[{"href":"https:\/\/www.ades-grenoble.org\/wordpress\/wp-json\/wp\/v2\/media?parent=14167"}],"wp:term":[{"taxonomy":"category","embeddable":true,"href":"https:\/\/www.ades-grenoble.org\/wordpress\/wp-json\/wp\/v2\/categories?post=14167"},{"taxonomy":"post_tag","embeddable":true,"href":"https:\/\/www.ades-grenoble.org\/wordpress\/wp-json\/wp\/v2\/tags?post=14167"}],"curies":[{"name":"wp","href":"https:\/\/api.w.org\/{rel}","templated":true}]}}