{"id":14195,"date":"2018-04-13T10:26:06","date_gmt":"2018-04-13T08:26:06","guid":{"rendered":"http:\/\/www.ades-grenoble.org\/wordpress\/?p=14195"},"modified":"2018-04-13T11:01:45","modified_gmt":"2018-04-13T09:01:45","slug":"tarification-sociale-de-leau-prolongation-de-lexperimentation-en-vue","status":"publish","type":"post","link":"https:\/\/www.ades-grenoble.org\/wordpress\/2018\/04\/13\/tarification-sociale-de-leau-prolongation-de-lexperimentation-en-vue\/","title":{"rendered":"Tarification sociale de l\u2019eau, prolongation de l\u2019exp\u00e9rimentation en vue"},"content":{"rendered":"<p style=\"text-align: justify;\"><img loading=\"lazy\" decoding=\"async\" class=\"size-full wp-image-9433 alignleft\" src=\"http:\/\/www.ades-grenoble.org\/wordpress\/wp-content\/uploads\/2014\/12\/robinet-qui-coule1.jpg\" alt=\"\" width=\"276\" height=\"183\" srcset=\"https:\/\/www.ades-grenoble.org\/wordpress\/wp-content\/uploads\/2014\/12\/robinet-qui-coule1.jpg 276w, https:\/\/www.ades-grenoble.org\/wordpress\/wp-content\/uploads\/2014\/12\/robinet-qui-coule1-150x99.jpg 150w\" sizes=\"auto, (max-width: 276px) 100vw, 276px\" \/>Le service public de l\u2019eau est un service industriel et commercial ce qui lui interdit de faire de la tarification sociale car l\u2019eau doit payer l\u2019eau et pas la solidarit\u00e9. Mais en 2013 la loi dite Brottes a instaur\u00e9 en son article 28 une possibilit\u00e9 d\u2019exp\u00e9rimentation d\u2019une tarification sociale durant une p\u00e9riode de 5 ans. L\u2019exp\u00e9rimentation devait donc se terminer le 15 avril 2018. Mais cette exp\u00e9rimentation a mis longtemps \u00e0 se mettre en place et de nombreuses collectivit\u00e9s l\u2019ont d\u00e9marr\u00e9 tard et les rapports d&rsquo;\u00e9valuation pr\u00e9vus par l&rsquo;article 28 de la loi Brottes n&rsquo;ont pas \u00e9t\u00e9 remis, ce qui interdit de se prononcer maintenant sur une \u00e9ventuelle g\u00e9n\u00e9ralisation.<\/p>\n<p style=\"text-align: justify;\">Ce sont donc environ 10\u00a0000 m\u00e9nages m\u00e9tropolitains qui profitent d\u2019un ch\u00e8que eau qui vient d\u2019\u00eatre mis en place par une convention entre la M\u00e9tro et la CAF.<\/p>\n<p style=\"text-align: justify;\">Une proposition de loi est en train d\u2019\u00eatre adopt\u00e9e par le parlement pour prolonger la p\u00e9riode d\u2019exp\u00e9rimentations de 3 ans, c\u2019est \u00e0 dire jusqu\u2019au 15 avril 2021. Cette prorogation est uniquement applicable aux collectivit\u00e9s s\u2019\u00e9tant d\u00e9j\u00e0 engag\u00e9es dans l&rsquo;exp\u00e9rimentation, mais celles-ci devront faire une demande formalis\u00e9e de prolongation, \u00e0 d\u00e9poser aupr\u00e8s du pr\u00e9fet du d\u00e9partement avant le 31 d\u00e9cembre 2018. Elles devront aussi en informer l&rsquo;agence de l&rsquo;eau.<\/p>\n<p style=\"text-align: justify;\"><!--more--><\/p>\n<p style=\"text-align: justify;\">On connaitra alors les collectivit\u00e9s et les groupements de collectivit\u00e9s qui ont \u00e9t\u00e9 retenues pour continuer l\u2019exp\u00e9rimentation par un d\u00e9cret. La proposition de loi dite Brottes pr\u00e9cise qu&rsquo;\u00e0 l&rsquo;issue de l\u2019exp\u00e9rimentation, les solutions mises en \u0153uvre qui se seront r\u00e9v\u00e9l\u00e9es les plus pertinentes pourront, le cas \u00e9ch\u00e9ant, \u00eatre g\u00e9n\u00e9ralis\u00e9es \u00e0 l&rsquo;ensemble du territoire.<\/p>\n<p style=\"text-align: justify;\">Au total, ces exp\u00e9rimentations couvrent environ douze millions d&rsquo;habitants, dont environ 15% &#8211; soit 1,8 million de personnes &#8211; b\u00e9n\u00e9ficient d\u2019une tarification sociale de l&rsquo;eau.<\/p>\n<p style=\"text-align: justify;\">Ce sont donc 10\u00a0000 m\u00e9nages m\u00e9tropolitains qui re\u00e7oivent \u00ab\u00a0un ch\u00e8que eau\u00a0\u00bb lequel montant est calcul\u00e9 sur une consommation d\u2019eau th\u00e9orique qui d\u00e9pend de la composition du m\u00e9nage et du tarif de la commune. Tous les usagers finaux ne re\u00e7oivent pas tous, loin de l\u00e0, une facture du service public. Dans l\u2019agglom\u00e9ration, il y a de nombreux habitants d\u2019immeubles collectifs, notamment sociaux, qui n\u2019ont pas de compteurs d\u2019eau individuels du service public et la R\u00e9gie des Eaux ne connait pas leur consommation r\u00e9elle. Le syst\u00e8me de facture th\u00e9orique permet de s\u2019affranchir de cette difficult\u00e9. Le ch\u00e8que eau est envoy\u00e9 par la SPL Eaux de Grenoble Alpes d\u00e8s que la facture th\u00e9orique d\u00e9passe les 2,5% des revenus du m\u00e9nage et repr\u00e9sente le d\u00e9passement de ce seuil. Le montant moyen du ch\u00e8que eau est de 53 \u20ac et varie entre 10 et 440 \u20ac. Si le m\u00e9nage qui est accessible au ch\u00e8que eau fait d\u2019importantes \u00e9conomies de consommation d\u2019eau, son ch\u00e8que eau pourra lui rembourser au-del\u00e0 des 2,5 % de ses revenus. Ce syst\u00e8me encourage \u00e0 la maitrise des consommations.<\/p>\n<p style=\"text-align: justify;\"><a href=\"http:\/\/www.comitenationaldeleau.fr\/webfm_send\/1333\" target=\"_blank\" rel=\"noopener\">Le comit\u00e9 national de l\u2019eau a fait un rapport en 2017<\/a> sur les diff\u00e9rentes exp\u00e9rimentations qui ont fonctionn\u00e9 (pas celle de Grenoble qui a d\u00e9marr\u00e9 plus tard)\u00a0:<\/p>\n<p style=\"text-align: justify;\"><em>\u00ab\u00a0Sur la base de 26 collectivit\u00e9s, le rapport du CNE d\u2019avril 2017 propose un recensement du recours aux diff\u00e9rentes d\u00e9rogations par les collectivit\u00e9s et groupements, parfois de mani\u00e8re cumulative : <\/em><\/p>\n<ul style=\"text-align: justify;\">\n<li><em>18 ont recours au versement d\u2019aides ; <\/em><\/li>\n<li><em>10 ont recours \u00e0 la modulation tarifaire, par une diff\u00e9renciation des tranches, une premi\u00e8re tranche gratuite, une modulation de la part variable (baisse du prix par m3 d\u2019eau consomm\u00e9e) et\/ou une modulation de la part fixe (g\u00e9n\u00e9ralement une exon\u00e9ration) ; <\/em><\/li>\n<li><em>11 ont recours \u00e0 l\u2019utilisation accrue du fonds de solidarit\u00e9 pour le logement ; <\/em><\/li>\n<li><em>3 ont recours \u00e0 l\u2019abondement du dispositif par leur budget g\u00e9n\u00e9ral\u00a0\u00bb<\/em><\/li>\n<\/ul>\n<p style=\"text-align: justify;\">\n","protected":false},"excerpt":{"rendered":"<p>Le service public de l\u2019eau est un service industriel et commercial ce qui lui interdit de faire de la tarification sociale car l\u2019eau doit payer l\u2019eau et pas la solidarit\u00e9. Mais en 2013 la loi dite Brottes a instaur\u00e9 en son article 28 une possibilit\u00e9 d\u2019exp\u00e9rimentation d\u2019une tarification sociale durant une p\u00e9riode de 5 ans. [&hellip;]<\/p>\n","protected":false},"author":1,"featured_media":0,"comment_status":"closed","ping_status":"open","sticky":false,"template":"","format":"standard","meta":{"twitterCardType":"","cardImageID":0,"cardImage":"","cardTitle":"","cardDesc":"","cardImageAlt":"","cardPlayer":"","cardPlayerWidth":0,"cardPlayerHeight":0,"cardPlayerStream":"","cardPlayerCodec":"","footnotes":""},"categories":[62,11],"tags":[232,181,33],"class_list":["post-14195","post","type-post","status-publish","format-standard","hentry","category-le-rouge-le-vert-hebdo","category-politique-locale","tag-eau","tag-precarite","tag-social"],"_links":{"self":[{"href":"https:\/\/www.ades-grenoble.org\/wordpress\/wp-json\/wp\/v2\/posts\/14195","targetHints":{"allow":["GET"]}}],"collection":[{"href":"https:\/\/www.ades-grenoble.org\/wordpress\/wp-json\/wp\/v2\/posts"}],"about":[{"href":"https:\/\/www.ades-grenoble.org\/wordpress\/wp-json\/wp\/v2\/types\/post"}],"author":[{"embeddable":true,"href":"https:\/\/www.ades-grenoble.org\/wordpress\/wp-json\/wp\/v2\/users\/1"}],"replies":[{"embeddable":true,"href":"https:\/\/www.ades-grenoble.org\/wordpress\/wp-json\/wp\/v2\/comments?post=14195"}],"version-history":[{"count":1,"href":"https:\/\/www.ades-grenoble.org\/wordpress\/wp-json\/wp\/v2\/posts\/14195\/revisions"}],"predecessor-version":[{"id":14196,"href":"https:\/\/www.ades-grenoble.org\/wordpress\/wp-json\/wp\/v2\/posts\/14195\/revisions\/14196"}],"wp:attachment":[{"href":"https:\/\/www.ades-grenoble.org\/wordpress\/wp-json\/wp\/v2\/media?parent=14195"}],"wp:term":[{"taxonomy":"category","embeddable":true,"href":"https:\/\/www.ades-grenoble.org\/wordpress\/wp-json\/wp\/v2\/categories?post=14195"},{"taxonomy":"post_tag","embeddable":true,"href":"https:\/\/www.ades-grenoble.org\/wordpress\/wp-json\/wp\/v2\/tags?post=14195"}],"curies":[{"name":"wp","href":"https:\/\/api.w.org\/{rel}","templated":true}]}}